{"id":2120171,"date":"2026-08-30T15:41:34","date_gmt":"2026-08-30T12:41:34","guid":{"rendered":"https:\/\/analyse.optim.biz\/?p=2120171"},"modified":"2026-08-30T15:41:34","modified_gmt":"2026-08-30T12:41:34","slug":"dominic-fritz-timisoara-ramane-pe-mainile-bune-ale-echipei-mele-ce-spune-primarul-despre-ce-urmeaza","status":"publish","type":"post","link":"https:\/\/analyse.optim.biz\/?p=2120171","title":{"rendered":"Dominic Fritz: \u201eTimi\u0219oara r\u0103m\u00e2ne pe m\u00e2inile bune ale echipei mele\u201d. Ce spune primarul despre ce urmeaz\u0103"},"content":{"rendered":"<p>[analyse_image type=&#8221;featured&#8221; src=&#8221;https:\/\/orasul-timisoara.ro\/wp-content\/uploads\/2026\/08\/fritz-sustinatori.jpg&#8221;]<\/p>\n<article id=\"post-40635\" class=\"td-post-template-7 post-40635 post type-post status-publish format-standard has-post-thumbnail category-featured category-stiri-timisoara tag-administratia-timisoara tag-dominic-fritz tag-legea-ani tag-matei-creiveanu tag-paula-romocean tag-politica-timis-3 tag-primaria-timisoara-2 tag-ruben-latcau-2 tag-timisoara-2 tag-usr td-container-wrap\">\n<div class=\"td-full-screen-header-image-wrap\">\n<div class=\"td-container td-post-header\">\n<div class=\"td-crumb-container\">\n<div class=\"entry-crumbs\"><span><a title=\"Vede\u021bi toate articolele \u00een \u0218tiri Locale\" class=\"entry-crumb\" href=\"https:\/\/orasul-timisoara.ro\/local-category\/stiri-timisoara\/\">\u0218tiri Locale<\/a><\/span><span class=\"td-bred-no-url-last\">Dominic Fritz: \u201eTimi\u0219oara r\u0103m\u00e2ne pe m\u00e2inile bune ale echipei mele\u201d. Ce spune&#8230;<\/span><\/div>\n<\/div>\n<div class=\"td-post-header-holder\">\n<div class=\"td-parallax-header\">\n<header class=\"td-post-title\">\n<ul class=\"td-category\">\n<li class=\"entry-category\"><a href=\"https:\/\/orasul-timisoara.ro\/local-category\/stiri-timisoara\/\">\u0218tiri Locale<\/a><\/li>\n<\/ul>\n<h1 class=\"entry-title\">Dominic Fritz: \u201eTimi\u0219oara r\u0103m\u00e2ne pe m\u00e2inile bune ale echipei mele\u201d. Ce spune primarul despre ce urmeaz\u0103<\/h1>\n<div class=\"td-module-meta-info\">\n<div class=\"td-post-author-name\">\n<div class=\"td-author-by\">De c\u0103tre<\/div>\n<p><a href=\"https:\/\/orasul-timisoara.ro\/author\/timisoara\/\">redactia<\/a><\/p>\n<div class=\"td-author-line\"> &#8211; <\/div>\n<\/div>\n<p><span class=\"td-post-date\"><time class=\"entry-date updated td-module-date\" datetime=\"2026-08-30T18:41:34+03:00\">30\/08\/2026<\/time><\/span><\/div>\n<\/header>\n<\/div>\n<\/div>\n<\/div>\n<div id=\"td-full-screen-header-image\" class=\"td-image-gradient-style7\"><img decoding=\"async\" class=\"td-backstretch\" src=\"https:\/\/orasul-timisoara.ro\/wp-content\/uploads\/2026\/08\/fritz-sustinatori.jpg\"><\/div>\n<\/div>\n<div class=\"td-container\">\n<div class=\"td-pb-row\">\n<div class=\"td-pb-span8 td-main-content\" role=\"main\">\n<div class=\"td-ss-main-content\">\n<div class=\"td-post-sharing-top\">\n<div class=\"td-post-sharing-classic\"><iframe title=\"topFacebookLike\" frameborder src=\"https:\/\/www.facebook.com\/plugins\/like.php?href=https:\/\/orasul-timisoara.ro\/local-40635\/&amp;layout=button_count&amp;show_faces=false&amp;width=105&amp;action=like&amp;colorscheme=light&amp;height=21\"><\/iframe><\/div>\n<div id=\"td_social_sharing_article_top\" class=\"td-post-sharing td-ps-bg td-ps-notext td-post-sharing-style1 \">\n<div class=\"td-post-sharing-visible\"><a class=\"td-social-sharing-button td-social-sharing-button-js td-social-network td-social-facebook\" href=\"https:\/\/www.facebook.com\/sharer.php?u=https%3A%2F%2Forasul-timisoara.ro%2Flocal-40635%2F\" title=\"Facebook\"><\/p>\n<div class=\"td-social-but-text\">Facebook<\/div>\n<p><\/a><a class=\"td-social-sharing-button td-social-sharing-button-js td-social-network td-social-twitter\" href=\"https:\/\/twitter.com\/intent\/tweet?text=Dominic+Fritz%3A+%E2%80%9ETimi%C8%99oara+r%C4%83m%C3%A2ne+pe+m%C3%A2inile+bune+ale+echipei+mele%E2%80%9D.+Ce+spune+primarul+despre+ce+urmeaz%C4%83&amp;url=https%3A%2F%2Forasul-timisoara.ro%2Flocal-40635%2F&amp;via=orasultm\" title=\"Twitter\"><\/p>\n<div class=\"td-social-but-text\">Twitter<\/div>\n<p><\/a><a class=\"td-social-sharing-button td-social-sharing-button-js td-social-network td-social-whatsapp\" href=\"https:\/\/api.whatsapp.com\/send?text=Dominic+Fritz%3A+%E2%80%9ETimi%C8%99oara+r%C4%83m%C3%A2ne+pe+m%C3%A2inile+bune+ale+echipei+mele%E2%80%9D.+Ce+spune+primarul+despre+ce+urmeaz%C4%83%20%0A%0A%20https:\/\/orasul-timisoara.ro\/local-40635\/\" title=\"WhatsApp\"><\/p>\n<div class=\"td-social-but-text\">WhatsApp<\/div>\n<p><\/a><a class=\"td-social-sharing-button td-social-sharing-button-js td-social-network td-social-linkedin\" href=\"https:\/\/www.linkedin.com\/shareArticle?mini=true&amp;url=https:\/\/orasul-timisoara.ro\/local-40635\/&amp;title=Dominic+Fritz%3A+%E2%80%9ETimi%C8%99oara+r%C4%83m%C3%A2ne+pe+m%C3%A2inile+bune+ale+echipei+mele%E2%80%9D.+Ce+spune+primarul+despre+ce+urmeaz%C4%83\" title=\"Linkedin\"><\/p>\n<div class=\"td-social-but-text\">Linkedin<\/div>\n<p><\/a><a class=\"td-social-sharing-button td-social-sharing-button-js td-social-network td-social-reddit\" href=\"https:\/\/reddit.com\/submit?url=https:\/\/orasul-timisoara.ro\/local-40635\/&amp;title=Dominic+Fritz%3A+%E2%80%9ETimi%C8%99oara+r%C4%83m%C3%A2ne+pe+m%C3%A2inile+bune+ale+echipei+mele%E2%80%9D.+Ce+spune+primarul+despre+ce+urmeaz%C4%83\" title=\"ReddIt\"><\/p>\n<div class=\"td-social-but-text\">ReddIt<\/div>\n<p><\/a><a class=\"td-social-sharing-button td-social-sharing-button-js td-social-network td-social-mail\" href=\"mailto:?subject=Dominic%20Fritz:%20%E2%80%9ETimi%C8%99oara%20r%C4%83m%C3%A2ne%20pe%20m%C3%A2inile%20bune%20ale%20echipei%20mele%E2%80%9D.%20Ce%20spune%20primarul%20despre%20ce%20urmeaz%C4%83&amp;body=https:\/\/orasul-timisoara.ro\/local-40635\/\" title=\"Email\"><\/p>\n<div class=\"td-social-but-text\">Email<\/div>\n<p><\/a><a class=\"td-social-sharing-button td-social-sharing-button-js td-social-network td-social-print\" href=\"https:\/\/orasul-timisoara.ro\/local-40635\/\" title=\"Imprimare\"><\/p>\n<div class=\"td-social-but-text\">Imprimare<\/div>\n<p><\/a><\/div>\n<\/div>\n<\/div>\n<div class=\"td-post-content tagdiv-type\">\n<p class=\"wp-block-paragraph\">Dominic Fritz transmite c\u0103 proiectele Timi\u0219oarei vor continua dup\u0103 \u00eencetarea mandatului s\u0103u de primar, afirm\u00e2nd c\u0103 \u00een ultimii ani a fost construit\u0103 o echip\u0103 administrativ\u0103 care poate duce mai departe proiectele \u00eencepute. \u00centr-un mesaj adresat timi\u0219orenilor, Fritz spune c\u0103 activitatea municipalit\u0103\u021bii va continua sub coordonarea viceprimarilor Ruben La\u021bc\u0103u \u0219i Paula Romocean, precum \u0219i a administratorului public Matei Creiveanu.<\/p>\n<p class=\"wp-block-paragraph\">Mesajul vine \u00een contextul promulg\u0103rii legii ANI care con\u021bine amendamentul \u00een urma c\u0103ruia mandatul lui Dominic Fritz urmeaz\u0103 s\u0103 \u00eenceteze.<\/p>\n<h2 class=\"wp-block-heading\">Dominic Fritz: \u201eTimi\u0219oara r\u0103m\u00e2ne pe m\u00e2inile bune ale echipei mele\u201d<\/h2>\n<p class=\"wp-block-paragraph\">Primarul Timi\u0219oarei spune c\u0103 a primit \u00een ultimele zile mii de mesaje de la oameni care l-au \u00eentrebat ce se va \u00eent\u00e2mpla mai departe \u0219i afirm\u0103 c\u0103 a discutat despre aceast\u0103 situa\u021bie cu colegi din USR, simpatizan\u021bi \u0219i timi\u0219oreni.<\/p>\n<p class=\"wp-block-paragraph\">Fritz sus\u021bine c\u0103 administra\u021bia local\u0103 are \u00een acest moment o structur\u0103 capabil\u0103 s\u0103 continue proiectele aflate \u00een derulare.<\/p>\n<p class=\"wp-block-paragraph\">\u201e\u00cen Prim\u0103rie \u00een ultimii ani am construit o echip\u0103 solid\u0103 \u0219i un sistem de lucru care vor duce mai departe munca \u00eenceput\u0103. Proiectele Timi\u0219oarei vor continua sub coordonarea celor doi viceprimari USR, Ruben La\u021bc\u0103u \u0219i Paula Romocean, \u0219i a administratorului public Matei Creiveanu\u201d, a transmis Dominic Fritz.<\/p>\n<p class=\"wp-block-paragraph\">Primarul afirm\u0103 c\u0103 Timi\u0219oara va continua s\u0103 treac\u0103 printr-o perioad\u0103 cu numeroase lucr\u0103ri \u0219i investi\u021bii, enumer\u00e2nd proiectele pe care administra\u021bia le are \u00een vedere: absorb\u021bia fondurilor europene, construc\u021bia unor noi poduri, modernizarea \u0219colilor \u0219i eficientizarea transportului public.<\/p>\n<p class=\"wp-block-paragraph\">\u201eTimi\u0219oara r\u0103m\u00e2ne pe m\u00e2inile bune ale echipei mele. R\u0103bdarea oamenilor va fi \u00een continuare testat\u0103 de at\u00e2tea \u0219antiere, absorb\u021bia de fonduri europene va continua, noi poduri vor fi construite, \u0219coli modernizate \u0219i transportul public mai eficient\u201d, spune Fritz.<\/p>\n<h2 class=\"wp-block-heading\">Fritz spune c\u0103 va r\u0103m\u00e2ne implicat \u00een politica din Timi\u0219oara \u0219i Rom\u00e2nia<\/h2>\n<p class=\"wp-block-paragraph\">Chiar dac\u0103 mandatul s\u0103u de primar urmeaz\u0103 s\u0103 \u00eenceteze, Dominic Fritz afirm\u0103 c\u0103 nu inten\u021bioneaz\u0103 s\u0103 ias\u0103 din via\u021ba public\u0103.<\/p>\n<p class=\"wp-block-paragraph\">Acesta spune c\u0103 va r\u0103m\u00e2ne implicat \u00een comunitatea timi\u0219orean\u0103 \u0219i \u00ee\u0219i va continua activitatea \u00een calitate de pre\u0219edinte al USR.<\/p>\n<p class=\"wp-block-paragraph\">\u201eEu voi r\u0103m\u00e2ne timi\u0219orean implicat. \u0218i pre\u0219edinte USR. \u0218i din aceste pozi\u021bii m\u0103 voi bate \u00een continuare, \u00eempreun\u0103 cu voi, cu caracati\u021ba care de 36 de ani sufoc\u0103 Rom\u00e2nia\u201d, a transmis liderul USR.<\/p>\n<p class=\"wp-block-paragraph\">Fritz sus\u021bine c\u0103 schimbarea Rom\u00e2niei presupune o implicare mai larg\u0103 \u0219i \u00eei \u00eendeamn\u0103 pe cei care \u00eei \u00eemp\u0103rt\u0103\u0219esc viziunea s\u0103 se al\u0103ture demersului politic.<\/p>\n<p class=\"wp-block-paragraph\">\u201eSperan\u021ba c\u0103 \u00eempreun\u0103 suntem contra-for\u021ba la aceast\u0103 mafie este crucial\u0103. Dar \u0219tim cu to\u021bii c\u0103 nu este suficient s\u0103 ne lupt\u0103m de la o zi la alta. Avem nevoie s\u0103 fim c\u00e2t mai mul\u021bi ca s\u0103 putem schimba regulile jocului\u201d, afirm\u0103 Dominic Fritz.<\/p>\n<h2 class=\"wp-block-heading\">\u201eNimeni nu poate r\u0103m\u00e2ne pe margine\u201d<\/h2>\n<p class=\"wp-block-paragraph\">\u00cen finalul mesajului, Dominic Fritz lanseaz\u0103 un apel direct c\u0103tre cei care vor s\u0103 se implice \u00een proiectul politic pe care \u00eel promoveaz\u0103.<\/p>\n<p class=\"wp-block-paragraph\">\u201eIar pentru asta e nevoie de fiecare dintre voi. Nimeni nu poate r\u0103m\u00e2ne pe margine\u201d, spune Fritz.<\/p>\n<p class=\"wp-block-paragraph\">Acesta \u00eei \u00eendeamn\u0103 pe cei interesa\u021bi s\u0103 \u00ee\u0219i lase datele de contact pe site-ul s\u0103u pentru a se implica.<\/p>\n<p class=\"wp-block-paragraph\">Mesajul lui Dominic Fritz vine cu pu\u021bin timp \u00eenainte de schimbarea situa\u021biei administrative de la Prim\u0103ria Timi\u0219oara \u0219i indic\u0103 faptul c\u0103, \u00een perspectiva sa, \u00eencetarea mandatului de primar nu \u00eenseamn\u0103 \u0219i \u00eencheierea activit\u0103\u021bii sale politice.<\/p>\n<p class=\"wp-block-paragraph\">\u201e\u00cenainte, \u00eempreun\u0103\u201d, \u00ee\u0219i \u00eencheie Dominic Fritz mesajul adresat timi\u0219orenilor.<\/p>\n<\/div>\n<footer>\n<div class=\"td-post-source-tags\">\n<ul class=\"td-tags td-post-small-box clearfix\">\n<li><span>ETICHETE<\/span><\/li>\n<li><a href=\"https:\/\/orasul-timisoara.ro\/local-tag\/administratia-timisoara\/\">administra\u021bia Timi\u0219oara<\/a><\/li>\n<li><a href=\"https:\/\/orasul-timisoara.ro\/local-tag\/dominic-fritz\/\">dominic fritz<\/a><\/li>\n<li><a href=\"https:\/\/orasul-timisoara.ro\/local-tag\/legea-ani\/\">legea ANI<\/a><\/li>\n<li><a href=\"https:\/\/orasul-timisoara.ro\/local-tag\/matei-creiveanu\/\">matei creiveanu<\/a><\/li>\n<li><a href=\"https:\/\/orasul-timisoara.ro\/local-tag\/paula-romocean\/\">paula romocean<\/a><\/li>\n<li><a href=\"https:\/\/orasul-timisoara.ro\/local-tag\/politica-timis-3\/\">politica Timi\u0219<\/a><\/li>\n<li><a href=\"https:\/\/orasul-timisoara.ro\/local-tag\/primaria-timisoara-2\/\">Prim\u0103ria Timi\u0219oara<\/a><\/li>\n<li><a href=\"https:\/\/orasul-timisoara.ro\/local-tag\/ruben-latcau-2\/\">Ruben La\u021bc\u0103u<\/a><\/li>\n<li><a href=\"https:\/\/orasul-timisoara.ro\/local-tag\/timisoara-2\/\">timi\u0219oara<\/a><\/li>\n<li><a href=\"https:\/\/orasul-timisoara.ro\/local-tag\/usr\/\">usr<\/a><\/li>\n<\/ul>\n<\/div>\n<div class=\"td-post-sharing-bottom\">\n<div class=\"td-post-sharing-classic\"><iframe title=\"bottomFacebookLike\" frameborder src=\"https:\/\/www.facebook.com\/plugins\/like.php?href=https:\/\/orasul-timisoara.ro\/local-40635\/&amp;layout=button_count&amp;show_faces=false&amp;width=105&amp;action=like&amp;colorscheme=light&amp;height=21\"><\/iframe><\/div>\n<div id=\"td_social_sharing_article_bottom\" class=\"td-post-sharing td-ps-bg td-ps-notext td-post-sharing-style1 \">\n<div class=\"td-post-sharing-visible\"><a class=\"td-social-sharing-button td-social-sharing-button-js td-social-network td-social-facebook\" href=\"https:\/\/www.facebook.com\/sharer.php?u=https%3A%2F%2Forasul-timisoara.ro%2Flocal-40635%2F\" title=\"Facebook\"><\/p>\n<div class=\"td-social-but-text\">Facebook<\/div>\n<p><\/a><a class=\"td-social-sharing-button td-social-sharing-button-js td-social-network td-social-twitter\" href=\"https:\/\/twitter.com\/intent\/tweet?text=Dominic+Fritz%3A+%E2%80%9ETimi%C8%99oara+r%C4%83m%C3%A2ne+pe+m%C3%A2inile+bune+ale+echipei+mele%E2%80%9D.+Ce+spune+primarul+despre+ce+urmeaz%C4%83&amp;url=https%3A%2F%2Forasul-timisoara.ro%2Flocal-40635%2F&amp;via=orasultm\" title=\"Twitter\"><\/p>\n<div class=\"td-social-but-text\">Twitter<\/div>\n<p><\/a><a class=\"td-social-sharing-button td-social-sharing-button-js td-social-network td-social-whatsapp\" href=\"https:\/\/api.whatsapp.com\/send?text=Dominic+Fritz%3A+%E2%80%9ETimi%C8%99oara+r%C4%83m%C3%A2ne+pe+m%C3%A2inile+bune+ale+echipei+mele%E2%80%9D.+Ce+spune+primarul+despre+ce+urmeaz%C4%83%20%0A%0A%20https:\/\/orasul-timisoara.ro\/local-40635\/\" title=\"WhatsApp\"><\/p>\n<div class=\"td-social-but-text\">WhatsApp<\/div>\n<p><\/a><a class=\"td-social-sharing-button td-social-sharing-button-js td-social-network td-social-linkedin\" href=\"https:\/\/www.linkedin.com\/shareArticle?mini=true&amp;url=https:\/\/orasul-timisoara.ro\/local-40635\/&amp;title=Dominic+Fritz%3A+%E2%80%9ETimi%C8%99oara+r%C4%83m%C3%A2ne+pe+m%C3%A2inile+bune+ale+echipei+mele%E2%80%9D.+Ce+spune+primarul+despre+ce+urmeaz%C4%83\" title=\"Linkedin\"><\/p>\n<div class=\"td-social-but-text\">Linkedin<\/div>\n<p><\/a><a class=\"td-social-sharing-button td-social-sharing-button-js td-social-network td-social-reddit\" href=\"https:\/\/reddit.com\/submit?url=https:\/\/orasul-timisoara.ro\/local-40635\/&amp;title=Dominic+Fritz%3A+%E2%80%9ETimi%C8%99oara+r%C4%83m%C3%A2ne+pe+m%C3%A2inile+bune+ale+echipei+mele%E2%80%9D.+Ce+spune+primarul+despre+ce+urmeaz%C4%83\" title=\"ReddIt\"><\/p>\n<div class=\"td-social-but-text\">ReddIt<\/div>\n<p><\/a><a class=\"td-social-sharing-button td-social-sharing-button-js td-social-network td-social-mail\" href=\"mailto:?subject=Dominic%20Fritz:%20%E2%80%9ETimi%C8%99oara%20r%C4%83m%C3%A2ne%20pe%20m%C3%A2inile%20bune%20ale%20echipei%20mele%E2%80%9D.%20Ce%20spune%20primarul%20despre%20ce%20urmeaz%C4%83&amp;body=https:\/\/orasul-timisoara.ro\/local-40635\/\" title=\"Email\"><\/p>\n<div class=\"td-social-but-text\">Email<\/div>\n<p><\/a><a class=\"td-social-sharing-button td-social-sharing-button-js td-social-network td-social-print\" href=\"https:\/\/orasul-timisoara.ro\/local-40635\/\" title=\"Imprimare\"><\/p>\n<div class=\"td-social-but-text\">Imprimare<\/div>\n<p><\/a><\/div>\n<\/div>\n<\/div>\n<div class=\"td-block-row td-post-next-prev\">\n<div class=\"td-block-span6 td-post-prev-post\">\n<div class=\"td-post-next-prev-content\"><span>Articolul precedent<\/span><a href=\"https:\/\/orasul-timisoara.ro\/local-40630\/\">BRAVO fetelor : aur \u0219i record mondial pentru Rom\u00e2nia la Amsterdam! Echipajul feminin de 8+1 a scris istorie la CM de canotaj<\/a><\/div>\n<\/div>\n<\/div>\n<div class=\"td-author-name vcard author\"><span class=\"fn\"><a href=\"https:\/\/orasul-timisoara.ro\/author\/timisoara\/\">redactia<\/a><\/span><\/div>\n<p><span class=\"td-page-meta\"><\/span><span class=\"td-page-meta\"><span class=\"td-page-meta\"><\/span><\/span><span class=\"td-page-meta\"><\/span><\/footer>\n<div class=\"td_block_wrap td_block_related_posts tdi_3 td_with_ajax_pagination td-pb-border-top td_block_template_8\" data-td-block-uid=\"tdi_3\">\n<h4 class=\"td-related-title td-block-title\"><a id=\"tdi_4\" class=\"td-related-left td-cur-simple-item\" data-td_filter_value data-td_block_id=\"tdi_3\" href=\"https:\/\/orasul-timisoara.ro\/local-40635\/\">ARTICOLE SIMILARE<\/a><a id=\"tdi_5\" class=\"td-related-right\" data-td_filter_value=\"td_related_more_from_author\" data-td_block_id=\"tdi_3\" href=\"https:\/\/orasul-timisoara.ro\/local-40635\/\">DE LA ACELA\u0218I AUTOR<\/a><\/h4>\n<div id=\"tdi_3\" class=\"td_block_inner\">\n<div class=\"td-related-row\">\n<div class=\"td-related-span4\">\n<div class=\"td_module_related_posts td-animation-stack td_mod_related_posts\">\n<div class=\"td-module-image\">\n<div class=\"td-module-thumb\"><a href=\"https:\/\/orasul-timisoara.ro\/local-40614\/\" rel=\"bookmark\" class=\"td-image-wrap \" title=\"Dominic Fritz: \u201eVom transforma aceste 30 de zile dintr-un abuz \u00eentr-un festival al faptelor\u201d\"><img loading=\"lazy\" decoding=\"async\" class=\"entry-thumb\" src=\"https:\/\/orasul-timisoara.ro\/wp-content\/uploads\/2026\/08\/dominic-fritx-maneci-suflecate-436x300.jpg\" alt title=\"Dominic Fritz: \u201eVom transforma aceste 30 de zile dintr-un abuz \u00eentr-un festival al faptelor\u201d\" width=\"218\" height=\"150\"><\/a><\/div>\n<\/div>\n<div class=\"item-details\">\n<h3 class=\"entry-title td-module-title\"><a href=\"https:\/\/orasul-timisoara.ro\/local-40614\/\" rel=\"bookmark\" title=\"Dominic Fritz: \u201eVom transforma aceste 30 de zile dintr-un abuz \u00eentr-un festival al faptelor\u201d\">Dominic Fritz: \u201eVom transforma aceste 30 de zile dintr-un abuz \u00eentr-un festival al faptelor\u201d<\/a><\/h3>\n<\/div>\n<\/div>\n<\/div>\n<div class=\"td-related-span4\">\n<div class=\"td_module_related_posts td-animation-stack td_mod_related_posts\">\n<div class=\"td-module-image\">\n<div class=\"td-module-thumb\"><a href=\"https:\/\/orasul-timisoara.ro\/local-40596\/\" rel=\"bookmark\" class=\"td-image-wrap \" title=\"Dominic Fritz ironizeaz\u0103 PSD dup\u0103 promulgarea \u201eamendamentului Fritz\u201d: \u201eTot nu vot\u0103m un guvern PSD\u201d\"><img loading=\"lazy\" decoding=\"async\" class=\"entry-thumb\" src=\"https:\/\/orasul-timisoara.ro\/wp-content\/uploads\/2021\/09\/dominic-fritz-02-1.jpg\" alt title=\"Dominic Fritz ironizeaz\u0103 PSD dup\u0103 promulgarea \u201eamendamentului Fritz\u201d: \u201eTot nu vot\u0103m un guvern PSD\u201d\" width=\"218\" height=\"150\"><\/a><\/div>\n<\/div>\n<div class=\"item-details\">\n<h3 class=\"entry-title td-module-title\"><a href=\"https:\/\/orasul-timisoara.ro\/local-40596\/\" rel=\"bookmark\" title=\"Dominic Fritz ironizeaz\u0103 PSD dup\u0103 promulgarea \u201eamendamentului Fritz\u201d: \u201eTot nu vot\u0103m un guvern PSD\u201d\">Dominic Fritz ironizeaz\u0103 PSD dup\u0103 promulgarea \u201eamendamentului Fritz\u201d: \u201eTot nu vot\u0103m un guvern PSD\u201d<\/a><\/h3>\n<\/div>\n<\/div>\n<\/div>\n<div class=\"td-related-span4\">\n<div class=\"td_module_related_posts td-animation-stack td_mod_related_posts\">\n<div class=\"td-module-image\">\n<div class=\"td-module-thumb\"><a href=\"https:\/\/orasul-timisoara.ro\/local-40591\/\" rel=\"bookmark\" class=\"td-image-wrap \" title=\"Ce se \u00eent\u00e2mpl\u0103 la Timi\u0219oara dup\u0103 \u00eencetarea mandatului lui Dominic Fritz? Trei scenarii pentru Prim\u0103rie\"><img loading=\"lazy\" decoding=\"async\" class=\"entry-thumb\" src=\"https:\/\/orasul-timisoara.ro\/wp-content\/uploads\/2026\/01\/ruben-latcau-01-436x300.jpg\" alt title=\"Ce se \u00eent\u00e2mpl\u0103 la Timi\u0219oara dup\u0103 \u00eencetarea mandatului lui Dominic Fritz? Trei scenarii pentru Prim\u0103rie\" width=\"218\" height=\"150\"><\/a><\/div>\n<\/div>\n<div class=\"item-details\">\n<h3 class=\"entry-title td-module-title\"><a href=\"https:\/\/orasul-timisoara.ro\/local-40591\/\" rel=\"bookmark\" title=\"Ce se \u00eent\u00e2mpl\u0103 la Timi\u0219oara dup\u0103 \u00eencetarea mandatului lui Dominic Fritz? Trei scenarii pentru Prim\u0103rie\">Ce se \u00eent\u00e2mpl\u0103 la Timi\u0219oara dup\u0103 \u00eencetarea mandatului lui Dominic Fritz? Trei scenarii pentru Prim\u0103rie<\/a><\/h3>\n<\/div>\n<\/div>\n<\/div>\n<\/div>\n<\/div>\n<\/div>\n<div class=\"comments\" id=\"comments\">\n<div id=\"respond\" class=\"comment-respond\">\n<h3 id=\"reply-title\" class=\"comment-reply-title\">L\u0102SA\u021aI UN MESAJ<\/h3>\n<div class=\"comment-form-input-wrap td-form-comment\">\n<div class=\"td-warning-comment\">V\u0103 rug\u0103m s\u0103 introduce\u021bi comentariul dvs.!<\/div>\n<\/div>\n<div class=\"comment-form-input-wrap td-form-author\">\n<div class=\"td-warning-author\">Introduce\u021bi aici numele dvs.<\/div>\n<\/div>\n<div class=\"comment-form-input-wrap td-form-email\">\n<div class=\"td-warning-email-error\">A\u021bi introdus o adres\u0103 de e-mail incorect\u0103!<\/div>\n<div class=\"td-warning-email\">V\u0103 rug\u0103m s\u0103 introduce\u021bi adresa dvs. de e-mail aici<\/div>\n<\/div>\n<\/div>\n<p class=\"akismet_comment_form_privacy_notice\">Acest site folose\u0219te Akismet pentru a reduce spamul. <a href=\"https:\/\/akismet.com\/privacy\/\" target=\"_blank\" rel=\"nofollow noopener\">Afl\u0103 cum sunt procesate datele comentariilor tale<\/a>.<\/p>\n<\/div>\n<\/div>\n<\/div>\n<div class=\"td-pb-span4 td-main-sidebar\" role=\"complementary\">\n<div class=\"td-ss-main-sidebar\">\n<aside id=\"block-4\" class=\"td_block_template_8 widget block-4 widget_block widget_media_image\">\n<figure class=\"wp-block-image size-full\"><img loading=\"lazy\" decoding=\"async\" width=\"336\" height=\"280\" src=\"https:\/\/orasul-timisoara.ro\/wp-content\/uploads\/2024\/11\/ReTIM-Abonamentul-Verde-Google-Ads-336x280px.gif\" alt class=\"wp-image-29257\"><\/figure>\n<\/aside>\n<div class=\"td_block_wrap td_block_social_counter td_block_widget tdi_6 td-social-style5 td-social-boxed td-pb-border-top td_block_template_8\">\n<div class=\"td-block-title-wrap\">\n<h4 class=\"td-block-title\"><span>Urm\u0103re\u0219te-ne pe Social Media<\/span><\/h4>\n<\/div>\n<div class=\"td-social-list\">\n<div class=\"td_social_type td-pb-margin-side td_social_facebook\">\n<div class=\"td-social-box\"><span class=\"td_social_info td_social_info_counter\">344,595<\/span><span class=\"td_social_info td_social_info_name\">Fani<\/span><span class=\"td_social_button\"><a href=\"https:\/\/www.facebook.com\/247timisoara\" target=\"_blank\" rel=\"nofollow\">\u00cemi place<\/a><\/span><\/div>\n<\/div>\n<div class=\"td_social_type td-pb-margin-side td_social_instagram\">\n<div class=\"td-social-box\"><span class=\"td_social_info td_social_info_counter\">4,416<\/span><span class=\"td_social_info td_social_info_name\">Cititori<\/span><span class=\"td_social_button\"><a href=\"https:\/\/instagram.com\/orasultimisoararo\/\" target=\"_blank\" rel=\"nofollow\">Conecta\u021bi-v\u0103<\/a><\/span><\/div>\n<\/div>\n<div class=\"td_social_type td-pb-margin-side td_social_rss\">\n<div class=\"td-social-box\"><span class=\"td_social_info td_social_info_counter\">12,506<\/span><span class=\"td_social_info td_social_info_name\">Cititori<\/span><span class=\"td_social_button\"><a href=\"https:\/\/orasul-timisoara.ro\/feed\/\" target=\"_blank\" rel=\"nofollow\">Conecta\u021bi-v\u0103<\/a><\/span><\/div>\n<\/div>\n<div class=\"td_social_type td-pb-margin-side td_social_tiktok\">\n<div class=\"td-social-box\"><span class=\"td_social_info td_social_info_counter\">1,500<\/span><span class=\"td_social_info td_social_info_name\">Cititori<\/span><span class=\"td_social_button\"><a href=\"https:\/\/www.tiktok.com\/@orasultimisoara\" target=\"_blank\" rel=\"nofollow\">Conecta\u021bi-v\u0103<\/a><\/span><\/div>\n<\/div>\n<div class=\"td_social_type td-pb-margin-side td_social_twitter\">\n<div class=\"td-social-box\"><span class=\"td_social_info td_social_info_counter\">1,595<\/span><span class=\"td_social_info td_social_info_name\">Cititori<\/span><span class=\"td_social_button\"><a href=\"https:\/\/twitter.com\/orasultm\" target=\"_blank\" rel=\"nofollow\">Conecta\u021bi-v\u0103<\/a><\/span><\/div>\n<\/div>\n<div class=\"td_social_type td-pb-margin-side td_social_youtube\">\n<div class=\"td-social-box\"><span class=\"td_social_info td_social_info_counter\">3,506<\/span><span class=\"td_social_info td_social_info_name\">Abona\u021bi<\/span><span class=\"td_social_button\"><a href=\"https:\/\/www.youtube.com\/channel\/UCQNsQvs2XCSIm1Z-AHRturw?sub_confirmation=1\" target=\"_blank\" rel=\"nofollow\">Abona\u021bi-v\u0103<\/a><\/span><\/div>\n<\/div>\n<\/div>\n<\/div>\n<aside id=\"text-7\" class=\"td_block_template_8 widget text-7 widget_text\">\n<h4 class=\"td-block-title\"><span>C\u0103ut\u0103ri populare pe OTM<\/span><\/h4>\n<div class=\"textwidget\"><a href=\"https:\/\/orasul-timisoara.ro\/?s=timisoara\"><span>Timisoara<\/span><\/a><a href=\"https:\/\/orasul-timisoara.ro\/?s=calin+dobra\"><span>Calin Dobra<\/span><\/a><a href=\"https:\/\/orasul-timisoara.ro\/?s=primaria+timisoara\"><span>Primaria Timisoara<\/span><\/a><a href=\"https:\/\/orasul-timisoara.ro\/?s=dominic+fritz\"><span>Dominic Fritz<\/span><\/a><a href=\"https:\/\/orasul-timisoara.ro\/?s=nicolae+robu\"><span>Nicolae Robu<\/span><\/a><a href=\"https:\/\/orasul-timisoara.ro\/?s=consiliul+local+timisoara\">Consiliul Local Timisoara<\/a><a href=\"https:\/\/orasul-timisoara.ro\/?s=consiliul+judetean+timis\"><span>Consiliul Judetean Timis<\/span><\/a><a href=\"https:\/\/orasul-timisoara.ro\/?s=cjt\"><span>CJT<\/span><\/a><a href=\"https:\/\/orasul-timisoara.ro\/?s=Alfred+Simonis\"><span>Alfred Simonis<\/span><\/a><a href=\"https:\/\/orasul-timisoara.ro\/?s=PNL\"><span>PNL<\/span><\/a><a href=\"https:\/\/orasul-timisoara.ro\/?s=coronavirus\"><span>coronavirus<\/span><\/a><a href=\"https:\/\/orasul-timisoara.ro\/?s=teatru+timisoara\">teatru Timisoara<\/a><a href=\"https:\/\/orasul-timisoara.ro\/?s=restaurante\"><span>restaurante Timisoara<\/span><\/a><a href=\"https:\/\/orasul-timisoara.ro\/?s=diskoteka\"><span>Diskoteka<\/span><\/a><a href=\"https:\/\/orasul-timisoara.ro\/?s=iulius+town\"><span>Iulius Town<\/span><\/a><a href=\"https:\/\/orasul-timisoara.ro\/?s=iulius+mall\"><span>Iulius Mall<\/span><\/a><a href=\"https:\/\/orasul-timisoara.ro\/?s=stpt\"><span>STPT<\/span><\/a><a href=\"https:\/\/orasul-timisoara.ro\/?s=alin+nica\"><span>Alin Nica<\/span><\/a><a href=\"https:\/\/orasul-timisoara.ro\/?s=psd\"><span>PSD<\/span><\/a><a href=\"https:\/\/orasul-timisoara.ro\/?s=aeroport\"><span>Aeroportul International Timisoara<\/span><\/a><a href=\"https:\/\/orasul-timisoara.ro\/?s=babes\"><span>Spitalul Victor Babes Timisoara<\/span><\/a><a href=\"https:\/\/orasul-timisoara.ro\/?s=poli\"><span>Poli Timi\u0219oara<\/span><\/a><a href=\"https:\/\/orasul-timisoara.ro\/?s=carantina\"><span>carantina<\/span><\/a><a href=\"https:\/\/orasul-timisoara.ro\/?s=aquatim\"><span>Aquatim<\/span><\/a><a href=\"https:\/\/orasul-timisoara.ro\/local-category\/stiri-timisoara\/\"><span>Stiri Timisoara<\/span><\/a><a href=\"https:\/\/orasul-timisoara.ro\/local-category\/investitii-in-timisoara\/\"><span>Investi\u021bii in Timi\u0219oara<\/span><\/a><a href=\"https:\/\/orasul-timisoara.ro\/local-9463\/\"><span>shaorma<\/span><\/a><a href=\"https:\/\/orasul-timisoara.ro\/?s=trafic\"><span>trafic rutier<\/span><\/a><a href=\"https:\/\/orasul-timisoara.ro\/?s=politia\"><span>politia locala timisoara<\/span><\/a><a href=\"https:\/\/orasul-timisoara.ro\/?s=roxana\"><span>Roxana Iliescu<\/span><\/a><a href=\"https:\/\/orasul-timisoara.ro\/?s=colterm\"><span>Colterm<\/span><\/a><a href=\"https:\/\/orasul-timisoara.ro\/?s=latcau\"><span>Ruben La\u021bc\u0103u<\/span><\/a><a href=\"https:\/\/orasul-timisoara.ro\/?s=timis\"><span>\u0218tiri din Timi\u0219<\/span><\/a><a href=\"https:\/\/orasul-timisoara.ro\/?s=spital\"><span>Spitale din Timi\u0219oara<\/span><\/a><a href=\"https:\/\/orasul-timisoara.ro\/?s=tabara\"><span>Cosmin Tab\u0103r\u0103<\/span><\/a><\/div>\n<\/aside>\n<aside id=\"rss-2\" class=\"td_block_template_8 widget rss-2 widget_rss\">\n<h4 class=\"td-block-title\"><span><a class=\"rsswidget rss-widget-feed\" href=\"https:\/\/fashionfridays.ro\/feed\"><img decoding=\"async\" class=\"rss-widget-icon\" width=\"14\" height=\"14\" src=\"https:\/\/orasul-timisoara.ro\/wp-includes\/images\/rss.png\" alt=\"Flux RSS: Fashion Fridays\" loading=\"lazy\"><\/a><a class=\"rsswidget rss-widget-title\" href=\"https:\/\/fashionfridays.ro\/\">Fashion Fridays<\/a><\/span><\/h4>\n<ul>\n<li><a class=\"rsswidget\" href=\"https:\/\/fashionfridays.ro\/romania-devine-a-29-a-piata-vogue-o-noua-era-pentru-industria-locala-de-moda\/\">Rom\u00e2nia devine a 29-a pia\u021b\u0103 Vogue: o nou\u0103 er\u0103 pentru industria local\u0103 de mod\u0103<\/a>\n<div class=\"rssSummary\">Revista Vogue \u00ee\u0219i extinde prezen\u021ba global\u0103 \u0219i va fi lansat\u0103 oficial \u00een Rom\u00e2nia \u00een prim\u0103vara anului 2027, marc\u00e2nd intrarea pe cea de-a 29-a pia\u021b\u0103 interna\u021bional\u0103. Proiectul este realizat \u00een parteneriat cu AEMME Publishing, o companie media recent \u00eenfiin\u021bat\u0103, care va publica edi\u021bia local\u0103 sub licen\u021b\u0103. Noua edi\u021bie, Vogue Rom\u00e2nia, \u00ee\u0219i propune s\u0103 combine autoritatea global\u0103 [\u2026]<\/div>\n<\/li>\n<\/ul>\n<\/aside>\n<aside id=\"rss-4\" class=\"td_block_template_8 widget rss-4 widget_rss\">\n<h4 class=\"td-block-title\"><span><a class=\"rsswidget rss-widget-feed\" href=\"https:\/\/emasini.ro\/feed\"><img decoding=\"async\" class=\"rss-widget-icon\" width=\"14\" height=\"14\" src=\"https:\/\/orasul-timisoara.ro\/wp-includes\/images\/rss.png\" alt=\"Flux RSS: eMasini\" loading=\"lazy\"><\/a><a class=\"rsswidget rss-widget-title\" href=\"https:\/\/emasini.ro\/\">eMasini<\/a><\/span><\/h4>\n<ul>\n<li><a class=\"rsswidget\" href=\"https:\/\/emasini.ro\/adio-bordurilor-pline-de-ecrane-mercedes-benz-readuce-butoanele-in-noile-masini-produse\/\">Adio bordurilor pline de ecrane? Mercedes-Benz readuce butoanele \u00een noile ma\u0219ini produse<\/a>\n<div class=\"rssSummary\">Mercedes-Benz \u00ee\u0219i schimb\u0103 direc\u021bia \u00een ceea ce prive\u0219te designul interioarelor \u0219i va readuce comenzile fizice pentru anumite func\u021bii importante. Constructorul german nu renun\u021b\u0103 la ecranele mari \u0219i la tehnologiile digitale, dar recunoa\u0219te c\u0103 a mers prea departe prin eliminarea unor butoane \u0219i comenzi tactile. Ola K\u00e4llenius, pre\u0219edintele Consiliului de Administra\u021bie al Mercedes-Benz Group \u0219i CEO [\u2026]<\/div>\n<\/li>\n<\/ul>\n<\/aside>\n<\/div>\n<\/div>\n<\/div>\n<\/div>\n<\/article>\n<div class=\"td-post-content tagdiv-type\">\n<p class=\"wp-block-paragraph\">Dominic Fritz transmite c\u0103 proiectele Timi\u0219oarei vor continua dup\u0103 \u00eencetarea mandatului s\u0103u de primar, afirm\u00e2nd c\u0103 \u00een ultimii ani a fost construit\u0103 o echip\u0103 administrativ\u0103 care poate duce mai departe proiectele \u00eencepute. \u00centr-un mesaj adresat timi\u0219orenilor, Fritz spune c\u0103 activitatea municipalit\u0103\u021bii va continua sub coordonarea viceprimarilor Ruben La\u021bc\u0103u \u0219i Paula Romocean, precum \u0219i a administratorului public Matei Creiveanu.<\/p>\n<p class=\"wp-block-paragraph\">Mesajul vine \u00een contextul promulg\u0103rii legii ANI care con\u021bine amendamentul \u00een urma c\u0103ruia mandatul lui Dominic Fritz urmeaz\u0103 s\u0103 \u00eenceteze.<\/p>\n<h2 class=\"wp-block-heading\">Dominic Fritz: \u201eTimi\u0219oara r\u0103m\u00e2ne pe m\u00e2inile bune ale echipei mele\u201d<\/h2>\n<p class=\"wp-block-paragraph\">Primarul Timi\u0219oarei spune c\u0103 a primit \u00een ultimele zile mii de mesaje de la oameni care l-au \u00eentrebat ce se va \u00eent\u00e2mpla mai departe \u0219i afirm\u0103 c\u0103 a discutat despre aceast\u0103 situa\u021bie cu colegi din USR, simpatizan\u021bi \u0219i timi\u0219oreni.<\/p>\n<p class=\"wp-block-paragraph\">Fritz sus\u021bine c\u0103 administra\u021bia local\u0103 are \u00een acest moment o structur\u0103 capabil\u0103 s\u0103 continue proiectele aflate \u00een derulare.<\/p>\n<p class=\"wp-block-paragraph\">\u201e\u00cen Prim\u0103rie \u00een ultimii ani am construit o echip\u0103 solid\u0103 \u0219i un sistem de lucru care vor duce mai departe munca \u00eenceput\u0103. Proiectele Timi\u0219oarei vor continua sub coordonarea celor doi viceprimari USR, Ruben La\u021bc\u0103u \u0219i Paula Romocean, \u0219i a administratorului public Matei Creiveanu\u201d, a transmis Dominic Fritz.<\/p>\n<p class=\"wp-block-paragraph\">Primarul afirm\u0103 c\u0103 Timi\u0219oara va continua s\u0103 treac\u0103 printr-o perioad\u0103 cu numeroase lucr\u0103ri \u0219i investi\u021bii, enumer\u00e2nd proiectele pe care administra\u021bia le are \u00een vedere: absorb\u021bia fondurilor europene, construc\u021bia unor noi poduri, modernizarea \u0219colilor \u0219i eficientizarea transportului public.<\/p>\n<p class=\"wp-block-paragraph\">\u201eTimi\u0219oara r\u0103m\u00e2ne pe m\u00e2inile bune ale echipei mele. R\u0103bdarea oamenilor va fi \u00een continuare testat\u0103 de at\u00e2tea \u0219antiere, absorb\u021bia de fonduri europene va continua, noi poduri vor fi construite, \u0219coli modernizate \u0219i transportul public mai eficient\u201d, spune Fritz.<\/p>\n<h2 class=\"wp-block-heading\">Fritz spune c\u0103 va r\u0103m\u00e2ne implicat \u00een politica din Timi\u0219oara \u0219i Rom\u00e2nia<\/h2>\n<p class=\"wp-block-paragraph\">Chiar dac\u0103 mandatul s\u0103u de primar urmeaz\u0103 s\u0103 \u00eenceteze, Dominic Fritz afirm\u0103 c\u0103 nu inten\u021bioneaz\u0103 s\u0103 ias\u0103 din via\u021ba public\u0103.<\/p>\n<p class=\"wp-block-paragraph\">Acesta spune c\u0103 va r\u0103m\u00e2ne implicat \u00een comunitatea timi\u0219orean\u0103 \u0219i \u00ee\u0219i va continua activitatea \u00een calitate de pre\u0219edinte al USR.<\/p>\n<p class=\"wp-block-paragraph\">\u201eEu voi r\u0103m\u00e2ne timi\u0219orean implicat. \u0218i pre\u0219edinte USR. \u0218i din aceste pozi\u021bii m\u0103 voi bate \u00een continuare, \u00eempreun\u0103 cu voi, cu caracati\u021ba care de 36 de ani sufoc\u0103 Rom\u00e2nia\u201d, a transmis liderul USR.<\/p>\n<p class=\"wp-block-paragraph\">Fritz sus\u021bine c\u0103 schimbarea Rom\u00e2niei presupune o implicare mai larg\u0103 \u0219i \u00eei \u00eendeamn\u0103 pe cei care \u00eei \u00eemp\u0103rt\u0103\u0219esc viziunea s\u0103 se al\u0103ture demersului politic.<\/p>\n<p class=\"wp-block-paragraph\">\u201eSperan\u021ba c\u0103 \u00eempreun\u0103 suntem contra-for\u021ba la aceast\u0103 mafie este crucial\u0103. Dar \u0219tim cu to\u021bii c\u0103 nu este suficient s\u0103 ne lupt\u0103m de la o zi la alta. Avem nevoie s\u0103 fim c\u00e2t mai mul\u021bi ca s\u0103 putem schimba regulile jocului\u201d, afirm\u0103 Dominic Fritz.<\/p>\n<h2 class=\"wp-block-heading\">\u201eNimeni nu poate r\u0103m\u00e2ne pe margine\u201d<\/h2>\n<p class=\"wp-block-paragraph\">\u00cen finalul mesajului, Dominic Fritz lanseaz\u0103 un apel direct c\u0103tre cei care vor s\u0103 se implice \u00een proiectul politic pe care \u00eel promoveaz\u0103.<\/p>\n<p class=\"wp-block-paragraph\">\u201eIar pentru asta e nevoie de fiecare dintre voi. Nimeni nu poate r\u0103m\u00e2ne pe margine\u201d, spune Fritz.<\/p>\n<p class=\"wp-block-paragraph\">Acesta \u00eei \u00eendeamn\u0103 pe cei interesa\u021bi s\u0103 \u00ee\u0219i lase datele de contact pe site-ul s\u0103u pentru a se implica.<\/p>\n<p class=\"wp-block-paragraph\">Mesajul lui Dominic Fritz vine cu pu\u021bin timp \u00eenainte de schimbarea situa\u021biei administrative de la Prim\u0103ria Timi\u0219oara \u0219i indic\u0103 faptul c\u0103, \u00een perspectiva sa, \u00eencetarea mandatului de primar nu \u00eenseamn\u0103 \u0219i \u00eencheierea activit\u0103\u021bii sale politice.<\/p>\n<p class=\"wp-block-paragraph\">\u201e\u00cenainte, \u00eempreun\u0103\u201d, \u00ee\u0219i \u00eencheie Dominic Fritz mesajul adresat timi\u0219orenilor.<\/p>\n<\/div>\n<p>[analyse_source url=&#8221;https:\/\/orasul-timisoara.ro\/local-40635\/&#8221;]<\/p>\n","protected":false},"excerpt":{"rendered":"<p>[analyse_image type=&#8221;featured&#8221; src=&#8221;https:\/\/orasul-timisoara.ro\/wp-content\/uploads\/2026\/08\/fritz-sustinatori.jpg&#8221;] \u0218tiri LocaleDominic Fritz: \u201eTimi\u0219oara r\u0103m\u00e2ne pe m\u00e2inile bune ale echipei mele\u201d. Ce spune&#8230; \u0218tiri Locale Dominic Fritz: \u201eTimi\u0219oara r\u0103m\u00e2ne pe m\u00e2inile bune ale echipei mele\u201d. Ce spune primarul despre ce urmeaz\u0103 De c\u0103tre redactia &#8211; 30\/08\/2026 Facebook Twitter WhatsApp Linkedin ReddIt Email Imprimare Dominic Fritz transmite c\u0103 proiectele Timi\u0219oarei vor continua dup\u0103 [&hellip;]<\/p>\n","protected":false},"author":1,"featured_media":0,"comment_status":"open","ping_status":"","sticky":false,"template":"","format":"standard","meta":{"footnotes":""},"categories":[89],"tags":[226,189],"class_list":["post-2120171","post","type-post","status-publish","format-standard","hentry","category-romania","tag-crawlmanager","tag-orasul-timisoara-ro"],"_links":{"self":[{"href":"https:\/\/analyse.optim.biz\/index.php?rest_route=\/wp\/v2\/posts\/2120171","targetHints":{"allow":["GET"]}}],"collection":[{"href":"https:\/\/analyse.optim.biz\/index.php?rest_route=\/wp\/v2\/posts"}],"about":[{"href":"https:\/\/analyse.optim.biz\/index.php?rest_route=\/wp\/v2\/types\/post"}],"author":[{"embeddable":true,"href":"https:\/\/analyse.optim.biz\/index.php?rest_route=\/wp\/v2\/users\/1"}],"replies":[{"embeddable":true,"href":"https:\/\/analyse.optim.biz\/index.php?rest_route=%2Fwp%2Fv2%2Fcomments&post=2120171"}],"version-history":[{"count":0,"href":"https:\/\/analyse.optim.biz\/index.php?rest_route=\/wp\/v2\/posts\/2120171\/revisions"}],"wp:attachment":[{"href":"https:\/\/analyse.optim.biz\/index.php?rest_route=%2Fwp%2Fv2%2Fmedia&parent=2120171"}],"wp:term":[{"taxonomy":"category","embeddable":true,"href":"https:\/\/analyse.optim.biz\/index.php?rest_route=%2Fwp%2Fv2%2Fcategories&post=2120171"},{"taxonomy":"post_tag","embeddable":true,"href":"https:\/\/analyse.optim.biz\/index.php?rest_route=%2Fwp%2Fv2%2Ftags&post=2120171"}],"curies":[{"name":"wp","href":"https:\/\/api.w.org\/{rel}","templated":true}]}}