{"id":2120151,"date":"2026-08-31T10:39:32","date_gmt":"2026-08-31T07:39:32","guid":{"rendered":"https:\/\/analyse.optim.biz\/?p=2120151"},"modified":"2026-08-31T10:39:32","modified_gmt":"2026-08-31T07:39:32","slug":"interuperi-in-alimentarea-cu-apa-pe-cateva-strazi-din-timisoara-si-lugoj-precum-si-in-mai-multe-localitati-din-judetul-timis-anunturile-aquatim-si-colterm","status":"publish","type":"post","link":"https:\/\/analyse.optim.biz\/?p=2120151","title":{"rendered":"\u00centeruperi \u00een alimentarea cu ap\u0103 pe c\u00e2teva str\u0103zi din Timi\u0219oara \u0219i Lugoj, precum \u0219i \u00een mai multe localit\u0103\u021bi din jude\u021bul Timi\u0219. Anun\u021burile Aquatim \u0219i Colterm"},"content":{"rendered":"<p>[analyse_image type=&#8221;featured&#8221; src=&#8221;https:\/\/www.pressalert.ro\/wp-content\/uploads\/2021\/03\/robinet-chiuveta.jpghttps:\/\/www.pressalert.ro\/wp-content\/uploads\/2021\/03\/robinet-chiuveta.jpg&#8221;]<\/p>\n<article id=\"post-589960\" class=\"post-589960 post type-post status-publish format-standard has-post-thumbnail hentry category-editori category-stiri category-stiri-locale category-timis-stiri-locale tag-aquatim tag-colterm tag-lugoj tag-presiunea-apei tag-timis tag-timisoara\">\n<div class=\"td-post-header td-pb-padding-side\">\n<div class=\"entry-crumbs\"><span><a title class=\"entry-crumb\" href=\"https:\/\/www.pressalert.ro\/\"><span>Acas\u0103<\/span><\/a><\/span><span><a title=\"Vede\u021bi toate articolele \u00een Recomand\u0103rile editorilor\" class=\"entry-crumb\" href=\"https:\/\/www.pressalert.ro\/category\/editori\/\"><span>Recomand\u0103rile editorilor<\/span><\/a><\/span><span class=\"td-bred-no-url-last\">\u00centeruperi \u00een alimentarea cu ap\u0103 pe c\u00e2teva str\u0103zi din Timi\u0219oara \u0219i Lugoj,&#8230;<\/span><\/div>\n<ul class=\"td-category\">\n<li class=\"entry-category\"><a href=\"https:\/\/www.pressalert.ro\/category\/editori\/\">Recomand\u0103rile editorilor<\/a><\/li>\n<li class=\"entry-category\"><a href=\"https:\/\/www.pressalert.ro\/category\/stiri\/\">\u015etiri<\/a><\/li>\n<li class=\"entry-category\"><a href=\"https:\/\/www.pressalert.ro\/category\/stiri\/stiri-locale\/\">\u0218tiri locale<\/a><\/li>\n<li class=\"entry-category\"><a href=\"https:\/\/www.pressalert.ro\/category\/stiri\/stiri-locale\/timis-stiri-locale\/\">\u0218tiri Timi\u0219<\/a><\/li>\n<\/ul>\n<header>\n<h1 class=\"entry-title\">\u00centeruperi \u00een alimentarea cu ap\u0103 pe c\u00e2teva str\u0103zi din Timi\u0219oara \u0219i Lugoj, precum \u0219i \u00een mai multe localit\u0103\u021bi din jude\u021bul Timi\u0219. Anun\u021burile Aquatim \u0219i Colterm<\/h1>\n<div class=\"meta-info\">\n<div class=\"td-post-author-name\">\n<div class=\"td-author-by\">De<\/div>\n<p><a href=\"https:\/\/www.pressalert.ro\/author\/marius-popescu\/\">Marius Popescu<\/a><\/p>\n<div class=\"td-author-line\"> &#8211; <\/div>\n<\/div>\n<p><span class=\"td-post-date\"><time class=\"entry-date updated td-module-date\" datetime=\"2026-08-31T10:39:32+00:00\">aug. 31, 2026<\/time><\/span><\/p>\n<div class=\"td-post-comments\"><a href=\"https:\/\/www.pressalert.ro\/2026\/08\/interuperi-in-alimentarea-cu-apa-pe-cateva-strazi-din-timisoara-si-lugoj-precum-si-in-mai-multe-localitati-din-judetul-timis-anunturile-aquatim-si-colterm\/#respond\">0<\/a><\/div>\n<\/div>\n<\/header>\n<\/div>\n<div class=\"td-post-sharing td-post-sharing-top td-pb-padding-side\"><span class=\"td-post-share-title\">DISTRIBUI\u021aI<\/span><\/p>\n<div class=\"td-default-sharing \"><a class=\"td-social-sharing-buttons td-social-facebook\" href=\"https:\/\/www.facebook.com\/sharer.php?u=https%3A%2F%2Fwww.pressalert.ro%2F2026%2F08%2Finteruperi-in-alimentarea-cu-apa-pe-cateva-strazi-din-timisoara-si-lugoj-precum-si-in-mai-multe-localitati-din-judetul-timis-anunturile-aquatim-si-colterm%2F\"><\/p>\n<div class=\"td-social-but-text\">Facebook<\/div>\n<p><\/a><a class=\"td-social-sharing-buttons td-social-twitter\" href=\"https:\/\/twitter.com\/intent\/tweet?text=%C3%8Enteruperi+%C3%AEn+alimentarea+cu+ap%C4%83+pe+c%C3%A2teva+str%C4%83zi+din+Timi%C8%99oara+%C8%99i+Lugoj%2C+precum+%C8%99i+%C3%AEn+mai+multe+localit%C4%83%C8%9Bi+din+jude%C8%9Bul+Timi%C8%99.+Anun%C8%9Burile+Aquatim+%C8%99i+Colterm&amp;url=https%3A%2F%2Fwww.pressalert.ro%2F2026%2F08%2Finteruperi-in-alimentarea-cu-apa-pe-cateva-strazi-din-timisoara-si-lugoj-precum-si-in-mai-multe-localitati-din-judetul-timis-anunturile-aquatim-si-colterm%2F&amp;via=PRESSALERT.ro\"><\/p>\n<div class=\"td-social-but-text\">Twitter<\/div>\n<p><\/a><\/div>\n<\/div>\n<div class=\"td-post-content td-pb-padding-side\">\n<figure class=\"wp-block-image size-large\"><img loading=\"lazy\" decoding=\"async\" width=\"1244\" height=\"768\" src=\"https:\/\/www.pressalert.ro\/wp-content\/uploads\/2021\/03\/robinet-chiuveta-1244x768.jpg\" alt class=\"wp-image-425405\"><\/figure>\n<p>Aquatim a anun\u021bat \u00eentreruperea furniz\u0103rii apei din cauza unor avarii, pe c\u00e2teva str\u0103zi din Timi\u0219oara \u0219i Lugoj, precum \u0219i \u00een \u0219ase localit\u0103\u021bi din jude\u021bul Timi\u0219.  <\/p>\n<p>Aquatim a anun\u021bat c\u0103 \u00eentre orele 8.00 \u0219i 15.00, e \u00eentrerupt\u0103 furnizarea apei pentru remedierea unor avarii, \u00een Timi\u0219oara, pe str\u0103zile: Emile Zola \u0219i Constantin Br\u00e2ncoveanu; Lugoj, pe str\u0103zile: 13 Decembrie, Cernei, Fagilor, Salc\u00e2mului; Traian Vuia; S\u00e2nmihaiu Rom\u00e2n; Mo\u0219ni\u021ba Nou\u0103; Giarmata; Covaci; Bazo\u0219u Nou.<\/p>\n<p>Iar \u00een Izvin presiunea apei va fi redus\u0103 p\u00e2n\u0103 la ora 15, pentru sp\u0103larea re\u021belei de distribu\u021bie.<\/p>\n<p><\/p>\n<p>Totodat\u0103, la Balin\u021b \u0219i T\u00e2rgovi\u0219te (jud. Timi\u0219), presiunea apei va fi sc\u0103zut\u0103 p\u00e2n\u0103 la aceea\u0219i or\u0103, urm\u00e2nd ca furnizarea apei s\u0103 fie \u00eentrerupt\u0103 temporar, pentru efectuarea lucr\u0103rilor de sp\u0103lare a re\u021belelor de distribu\u021bie \u0219i a rezervorului de \u00eenmagazinare.<\/p>\n<p>Colterm a anun\u021bat c\u0103 azi, p\u00e2n\u0103 la ora 13.00, e \u00eentrerupt\u0103 furnizarea apei calde de consum la PT 63, pentru remedierea unei defec\u021biuni tehnice ap\u0103rute la re\u021beaua primar\u0103 de termoficare a Municipiului Timi\u0219oara.<\/p>\n<p>Vor fi afecta\u021bi consumatorii aronda\u021bi str\u0103zilor: Alexandru Odobescu, Octavian Goga, Nicolae Labi\u0219, Constantin Noica, Cornel Grosforeanu. Total bran\u0219amente afectate: 18.<\/p>\n<p>\u201eLa reluarea furniz\u0103rii, apa poate prezenta urme de turbiditate pentru scurt timp. V\u0103 recomand\u0103m s\u0103 nu o folosi\u021bi \u00een scopuri menajere p\u00e2n\u0103 la limpezire.<\/p>\n<p>\u0218tim c\u0103 este nepl\u0103cut, \u00eens\u0103 interven\u021bia este necesar\u0103 pentru a men\u021bine re\u021beaua func\u021bional\u0103\u201d, a transmis compania de termoficare. <\/p>\n<\/div>\n<footer>\n<div class=\"td-post-source-tags td-pb-padding-side\">\n<ul class=\"td-tags td-post-small-box clearfix\">\n<li><span>ETICHETE<\/span><\/li>\n<li><a href=\"https:\/\/www.pressalert.ro\/tag\/aquatim\/\">aquatim<\/a><\/li>\n<li><a href=\"https:\/\/www.pressalert.ro\/tag\/colterm\/\">colterm<\/a><\/li>\n<li><a href=\"https:\/\/www.pressalert.ro\/tag\/lugoj\/\">lugoj<\/a><\/li>\n<li><a href=\"https:\/\/www.pressalert.ro\/tag\/presiunea-apei\/\">presiunea apei<\/a><\/li>\n<li><a href=\"https:\/\/www.pressalert.ro\/tag\/timis\/\">timis<\/a><\/li>\n<li><a href=\"https:\/\/www.pressalert.ro\/tag\/timisoara\/\">Timisoara<\/a><\/li>\n<\/ul>\n<\/div>\n<div class=\"td-post-sharing td-post-sharing-bottom td-pb-padding-side\"><span class=\"td-post-share-title\">DISTRIBUI\u021aI<\/span><\/p>\n<div class=\"td-default-sharing \"><a class=\"td-social-sharing-buttons td-social-facebook\" href=\"https:\/\/www.facebook.com\/sharer.php?u=https%3A%2F%2Fwww.pressalert.ro%2F2026%2F08%2Finteruperi-in-alimentarea-cu-apa-pe-cateva-strazi-din-timisoara-si-lugoj-precum-si-in-mai-multe-localitati-din-judetul-timis-anunturile-aquatim-si-colterm%2F\"><\/p>\n<div class=\"td-social-but-text\">Facebook<\/div>\n<p><\/a><a class=\"td-social-sharing-buttons td-social-twitter\" href=\"https:\/\/twitter.com\/intent\/tweet?text=%C3%8Enteruperi+%C3%AEn+alimentarea+cu+ap%C4%83+pe+c%C3%A2teva+str%C4%83zi+din+Timi%C8%99oara+%C8%99i+Lugoj%2C+precum+%C8%99i+%C3%AEn+mai+multe+localit%C4%83%C8%9Bi+din+jude%C8%9Bul+Timi%C8%99.+Anun%C8%9Burile+Aquatim+%C8%99i+Colterm&amp;url=https%3A%2F%2Fwww.pressalert.ro%2F2026%2F08%2Finteruperi-in-alimentarea-cu-apa-pe-cateva-strazi-din-timisoara-si-lugoj-precum-si-in-mai-multe-localitati-din-judetul-timis-anunturile-aquatim-si-colterm%2F&amp;via=PRESSALERT.ro\"><\/p>\n<div class=\"td-social-but-text\">Twitter<\/div>\n<p><\/a><\/div>\n<\/div>\n<div class=\"td-block-row td-post-next-prev\">\n<div class=\"td-block-span6 td-post-prev-post\">\n<div class=\"td-post-next-prev-content\"><span>Articolul precedent<\/span><a href=\"https:\/\/www.pressalert.ro\/2026\/08\/restrictii-in-trafic-pentru-lucrari-pe-dn-7-in-vestul-tarii\/\">Restric\u021bii \u00een trafic pentru lucr\u0103ri la dou\u0103 poduri de pe DN 7, \u00een vestul \u021b\u0103rii<\/a><\/div>\n<\/div>\n<div class=\"td-block-span6 td-post-next-post\">\n<div class=\"td-post-next-prev-content\"><span>Articolul urm\u0103tor<\/span><a href=\"https:\/\/www.pressalert.ro\/2026\/08\/apel-de-urgenta-de-la-centrul-de-transfuzie-timisoara-stocurile-pentru-mai-multe-grupe-de-sange-sunt-critice\/\">Apel de urgen\u021b\u0103 de la Centrul de Transfuzie Timi\u0219oara. Stocurile pentru mai multe grupe de s\u00e2nge sunt critice<\/a><\/div>\n<\/div>\n<\/div>\n<div class=\"author-box-wrap\"><a href=\"https:\/\/www.pressalert.ro\/author\/marius-popescu\/\"><img loading=\"lazy\" decoding=\"async\" alt src=\"https:\/\/secure.gravatar.com\/avatar\/6ff5b29455ffa79f6eac9c7ee3cb2891?s=96&amp;d=mm&amp;r=g\" class=\"avatar avatar-96 photo\" height=\"96\" width=\"96\"><\/a><\/p>\n<div class=\"desc\">\n<div class=\"td-author-name vcard author\"><span class=\"fn\"><a href=\"https:\/\/www.pressalert.ro\/author\/marius-popescu\/\">Marius Popescu<\/a><\/span><\/div>\n<div class=\"td-author-url\"><a href=\"https:\/\/www.pressalert.ro\">http:\/\/www.pressalert.ro<\/a><\/div>\n<\/div>\n<\/div>\n<p><span><\/span><span><span><\/span><\/span><span><\/span><\/footer>\n<\/article>\n<div class=\"td-post-content td-pb-padding-side\">\n<figure class=\"wp-block-image size-large\"><img loading=\"lazy\" decoding=\"async\" width=\"1244\" height=\"768\" src=\"https:\/\/www.pressalert.ro\/wp-content\/uploads\/2021\/03\/robinet-chiuveta-1244x768.jpg\" alt class=\"wp-image-425405\"><\/figure>\n<p>Aquatim a anun\u021bat \u00eentreruperea furniz\u0103rii apei din cauza unor avarii, pe c\u00e2teva str\u0103zi din Timi\u0219oara \u0219i Lugoj, precum \u0219i \u00een \u0219ase localit\u0103\u021bi din jude\u021bul Timi\u0219.  <\/p>\n<p>Aquatim a anun\u021bat c\u0103 \u00eentre orele 8.00 \u0219i 15.00, e \u00eentrerupt\u0103 furnizarea apei pentru remedierea unor avarii, \u00een Timi\u0219oara, pe str\u0103zile: Emile Zola \u0219i Constantin Br\u00e2ncoveanu; Lugoj, pe str\u0103zile: 13 Decembrie, Cernei, Fagilor, Salc\u00e2mului; Traian Vuia; S\u00e2nmihaiu Rom\u00e2n; Mo\u0219ni\u021ba Nou\u0103; Giarmata; Covaci; Bazo\u0219u Nou.<\/p>\n<p>Iar \u00een Izvin presiunea apei va fi redus\u0103 p\u00e2n\u0103 la ora 15, pentru sp\u0103larea re\u021belei de distribu\u021bie.<\/p>\n<p><\/p>\n<p>Totodat\u0103, la Balin\u021b \u0219i T\u00e2rgovi\u0219te (jud. Timi\u0219), presiunea apei va fi sc\u0103zut\u0103 p\u00e2n\u0103 la aceea\u0219i or\u0103, urm\u00e2nd ca furnizarea apei s\u0103 fie \u00eentrerupt\u0103 temporar, pentru efectuarea lucr\u0103rilor de sp\u0103lare a re\u021belelor de distribu\u021bie \u0219i a rezervorului de \u00eenmagazinare.<\/p>\n<p>Colterm a anun\u021bat c\u0103 azi, p\u00e2n\u0103 la ora 13.00, e \u00eentrerupt\u0103 furnizarea apei calde de consum la PT 63, pentru remedierea unei defec\u021biuni tehnice ap\u0103rute la re\u021beaua primar\u0103 de termoficare a Municipiului Timi\u0219oara.<\/p>\n<p>Vor fi afecta\u021bi consumatorii aronda\u021bi str\u0103zilor: Alexandru Odobescu, Octavian Goga, Nicolae Labi\u0219, Constantin Noica, Cornel Grosforeanu. Total bran\u0219amente afectate: 18.<\/p>\n<p>\u201eLa reluarea furniz\u0103rii, apa poate prezenta urme de turbiditate pentru scurt timp. V\u0103 recomand\u0103m s\u0103 nu o folosi\u021bi \u00een scopuri menajere p\u00e2n\u0103 la limpezire.<\/p>\n<p>\u0218tim c\u0103 este nepl\u0103cut, \u00eens\u0103 interven\u021bia este necesar\u0103 pentru a men\u021bine re\u021beaua func\u021bional\u0103\u201d, a transmis compania de termoficare. <\/p>\n<\/div>\n<p>[analyse_source url=&#8221;https:\/\/www.pressalert.ro\/2026\/08\/interuperi-in-alimentarea-cu-apa-pe-cateva-strazi-din-timisoara-si-lugoj-precum-si-in-mai-multe-localitati-din-judetul-timis-anunturile-aquatim-si-colterm\/&#8221;]<\/p>\n","protected":false},"excerpt":{"rendered":"<p>[analyse_image type=&#8221;featured&#8221; src=&#8221;https:\/\/www.pressalert.ro\/wp-content\/uploads\/2021\/03\/robinet-chiuveta.jpghttps:\/\/www.pressalert.ro\/wp-content\/uploads\/2021\/03\/robinet-chiuveta.jpg&#8221;] Acas\u0103Recomand\u0103rile editorilor\u00centeruperi \u00een alimentarea cu ap\u0103 pe c\u00e2teva str\u0103zi din Timi\u0219oara \u0219i Lugoj,&#8230; Recomand\u0103rile editorilor \u015etiri \u0218tiri locale \u0218tiri Timi\u0219 \u00centeruperi \u00een alimentarea cu ap\u0103 pe c\u00e2teva str\u0103zi din Timi\u0219oara \u0219i Lugoj, precum \u0219i \u00een mai multe localit\u0103\u021bi din jude\u021bul Timi\u0219. Anun\u021burile Aquatim \u0219i Colterm De Marius Popescu &#8211; aug. 31, 2026 [&hellip;]<\/p>\n","protected":false},"author":1,"featured_media":0,"comment_status":"open","ping_status":"","sticky":false,"template":"","format":"standard","meta":{"footnotes":""},"categories":[89],"tags":[226,176],"class_list":["post-2120151","post","type-post","status-publish","format-standard","hentry","category-romania","tag-crawlmanager","tag-pressalert-ro"],"_links":{"self":[{"href":"https:\/\/analyse.optim.biz\/index.php?rest_route=\/wp\/v2\/posts\/2120151","targetHints":{"allow":["GET"]}}],"collection":[{"href":"https:\/\/analyse.optim.biz\/index.php?rest_route=\/wp\/v2\/posts"}],"about":[{"href":"https:\/\/analyse.optim.biz\/index.php?rest_route=\/wp\/v2\/types\/post"}],"author":[{"embeddable":true,"href":"https:\/\/analyse.optim.biz\/index.php?rest_route=\/wp\/v2\/users\/1"}],"replies":[{"embeddable":true,"href":"https:\/\/analyse.optim.biz\/index.php?rest_route=%2Fwp%2Fv2%2Fcomments&post=2120151"}],"version-history":[{"count":0,"href":"https:\/\/analyse.optim.biz\/index.php?rest_route=\/wp\/v2\/posts\/2120151\/revisions"}],"wp:attachment":[{"href":"https:\/\/analyse.optim.biz\/index.php?rest_route=%2Fwp%2Fv2%2Fmedia&parent=2120151"}],"wp:term":[{"taxonomy":"category","embeddable":true,"href":"https:\/\/analyse.optim.biz\/index.php?rest_route=%2Fwp%2Fv2%2Fcategories&post=2120151"},{"taxonomy":"post_tag","embeddable":true,"href":"https:\/\/analyse.optim.biz\/index.php?rest_route=%2Fwp%2Fv2%2Ftags&post=2120151"}],"curies":[{"name":"wp","href":"https:\/\/api.w.org\/{rel}","templated":true}]}}