{"id":2120142,"date":"2026-08-31T08:15:20","date_gmt":"2026-08-31T05:15:20","guid":{"rendered":"https:\/\/analyse.optim.biz\/?p=2120142"},"modified":"2026-08-31T08:15:20","modified_gmt":"2026-08-31T05:15:20","slug":"udmr-joaca-decisiv-si-anunta-ca-va-vota-orice-premier-propus-de-catre-nicusor-dan-conditiile-impuse-ministri-sa-fie-politici-si-guvernul-sa-includa-udmr","status":"publish","type":"post","link":"https:\/\/analyse.optim.biz\/?p=2120142","title":{"rendered":"UDMR joac\u0103 decisiv \u0219i anun\u021b\u0103 c\u0103 va vota orice premier propus de c\u0103tre Nicu\u0219or Dan. Condi\u021biile impuse, mini\u0219tri s\u0103 fie politici \u0219i guvernul s\u0103 includ\u0103 UDMR!"},"content":{"rendered":"<p>[analyse_image type=&#8221;featured&#8221; src=&#8221;https:\/\/solidnews.ro\/wp-content\/uploads\/2026\/08\/nicusor-dan-kelemen-hunor.webp&#8221;]<\/p>\n<div class=\"td_block_wrap tdb_single_content tdi_120 td-pb-border-top td_block_template_1 td-post-content tagdiv-type\" data-td-block-uid=\"tdi_120\">\n<div class=\"tdb-block-inner td-fix-index\">\n<p>Pre\u0219edintele UDMR Kelemen le-a transmis liderilor PSD \u0219i PNL, Sorin Grindeanu \u0219i Ilie Bolojan, c\u0103 parlamentarii maghiari vor vota orice propunere de prim-ministru venit\u0103 de la pre\u0219edintele Nicu\u0219or Dan, \u00een contextul \u00een care au trecut patru luni de la mo\u021biunea de cenzur\u0103 \u00eempotriva Guvernului Bolojan, sus\u021bin surse politice pentru \u201eAdev\u0103rul\u201d.<\/p>\n<p><i>\u201ePre\u0219edintele trebuie s\u0103 rezolve aceast\u0103 criz\u0103 politic\u0103, a\u0219adar a\u0219tept\u0103m nominalizarea de la Cotroceni. Noi suntem de p\u0103rere c\u0103 \u021bara are nevoie urgent\u0103 de un guvern cu puteri depline, prin urmare suntem dispu\u0219i s\u0103 vot\u0103m \u0219i pentru un premier de dreapta, \u0219i pentru un premier de la PSD. S\u0103 vedem ce plan are Nicu\u0219or Dan<\/i>\u201d, sus\u021bine unul dintre parlamentarii UDMR.<\/p>\n<p>Condi\u021bia UDMR e ca viitorul guvern s\u0103 fie format din mini\u0219tri cu carnet de partid, nu din tehnocra\u021bi. Totu\u0219i, forma\u021biunea maghiar\u0103 nu se opune unui premier apolitic, cu condi\u021bia ca restul cabinetului s\u0103 fie eminamente unul politic, sus\u021bin sursele citate.<\/p>\n<p>Indiferent dac\u0103 pre\u0219edintele Nicu\u0219or Dan va desemna un premier de st\u00e2nga, de dreapta sau tehnocrat, UDMR va face parte din viitorul guvern. Liderii maghiari \u00ee\u0219i doresc s\u0103 p\u0103streze Ministerul Dezvolt\u0103rii, pu\u0219culi\u021ba cu bani pentru ale\u0219ii locali. Apoi, \u00een func\u021bie de negocieri, ar mai putea ob\u021bine Mediul, Cultura sau Agricultura, sus\u021bin sursele citate.<\/p>\n<p>Voturile UDMR sunt decisive pentru instalarea noului guvern. Indiferent de numele premierului, PNL \u0219i USR au anun\u021bat c\u0103 nu vor vota un Executiv din care vor face parte mini\u0219tri PSD. Prin urmare, singura variant\u0103 posibil\u0103 pentru a str\u00e2nge o majoritate e formula: PSD-UDMR-minorit\u0103\u021bi na\u021bionale plus voturile trasei\u0219tilor suverani\u0219ti din Parlament, grupa\u021bi sub conducerea lui Victor Ponta.<\/p>\n<p><a href=\"https:\/\/adevarul.ro\/politica\/tactici-diferite-inaintea-votului-decisiv-pnl-2527138.html\">UDMR nu a votat mo\u021biunea de cenzur\u0103 \u00eempotriva Guvernului Bolojan.\u00a0<\/a>Ulterior, a refuzat s\u0103 voteze pentru \u00eenvestirea guvernelor Tomac \u0219i Ve\u0219tea. \u00cen urm\u0103 cu o lun\u0103, UDMR \u0219i-a ar\u0103tat sus\u021binerea pentru Siegfried Mure\u0219an, premierul propus de PNL \u0219i USR.<\/p>\n<p>\u00cens\u0103 pre\u0219edintele Nicu\u0219or Dan a refuzat s\u0103-l nominalizeze\u00a0<a href=\"https:\/\/adevarul.ro\/politica\/siegfried-muresan-dupa-ce-a-fost-propus-premier-2539153.html\">premier pe Mure\u0219an<\/a>. Acum, UDMR e dispus\u0103 s\u0103 voteze fie pentru Sorin Grindeanu, fie pentru un premier tehnocrat, dar care s\u0103 alc\u0103tuiasc\u0103 un guvern al\u0103turi de PSD \u0219i UDMR.<\/p>\n<h2>PSD se reune\u0219te la Sinaia pentru a stabili mandatul conducerii \u00een negocierile pentru formarea Guvernului<\/h2>\n<p>Conducerea PSD \u0219i parlamentarii social-democra\u021bi se \u00eent\u00e2lnesc luni, la Sinaia, \u00een contextul \u00een care negocierile pentru formarea unui nou Guvern urmeaz\u0103 s\u0103 fie reluate la Palatul Cotroceni.\u00a0<a href=\"https:\/\/adevarul.ro\/politica\/psd-se-reuneste-la-sinaia-pentru-a-stabili-2552927.html\">Consiliul Politic Na\u021bional al PSD este programat de la ora 11:00, iar reuniunea grupurilor parlamentare ale partidului va \u00eencepe la ora 15:00.<\/a><\/p>\n<h2>Eugen Tomac, favorit<\/h2>\n<p><a href=\"https:\/\/adevarul.ro\/stiri-interne\/surse-eugen-tomac-favorit-sa-fie-desemnat-din-nou-2552625.html\">Pre\u0219edintele Nicu\u0219or Dan va convoca, s\u0103pt\u0103m\u00e2na viitoare, partidele politice la consult\u0103ri pentru o nou\u0103 desemnare a premierului.<\/a>\u00a0Potrivit informa\u021biilor ob\u021binute de \u201eAdev\u0103rul\u201d, scenariul aflat \u00een acest moment \u00een discu\u021bie este ca europarlamentarul Eugen Tomac s\u0103 fie desemnat din nou pentru func\u021bia de prim-ministru, de aceast\u0103 dat\u0103 pentru a conduce un guvern sus\u021binut de PSD.<\/p>\n<p><em><strong>surs\u0103: <a href=\"https:\/\/adevarul.ro\/politica\/udmr-a-decis-pe-cine-voteaza-ca-prim-ministru-2552964.html\">adevarul.ro<\/a><\/strong><\/em><\/p>\n<\/div>\n<\/div>\n<div class=\"td_block_wrap tdb_single_content tdi_120 td-pb-border-top td_block_template_1 td-post-content tagdiv-type\" data-td-block-uid=\"tdi_120\">\n<div class=\"tdb-block-inner td-fix-index\">\n<p>Pre\u0219edintele UDMR Kelemen le-a transmis liderilor PSD \u0219i PNL, Sorin Grindeanu \u0219i Ilie Bolojan, c\u0103 parlamentarii maghiari vor vota orice propunere de prim-ministru venit\u0103 de la pre\u0219edintele Nicu\u0219or Dan, \u00een contextul \u00een care au trecut patru luni de la mo\u021biunea de cenzur\u0103 \u00eempotriva Guvernului Bolojan, sus\u021bin surse politice pentru \u201eAdev\u0103rul\u201d.<\/p>\n<p><i>\u201ePre\u0219edintele trebuie s\u0103 rezolve aceast\u0103 criz\u0103 politic\u0103, a\u0219adar a\u0219tept\u0103m nominalizarea de la Cotroceni. Noi suntem de p\u0103rere c\u0103 \u021bara are nevoie urgent\u0103 de un guvern cu puteri depline, prin urmare suntem dispu\u0219i s\u0103 vot\u0103m \u0219i pentru un premier de dreapta, \u0219i pentru un premier de la PSD. S\u0103 vedem ce plan are Nicu\u0219or Dan<\/i>\u201d, sus\u021bine unul dintre parlamentarii UDMR.<\/p>\n<p>Condi\u021bia UDMR e ca viitorul guvern s\u0103 fie format din mini\u0219tri cu carnet de partid, nu din tehnocra\u021bi. Totu\u0219i, forma\u021biunea maghiar\u0103 nu se opune unui premier apolitic, cu condi\u021bia ca restul cabinetului s\u0103 fie eminamente unul politic, sus\u021bin sursele citate.<\/p>\n<p>Indiferent dac\u0103 pre\u0219edintele Nicu\u0219or Dan va desemna un premier de st\u00e2nga, de dreapta sau tehnocrat, UDMR va face parte din viitorul guvern. Liderii maghiari \u00ee\u0219i doresc s\u0103 p\u0103streze Ministerul Dezvolt\u0103rii, pu\u0219culi\u021ba cu bani pentru ale\u0219ii locali. Apoi, \u00een func\u021bie de negocieri, ar mai putea ob\u021bine Mediul, Cultura sau Agricultura, sus\u021bin sursele citate.<\/p>\n<p>Voturile UDMR sunt decisive pentru instalarea noului guvern. Indiferent de numele premierului, PNL \u0219i USR au anun\u021bat c\u0103 nu vor vota un Executiv din care vor face parte mini\u0219tri PSD. Prin urmare, singura variant\u0103 posibil\u0103 pentru a str\u00e2nge o majoritate e formula: PSD-UDMR-minorit\u0103\u021bi na\u021bionale plus voturile trasei\u0219tilor suverani\u0219ti din Parlament, grupa\u021bi sub conducerea lui Victor Ponta.<\/p>\n<p><a href=\"https:\/\/adevarul.ro\/politica\/tactici-diferite-inaintea-votului-decisiv-pnl-2527138.html\">UDMR nu a votat mo\u021biunea de cenzur\u0103 \u00eempotriva Guvernului Bolojan.\u00a0<\/a>Ulterior, a refuzat s\u0103 voteze pentru \u00eenvestirea guvernelor Tomac \u0219i Ve\u0219tea. \u00cen urm\u0103 cu o lun\u0103, UDMR \u0219i-a ar\u0103tat sus\u021binerea pentru Siegfried Mure\u0219an, premierul propus de PNL \u0219i USR.<\/p>\n<p>\u00cens\u0103 pre\u0219edintele Nicu\u0219or Dan a refuzat s\u0103-l nominalizeze\u00a0<a href=\"https:\/\/adevarul.ro\/politica\/siegfried-muresan-dupa-ce-a-fost-propus-premier-2539153.html\">premier pe Mure\u0219an<\/a>. Acum, UDMR e dispus\u0103 s\u0103 voteze fie pentru Sorin Grindeanu, fie pentru un premier tehnocrat, dar care s\u0103 alc\u0103tuiasc\u0103 un guvern al\u0103turi de PSD \u0219i UDMR.<\/p>\n<h2>PSD se reune\u0219te la Sinaia pentru a stabili mandatul conducerii \u00een negocierile pentru formarea Guvernului<\/h2>\n<p>Conducerea PSD \u0219i parlamentarii social-democra\u021bi se \u00eent\u00e2lnesc luni, la Sinaia, \u00een contextul \u00een care negocierile pentru formarea unui nou Guvern urmeaz\u0103 s\u0103 fie reluate la Palatul Cotroceni.\u00a0<a href=\"https:\/\/adevarul.ro\/politica\/psd-se-reuneste-la-sinaia-pentru-a-stabili-2552927.html\">Consiliul Politic Na\u021bional al PSD este programat de la ora 11:00, iar reuniunea grupurilor parlamentare ale partidului va \u00eencepe la ora 15:00.<\/a><\/p>\n<h2>Eugen Tomac, favorit<\/h2>\n<p><a href=\"https:\/\/adevarul.ro\/stiri-interne\/surse-eugen-tomac-favorit-sa-fie-desemnat-din-nou-2552625.html\">Pre\u0219edintele Nicu\u0219or Dan va convoca, s\u0103pt\u0103m\u00e2na viitoare, partidele politice la consult\u0103ri pentru o nou\u0103 desemnare a premierului.<\/a>\u00a0Potrivit informa\u021biilor ob\u021binute de \u201eAdev\u0103rul\u201d, scenariul aflat \u00een acest moment \u00een discu\u021bie este ca europarlamentarul Eugen Tomac s\u0103 fie desemnat din nou pentru func\u021bia de prim-ministru, de aceast\u0103 dat\u0103 pentru a conduce un guvern sus\u021binut de PSD.<\/p>\n<p><em><strong>surs\u0103: <a href=\"https:\/\/adevarul.ro\/politica\/udmr-a-decis-pe-cine-voteaza-ca-prim-ministru-2552964.html\">adevarul.ro<\/a><\/strong><\/em><\/p>\n<\/div>\n<\/div>\n<p>[analyse_source url=&#8221;https:\/\/solidnews.ro\/udmr-joaca-decisiv-si-anunta-ca-va-vota-orice-premier-propus-de-catre-nicusor-dan-conditiile-impuse-ministri-sa-fie-politici-si-guvernul-sa-includa-udmr\/&#8221;]<\/p>\n","protected":false},"excerpt":{"rendered":"<p>[analyse_image type=&#8221;featured&#8221; src=&#8221;https:\/\/solidnews.ro\/wp-content\/uploads\/2026\/08\/nicusor-dan-kelemen-hunor.webp&#8221;] Pre\u0219edintele UDMR Kelemen le-a transmis liderilor PSD \u0219i PNL, Sorin Grindeanu \u0219i Ilie Bolojan, c\u0103 parlamentarii maghiari vor vota orice propunere de prim-ministru venit\u0103 de la pre\u0219edintele Nicu\u0219or Dan, \u00een contextul \u00een care au trecut patru luni de la mo\u021biunea de cenzur\u0103 \u00eempotriva Guvernului Bolojan, sus\u021bin surse politice pentru \u201eAdev\u0103rul\u201d. \u201ePre\u0219edintele trebuie [&hellip;]<\/p>\n","protected":false},"author":1,"featured_media":0,"comment_status":"open","ping_status":"","sticky":false,"template":"","format":"standard","meta":{"footnotes":""},"categories":[89],"tags":[226,97],"class_list":["post-2120142","post","type-post","status-publish","format-standard","hentry","category-romania","tag-crawlmanager","tag-solidnews-ro"],"_links":{"self":[{"href":"https:\/\/analyse.optim.biz\/index.php?rest_route=\/wp\/v2\/posts\/2120142","targetHints":{"allow":["GET"]}}],"collection":[{"href":"https:\/\/analyse.optim.biz\/index.php?rest_route=\/wp\/v2\/posts"}],"about":[{"href":"https:\/\/analyse.optim.biz\/index.php?rest_route=\/wp\/v2\/types\/post"}],"author":[{"embeddable":true,"href":"https:\/\/analyse.optim.biz\/index.php?rest_route=\/wp\/v2\/users\/1"}],"replies":[{"embeddable":true,"href":"https:\/\/analyse.optim.biz\/index.php?rest_route=%2Fwp%2Fv2%2Fcomments&post=2120142"}],"version-history":[{"count":0,"href":"https:\/\/analyse.optim.biz\/index.php?rest_route=\/wp\/v2\/posts\/2120142\/revisions"}],"wp:attachment":[{"href":"https:\/\/analyse.optim.biz\/index.php?rest_route=%2Fwp%2Fv2%2Fmedia&parent=2120142"}],"wp:term":[{"taxonomy":"category","embeddable":true,"href":"https:\/\/analyse.optim.biz\/index.php?rest_route=%2Fwp%2Fv2%2Fcategories&post=2120142"},{"taxonomy":"post_tag","embeddable":true,"href":"https:\/\/analyse.optim.biz\/index.php?rest_route=%2Fwp%2Fv2%2Ftags&post=2120142"}],"curies":[{"name":"wp","href":"https:\/\/api.w.org\/{rel}","templated":true}]}}