{"id":2120128,"date":"2026-08-31T00:00:00","date_gmt":"2026-08-30T21:00:00","guid":{"rendered":"https:\/\/analyse.optim.biz\/?p=2120128"},"modified":"2026-08-31T00:00:00","modified_gmt":"2026-08-30T21:00:00","slug":"buzau-cupa-campionatului-national-de-sah-pentru-nevazatori-castigata-de-un-localnic-pentru-al-doilea-an-consecutiv","status":"publish","type":"post","link":"https:\/\/analyse.optim.biz\/?p=2120128","title":{"rendered":"Buz\u0103u: Cupa Campionatului Na\u021bional de \u0218ah pentru Nev\u0103z\u0103tori &#8211; c\u00e2\u0219tigat\u0103 de un localnic, pentru al doilea an consecutiv"},"content":{"rendered":"<p>[analyse_image type=&#8221;featured&#8221; src=&#8221;https:\/\/agerpres.ro\/data\/202608\/20260831095445_796143.jpg&#8221;]<\/p>\n<div class=\"mx-auto pt-3\">\n<p>George Bratu a c\u00e2\u0219tigat, pentru a doua oar\u0103 consecutiv, finala Campionatului Na\u021bional de \u0218ah pentru Persoane cu Deficien\u021be de Vedere desf\u0103\u0219urat\u0103 la Buz\u0103u, moment care a coincis cu \u00eemplinirea a 70 de ani de la organizarea primei competi\u021bii de \u0219ah pentru nev\u0103z\u0103tori \u00een Rom\u00e2nia.<\/p>\n<p>Finala s-a desf\u0103\u0219urat \u00een Sala Sporturilor Paralimpice din Buz\u0103u, singura facilitate multifunc\u021bional\u0103 adaptat\u0103 integral persoanelor cu dizabilit\u0103\u021bi din Rom\u00e2nia \u0219i prima de acest tip din sud-estul Europei.<\/p>\n<p>&#8216;Am participat la acest campionat de tradi\u021bie \u00een r\u00e2ndul nev\u0103z\u0103torilor care se desf\u0103\u0219oar\u0103 \u00eenc\u0103 din 1956 \u0219i s-au \u00eemplinit anul acesta 70 de ani la ini\u021bierea acestei competi\u021bii. Concursul a avut loc la Buz\u0103u \u00een perioada 24-28 august, \u00een singura sal\u0103 paralimpic\u0103 din sud-estul Europei unde func\u021bioneaz\u0103 \u0219i o \u0219coal\u0103 pentru persoanele cu deficien\u021be de vedere. Au luat parte la aceast\u0103 edi\u021bie 32 de juc\u0103tori din toat\u0103 \u021bara, califica\u021bi \u00een prealabil. Dup\u0103 terminarea celor nou\u0103 runde, la un timp de g\u00e2ndire de 90 de minute, plus o activizare de 30 de secunde, am c\u00e2\u0219tigat pentru al doilea an la r\u00e2nd, cu 6,5 puncte din 9, pe locul 2 s-a clasat Morariu Ionel din Timi\u0219oara, tot cu 6,5 puncte iar pe locul 3, Mihai Dima din Bucure\u0219ti, cu 6 puncte. Ar fi de notat faptul c\u0103, de la locul 2 p\u00e2n\u0103 la locul 8, to\u021bi concuren\u021bii au ob\u021binut acela\u0219i num\u0103r de puncte, adic\u0103 6, departaja\u021bi doar prin coeficientul Buchholz&#8217;, a declarat, pentru AGERPRES, c\u00e2\u0219tig\u0103torul competi\u021biei, George Bratu.<\/p>\n<iframe loading=\"lazy\" src=\"https:\/\/www.facebook.com\/plugins\/post.php?href=https%3A%2F%2Fwww.facebook.com%2FAsociatiaNevazatorilorRomania%2Fposts%2Fpfbid08C8vvG2H8G4jsWcHYuRg6RcuM2rAr8pRabX5uew4N2h5fG6ZGnaXdbzrDwseGUrel&amp;show_text=true&amp;width=500\" width=\"500\" height=\"786\" scrolling=\"no\" frameborder allowfullscreen=\"true\" allow=\"autoplay; clipboard-write; encrypted-media; picture-in-picture; web-share\"><\/iframe>\n<p>La festivitatea de \u00eencheiere a competi\u021biei au fost acordate premii \u0219i diplome primilor trei clasa\u021bi, precum \u0219i dou\u0103 diplome speciale, pentru cel mai t\u00e2n\u0103r participant \u0219i pentru decanul de v\u00e2rst\u0103 al finalei.<\/p>\n<p>&#8216;Este cea mai de tradi\u021bie \u0219i cel mai r\u0103sp\u00e2ndit sport \u00een r\u00e2ndul nev\u0103z\u0103torilor, pentru c\u0103 pot concura \u0219i \u00een alte competi\u021bii cu v\u0103z\u0103tori \u0219i se \u00eent\u00e2mpl\u0103 lucrul acesta. Mul\u021bi dintre noi particip\u0103m \u0219i la alte competi\u021bii cu rezultate bune. Cei care nu ne cunosc \u0219i ne v\u0103d pentru prima dat\u0103 se mir\u0103 cum putem s\u0103 ne imagin\u0103m pozi\u021bia, cum putem s\u0103 facem fa\u021b\u0103. Secretul este c\u0103 avem o tabl\u0103 special\u0103 cu piese speciale care nu cad. Putem deosebi c\u00e2mpurile albe de c\u00e2mpurile negre \u0219i piesele albe de piesele negre. \u00cen rest, e vorba de antrenament, de mult\u0103 munc\u0103. Pe plan interna\u021bional, urmeaz\u0103 campionatul european, care se va desf\u0103\u0219ura \u00een Creta, Grecia, \u00een perioada 14-24 octombrie&#8217;, a precizat George Bratu.<\/p>\n<iframe loading=\"lazy\" src=\"https:\/\/www.facebook.com\/plugins\/post.php?href=https%3A%2F%2Fwww.facebook.com%2FAsociatiaNevazatorilorRomania%2Fposts%2Fpfbid02staLCMFtNHGapQeK54DeqoRmoNhSGhfvTDNxDhjrE7CPcFATXBDovxzL7TekatCvl&amp;show_text=true&amp;width=500\" width=\"500\" height=\"620\" scrolling=\"no\" frameborder allowfullscreen=\"true\" allow=\"autoplay; clipboard-write; encrypted-media; picture-in-picture; web-share\"><\/iframe>\n<p>Astfel, George Bratu, Ionel Morariu, Mihai Dima \u0219i Tiberiu P\u0103un, al\u0103turi de Mihail-Dacian Pribeanu, maestru interna\u021bional FIDE, vor alc\u0103tui echipa na\u021bional\u0103 care va reprezenta Rom\u00e2nia \u00een competi\u021biile interna\u021bionale. AGERPRES\/(A, AS &#8211; redactor: Florin Zafiu, editor: Irina Poenaru, editor online: Ady Iva\u015fcu)<\/p>\n<\/div>\n<div class=\"mx-auto pt-3\">\n                                Afisari: 138\n                            <\/div>\n<p>[analyse_source url=&#8221;https:\/\/agerpres.ro\/social\/2026\/08\/31\/buzau-cupa-campionatului-national-de-sah-pentru-nevazatori&#8212;castigata-de-un-localnic-pentru-al-doil&#8211;1589155&#8243;]<\/p>\n","protected":false},"excerpt":{"rendered":"<p>[analyse_image type=&#8221;featured&#8221; src=&#8221;https:\/\/agerpres.ro\/data\/202608\/20260831095445_796143.jpg&#8221;] George Bratu a c\u00e2\u0219tigat, pentru a doua oar\u0103 consecutiv, finala Campionatului Na\u021bional de \u0218ah pentru Persoane cu Deficien\u021be de Vedere desf\u0103\u0219urat\u0103 la Buz\u0103u, moment care a coincis cu \u00eemplinirea a 70 de ani de la organizarea primei competi\u021bii de \u0219ah pentru nev\u0103z\u0103tori \u00een Rom\u00e2nia. Finala s-a desf\u0103\u0219urat \u00een Sala Sporturilor Paralimpice din [&hellip;]<\/p>\n","protected":false},"author":1,"featured_media":0,"comment_status":"open","ping_status":"","sticky":false,"template":"","format":"standard","meta":{"footnotes":""},"categories":[2],"tags":[37,226],"class_list":["post-2120128","post","type-post","status-publish","format-standard","hentry","category-politics","tag-agerpres-ro","tag-crawlmanager"],"_links":{"self":[{"href":"https:\/\/analyse.optim.biz\/index.php?rest_route=\/wp\/v2\/posts\/2120128","targetHints":{"allow":["GET"]}}],"collection":[{"href":"https:\/\/analyse.optim.biz\/index.php?rest_route=\/wp\/v2\/posts"}],"about":[{"href":"https:\/\/analyse.optim.biz\/index.php?rest_route=\/wp\/v2\/types\/post"}],"author":[{"embeddable":true,"href":"https:\/\/analyse.optim.biz\/index.php?rest_route=\/wp\/v2\/users\/1"}],"replies":[{"embeddable":true,"href":"https:\/\/analyse.optim.biz\/index.php?rest_route=%2Fwp%2Fv2%2Fcomments&post=2120128"}],"version-history":[{"count":0,"href":"https:\/\/analyse.optim.biz\/index.php?rest_route=\/wp\/v2\/posts\/2120128\/revisions"}],"wp:attachment":[{"href":"https:\/\/analyse.optim.biz\/index.php?rest_route=%2Fwp%2Fv2%2Fmedia&parent=2120128"}],"wp:term":[{"taxonomy":"category","embeddable":true,"href":"https:\/\/analyse.optim.biz\/index.php?rest_route=%2Fwp%2Fv2%2Fcategories&post=2120128"},{"taxonomy":"post_tag","embeddable":true,"href":"https:\/\/analyse.optim.biz\/index.php?rest_route=%2Fwp%2Fv2%2Ftags&post=2120128"}],"curies":[{"name":"wp","href":"https:\/\/api.w.org\/{rel}","templated":true}]}}