{"id":2120123,"date":"2026-08-30T15:53:24","date_gmt":"2026-08-30T12:53:24","guid":{"rendered":"https:\/\/analyse.optim.biz\/?p=2120123"},"modified":"2026-08-30T15:53:24","modified_gmt":"2026-08-30T12:53:24","slug":"ajf-buzau-start-de-sezon-in-liga-a-5-a","status":"publish","type":"post","link":"https:\/\/analyse.optim.biz\/?p=2120123","title":{"rendered":"AJF Buz\u0103u: START DE SEZON \u00ceN LIGA A 5-A!"},"content":{"rendered":"<p>[analyse_image type=&#8221;featured&#8221; src=&#8221;https:\/\/buzaumedia.ro\/wp-content\/uploads\/2026\/08\/1787942408_AJF-Buzau-INFORMARE.pnghttps:\/\/buzaumedia.ro\/wp-content\/uploads\/2026\/08\/1787942408_AJF-Buzau-INFORMARE.png&#8221;]<\/p>\n<div class=\"entry-content rbct clearfix is-highlight-shares\">\n<p>\u00a0<\/p>\n<p>Dragi iubitori ai fotbalului buzoian, a\u0219teptarea a luat sf\u00e2r\u0219it! Duminic\u0103, 30 August, d\u0103m fluierul de start \u00eentr-un nou sezon (26\/27) \u00een Liga a 5-a, Seria 1.<\/p>\n<p>Se anun\u021b\u0103 un campionat spectaculos \u0219i echilibrat, \u00een care 18 echipe sunt preg\u0103tite s\u0103 dea totul pe teren \u00een fiecare duminic\u0103.<\/p>\n<p>Ne bucur\u0103m din suflet s\u0103 revedem \u00een iarb\u0103 trei echipe dragi nou\u0103, care revin \u00een competi\u021bie: \u0218oimii Coste\u0219ti, AS Chiojdu \u0219i Spartac Po\u0219ta C\u00e2ln\u0103u.<\/p>\n<p>Sor\u021bii ne-au preg\u0103tit din start dueluri atractive! \u0218oimii Coste\u0219ti \u0219i AS Chiojdu se vor \u00eenfrunta direct chiar \u00een prima rund\u0103, \u00een timp ce Spartac Po\u0219ta C\u00e2ln\u0103u va primi vizita celor de la Verne\u0219ti, \u00eentr-un adev\u0103rat joc al prieteniei \u0219i al revederii pe terenul de fotbal.<\/p>\n<p>Etapa de debut vine cu multe partide captivante \u00een tot jude\u021bul. V\u0103 a\u0219tept\u0103m pe stadioane s\u0103 v\u0103 sus\u021bine\u021bi echipa local\u0103 \u0219i s\u0103 v\u0103 bucura\u021bi de fotbal al\u0103turi de comunitatea voastr\u0103!<\/p>\n<p>Mult succes tuturor echipelor \u0219i s\u0103 avem un campionat reu\u0219it!<\/p>\n<p>Asocia\u021bia Jude\u021bean\u0103 de Fotbal Buz\u0103u<\/p>\n<\/div>\n<p>[analyse_source url=&#8221;https:\/\/buzaumedia.ro\/stiri-buzau\/ajf-buzau-start-de-sezon-in-liga-a-5-a\/&#8221;]<\/p>\n","protected":false},"excerpt":{"rendered":"<p>[analyse_image type=&#8221;featured&#8221; src=&#8221;https:\/\/buzaumedia.ro\/wp-content\/uploads\/2026\/08\/1787942408_AJF-Buzau-INFORMARE.pnghttps:\/\/buzaumedia.ro\/wp-content\/uploads\/2026\/08\/1787942408_AJF-Buzau-INFORMARE.png&#8221;] \u00a0 Dragi iubitori ai fotbalului buzoian, a\u0219teptarea a luat sf\u00e2r\u0219it! Duminic\u0103, 30 August, d\u0103m fluierul de start \u00eentr-un nou sezon (26\/27) \u00een Liga a 5-a, Seria 1. Se anun\u021b\u0103 un campionat spectaculos \u0219i echilibrat, \u00een care 18 echipe sunt preg\u0103tite s\u0103 dea totul pe teren \u00een fiecare duminic\u0103. Ne bucur\u0103m din suflet [&hellip;]<\/p>\n","protected":false},"author":1,"featured_media":0,"comment_status":"open","ping_status":"","sticky":false,"template":"","format":"standard","meta":{"footnotes":""},"categories":[2],"tags":[66,226],"class_list":["post-2120123","post","type-post","status-publish","format-standard","hentry","category-politics","tag-buzaumedia-ro","tag-crawlmanager"],"_links":{"self":[{"href":"https:\/\/analyse.optim.biz\/index.php?rest_route=\/wp\/v2\/posts\/2120123","targetHints":{"allow":["GET"]}}],"collection":[{"href":"https:\/\/analyse.optim.biz\/index.php?rest_route=\/wp\/v2\/posts"}],"about":[{"href":"https:\/\/analyse.optim.biz\/index.php?rest_route=\/wp\/v2\/types\/post"}],"author":[{"embeddable":true,"href":"https:\/\/analyse.optim.biz\/index.php?rest_route=\/wp\/v2\/users\/1"}],"replies":[{"embeddable":true,"href":"https:\/\/analyse.optim.biz\/index.php?rest_route=%2Fwp%2Fv2%2Fcomments&post=2120123"}],"version-history":[{"count":0,"href":"https:\/\/analyse.optim.biz\/index.php?rest_route=\/wp\/v2\/posts\/2120123\/revisions"}],"wp:attachment":[{"href":"https:\/\/analyse.optim.biz\/index.php?rest_route=%2Fwp%2Fv2%2Fmedia&parent=2120123"}],"wp:term":[{"taxonomy":"category","embeddable":true,"href":"https:\/\/analyse.optim.biz\/index.php?rest_route=%2Fwp%2Fv2%2Fcategories&post=2120123"},{"taxonomy":"post_tag","embeddable":true,"href":"https:\/\/analyse.optim.biz\/index.php?rest_route=%2Fwp%2Fv2%2Ftags&post=2120123"}],"curies":[{"name":"wp","href":"https:\/\/api.w.org\/{rel}","templated":true}]}}