{"id":2120121,"date":"2026-08-01T07:35:34","date_gmt":"2026-08-01T04:35:34","guid":{"rendered":"https:\/\/analyse.optim.biz\/?p=2120121"},"modified":"2026-08-01T07:35:34","modified_gmt":"2026-08-01T04:35:34","slug":"deputatul-usr-de-buzau-marius-alecsandru-sper-ca-astfel-de-aberatii-sa-nu-se-mai-intample","status":"publish","type":"post","link":"https:\/\/analyse.optim.biz\/?p=2120121","title":{"rendered":"Deputatul USR de Buz\u0103u, Marius Alecsandru: Sper ca astfel de abera\u021bii s\u0103 nu se mai \u00eent\u00e2mple!"},"content":{"rendered":"<p>[analyse_image type=&#8221;featured&#8221; src=&#8221;https:\/\/www.campusbuzau.ro\/wp-content\/uploads\/2026\/08\/760366468_122203409756579087_1600959151239401906_n.jpghttps:\/\/www.campusbuzau.ro\/wp-content\/uploads\/2026\/08\/760366468_122203409756579087_1600959151239401906_n.jpg&#8221;]<\/p>\n<div class=\"entry-content\">\n<p><strong>Deputatul USR de Buz\u0103u, Marius Alexandru, anun\u021b\u0103 c\u0103, ieri, \u00een \u0219edin\u021ba de Plen a Camerei Deputa\u021bilor, au fost aprobate mai multe proiecte, la unul dintre acestea fiind cosemnatar dup\u0103 ini\u021biativa depus\u0103 de un coleg parlamentar, Adrian Echert. <\/strong><\/p>\n<p>\u201e<em><strong>Problema ne-a fost sesizat\u0103 de c\u0103tre mai mul\u021bi mici antreprenori care au fost pu\u0219i \u00een mari dificult\u0103\u021bi, solicit\u00e2ndu-li-se de c\u0103tre ANAF retroactiv TVA-ul pe care nu l-au facturat \u0219i nu l-au \u00eencasat niciodat\u0103!<\/strong><\/em><\/p>\n<p><em><strong>\u00cen plus, cei de la ANAF au solicitat abuziv \u0219i penaliz\u0103ri \u0219i dob\u00e2nzi, dup\u0103 4 ani \u00een care au avut comunic\u0103ri cu firmele acestea sau chiar au fost \u00een controale \u0219i nu au specificat c\u0103 ar fi vreo problem\u0103 pe aceast\u0103 tem\u0103.<\/strong><\/em><\/p>\n<p><em><strong>\u00cen urma acestor sesiz\u0103ri, am creat un grup de lucru, \u00eempreun\u0103 cu mai mul\u021bi colegi parlamentari USR, cu antreprenorii afecta\u021bi, cu avoca\u021bi, iar \u00een urma discu\u021biilor purtate colegul meu Adrian Echert, membru al Comisiei de Buget din Camera Deputa\u021bilor, a ini\u021biat un proiect de lege, la care am fost mai mul\u021bi colegi de la USR cosemnatari, prin care se anuleaz\u0103 aceste abuzuri venite din partea celor de la ANAF si \u00eei oblig\u0103 pe ace\u0219tia s\u0103 returneze banii \u00eencasa\u021bi abuziv ca foloase necuvenite.<\/strong><\/em><\/p>\n<p><strong><em>\u00cel felicit pe colegul meu Adrian Echert pentru implicare, este zona lui de expertiz\u0103 \u0219i m\u0103 bucur c\u0103 am <\/em><\/strong><strong>fost, al\u0103turi de colegi din USR, parte din solu\u021bionarea acestei situa\u021bii nefericite!<\/strong><\/p>\n<p><em><strong>Nici nu \u00een\u021beleg cum a fost posibil\u0103 o astfel de interpretare din partea celor de la ANAF, o astfel de b\u0103taie de joc fa\u021b\u0103 de antreprenori care sunt, practic, motorul economiei rom\u00e2ne\u0219ti!<\/strong><\/em><\/p>\n<p><strong><em>Este bine c\u0103 s-a rezolvat dup\u0103 aproape 1 an \u0219i sper ca astfel de abera\u021bii s\u0103 nu se mai \u00eent\u00e2mple!<\/em>\u201e, a transmis parlamentarul USR de Buz\u0103u.<\/strong><\/p>\n<\/div>\n<p>[analyse_source url=&#8221;https:\/\/www.campusbuzau.ro\/deputat-usr-buzau-marius-alecsandru-tva\/&#8221;]<\/p>\n","protected":false},"excerpt":{"rendered":"<p>[analyse_image type=&#8221;featured&#8221; src=&#8221;https:\/\/www.campusbuzau.ro\/wp-content\/uploads\/2026\/08\/760366468_122203409756579087_1600959151239401906_n.jpghttps:\/\/www.campusbuzau.ro\/wp-content\/uploads\/2026\/08\/760366468_122203409756579087_1600959151239401906_n.jpg&#8221;] Deputatul USR de Buz\u0103u, Marius Alexandru, anun\u021b\u0103 c\u0103, ieri, \u00een \u0219edin\u021ba de Plen a Camerei Deputa\u021bilor, au fost aprobate mai multe proiecte, la unul dintre acestea fiind cosemnatar dup\u0103 ini\u021biativa depus\u0103 de un coleg parlamentar, Adrian Echert. \u201eProblema ne-a fost sesizat\u0103 de c\u0103tre mai mul\u021bi mici antreprenori care au fost pu\u0219i \u00een [&hellip;]<\/p>\n","protected":false},"author":1,"featured_media":0,"comment_status":"open","ping_status":"","sticky":false,"template":"","format":"standard","meta":{"footnotes":""},"categories":[2],"tags":[118,226],"class_list":["post-2120121","post","type-post","status-publish","format-standard","hentry","category-politics","tag-campusbuzau-ro","tag-crawlmanager"],"_links":{"self":[{"href":"https:\/\/analyse.optim.biz\/index.php?rest_route=\/wp\/v2\/posts\/2120121","targetHints":{"allow":["GET"]}}],"collection":[{"href":"https:\/\/analyse.optim.biz\/index.php?rest_route=\/wp\/v2\/posts"}],"about":[{"href":"https:\/\/analyse.optim.biz\/index.php?rest_route=\/wp\/v2\/types\/post"}],"author":[{"embeddable":true,"href":"https:\/\/analyse.optim.biz\/index.php?rest_route=\/wp\/v2\/users\/1"}],"replies":[{"embeddable":true,"href":"https:\/\/analyse.optim.biz\/index.php?rest_route=%2Fwp%2Fv2%2Fcomments&post=2120121"}],"version-history":[{"count":0,"href":"https:\/\/analyse.optim.biz\/index.php?rest_route=\/wp\/v2\/posts\/2120121\/revisions"}],"wp:attachment":[{"href":"https:\/\/analyse.optim.biz\/index.php?rest_route=%2Fwp%2Fv2%2Fmedia&parent=2120121"}],"wp:term":[{"taxonomy":"category","embeddable":true,"href":"https:\/\/analyse.optim.biz\/index.php?rest_route=%2Fwp%2Fv2%2Fcategories&post=2120121"},{"taxonomy":"post_tag","embeddable":true,"href":"https:\/\/analyse.optim.biz\/index.php?rest_route=%2Fwp%2Fv2%2Ftags&post=2120121"}],"curies":[{"name":"wp","href":"https:\/\/api.w.org\/{rel}","templated":true}]}}