{"id":2120118,"date":"2026-08-31T00:00:00","date_gmt":"2026-08-30T21:00:00","guid":{"rendered":"https:\/\/analyse.optim.biz\/?p=2120118"},"modified":"2026-08-31T00:00:00","modified_gmt":"2026-08-30T21:00:00","slug":"31-august-ziua-internationala-pentru-persoanele-cu-descendenta-africana-onu","status":"publish","type":"post","link":"https:\/\/analyse.optim.biz\/?p=2120118","title":{"rendered":"31 august &#8211; Ziua interna\u021bional\u0103 pentru persoanele cu descenden\u021b\u0103 african\u0103 (ONU)"},"content":{"rendered":"<p>[analyse_image type=&#8221;featured&#8221; src=&#8221;https:\/\/agerpres.ro\/data\/202608\/20260829030228_672918.jpg&#8221;]<\/p>\n<div class=\"mx-auto pt-3\">\n<p>\u00centr-un moment de transformare pentru egalitatea global\u0103, Adunarea General\u0103 a ONU a adoptat o nou\u0103 rezolu\u021bie \u00een decembrie 2024, lans\u00e2nd cel de-al Doilea Deceniu Interna\u021bional pentru Persoanele cu Descenden\u021b\u0103 African\u0103. Desf\u0103\u0219urat \u00een perioada 1 ianuarie 2025 &#8211; 31 decembrie 2034, acest deceniu are ca tem\u0103 &#8216;Persoanele de origine african\u0103: recunoa\u0219tere, dreptate \u0219i dezvoltare&#8217; (&#8216;People of African Descent: Recognition, Justice, and Development&#8217;), potrivit <a href=\"https:\/\/www.un.org\/\" target=\"_blank\">https:\/\/www.un.org\/<\/a>.<\/p>\n<p>Baz\u00e2ndu-se pe progresele deceniului precedent, aceast\u0103 ini\u021biativ\u0103 \u00ee\u0219i propune s\u0103 amplifice eforturile globale \u00een direc\u021bia justi\u021biei \u0219i dezvolt\u0103rii persoanelor de origine african\u0103, prin promovarea colabor\u0103rii \u00eentre guverne, organiza\u021bii \u0219i comunit\u0103\u021bi.<\/p>\n<p>Anul 2024 a fost ultimul din Deceniul Interna\u021bional pentru Persoanele de Origine African\u0103, o ini\u021biativ\u0103 lansat\u0103 de Adunarea General\u0103 a Na\u021biunilor Unite pentru a recunoa\u0219te persoanele din America cu origini africane ca un grup distinct ale c\u0103rui drepturi ale omului trebuie protejate. Prin aceast\u0103 s\u0103rb\u0103toare, Na\u021biunile Unite \u00ee\u0219i propun s\u0103 promoveze contribu\u021biile extraordinare ale diasporei africane din \u00eentreaga lume \u0219i s\u0103 elimine toate formele de discriminare \u00eempotriva persoanelor de origine african\u0103.<\/p>\n<p>Organiza\u021bia Na\u021biunilor Unite condamn\u0103 ferm practicile violente continue \u0219i utilizarea excesiv\u0103 a for\u021bei de c\u0103tre organiza\u021biile destinate aplic\u0103rii m\u0103surilor legale \u00eempotriva africanilor \u0219i a persoanelor de origine african\u0103 \u0219i condamn\u0103 rasismul structural \u00een sistemele de justi\u021bie penal\u0103 din \u00eentreaga lume. Organiza\u021bia \u00eencadreaz\u0103, de asemenea, comer\u021bul transatlantic cu sclavi ca fiind unul dintre cele mai \u00eentunecate capitole din istoria umanit\u0103\u021bii \u0219i sus\u021bine demnitatea uman\u0103 \u0219i egalitatea pentru victimele sclaviei, comer\u021bului cu sclavi \u0219i colonialismului, \u00een special pentru persoanele de origine african\u0103 din diaspora.<\/p>\n<p>La 14-17 aprilie 2026 a avut loc a cincea sesiune a Forumului permanent al ONU privind persoanele de origine african\u0103, desf\u0103\u0219urat la Geneva.<\/p>\n<p>O alt\u0103 conferin\u021b\u0103 important\u0103 a avut loc la Accra, \u00een iunie 2026, la care au participat reprezentan\u021bi din peste 80 de \u021b\u0103ri, unde a fost adoptat un cadru \u00een 19 puncte pentru justi\u021bia reparatorie. Acesta solicit\u0103 scuze oficiale, desp\u0103gubiri, m\u0103suri legate de datorii \u0219i restituirea bunurilor culturale, a arhivelor \u0219i a r\u0103m\u0103\u0219i\u021belor umane legate de sclavie \u0219i colonialism, potrivit publica\u021biei The Guardian.<\/p>\n<p>\u00cen august 2026, pre\u0219edintele Ghanei, John Dramani Mahama, a descris repatrierea ca un drept al persoanelor de origine african\u0103. Ghana are deja un mecanism privind dreptul de domiciliu, care permite persoanelor eligibile de origine african\u0103 s\u0103 ob\u021bin\u0103 drepturi de \u0219edere\/munc\u0103, men\u021bioneaz\u0103 publica\u021bia amintit\u0103. AGERPRES\/(Documentare &#8211; Roxana Losneanu, editor: Doina Lecea, editor online: Andreea Preda)<\/p>\n<p>\u00a0<\/p>\n<p>Sursa foto:\u00a0<a href=\"https:\/\/www.unesco.org\/en\/decades\/people-african-descent\" target=\"_blank\">unesco.org<\/a><\/p>\n<\/div>\n<div class=\"mx-auto pt-3\">\n                                Afisari: 235\n                            <\/div>\n<p>[analyse_source url=&#8221;https:\/\/agerpres.ro\/documentare\/2026\/08\/31\/31-august&#8212;ziua-internationala-pentru-persoanele-cu-descendenta-africana-onu&#8211;1588854&#8243;]<\/p>\n","protected":false},"excerpt":{"rendered":"<p>[analyse_image type=&#8221;featured&#8221; src=&#8221;https:\/\/agerpres.ro\/data\/202608\/20260829030228_672918.jpg&#8221;] \u00centr-un moment de transformare pentru egalitatea global\u0103, Adunarea General\u0103 a ONU a adoptat o nou\u0103 rezolu\u021bie \u00een decembrie 2024, lans\u00e2nd cel de-al Doilea Deceniu Interna\u021bional pentru Persoanele cu Descenden\u021b\u0103 African\u0103. Desf\u0103\u0219urat \u00een perioada 1 ianuarie 2025 &#8211; 31 decembrie 2034, acest deceniu are ca tem\u0103 &#8216;Persoanele de origine african\u0103: recunoa\u0219tere, dreptate \u0219i [&hellip;]<\/p>\n","protected":false},"author":1,"featured_media":0,"comment_status":"open","ping_status":"","sticky":false,"template":"","format":"standard","meta":{"footnotes":""},"categories":[2],"tags":[37,226],"class_list":["post-2120118","post","type-post","status-publish","format-standard","hentry","category-politics","tag-agerpres-ro","tag-crawlmanager"],"_links":{"self":[{"href":"https:\/\/analyse.optim.biz\/index.php?rest_route=\/wp\/v2\/posts\/2120118","targetHints":{"allow":["GET"]}}],"collection":[{"href":"https:\/\/analyse.optim.biz\/index.php?rest_route=\/wp\/v2\/posts"}],"about":[{"href":"https:\/\/analyse.optim.biz\/index.php?rest_route=\/wp\/v2\/types\/post"}],"author":[{"embeddable":true,"href":"https:\/\/analyse.optim.biz\/index.php?rest_route=\/wp\/v2\/users\/1"}],"replies":[{"embeddable":true,"href":"https:\/\/analyse.optim.biz\/index.php?rest_route=%2Fwp%2Fv2%2Fcomments&post=2120118"}],"version-history":[{"count":0,"href":"https:\/\/analyse.optim.biz\/index.php?rest_route=\/wp\/v2\/posts\/2120118\/revisions"}],"wp:attachment":[{"href":"https:\/\/analyse.optim.biz\/index.php?rest_route=%2Fwp%2Fv2%2Fmedia&parent=2120118"}],"wp:term":[{"taxonomy":"category","embeddable":true,"href":"https:\/\/analyse.optim.biz\/index.php?rest_route=%2Fwp%2Fv2%2Fcategories&post=2120118"},{"taxonomy":"post_tag","embeddable":true,"href":"https:\/\/analyse.optim.biz\/index.php?rest_route=%2Fwp%2Fv2%2Ftags&post=2120118"}],"curies":[{"name":"wp","href":"https:\/\/api.w.org\/{rel}","templated":true}]}}