{"id":2120074,"date":"2026-08-30T14:12:13","date_gmt":"2026-08-30T11:12:13","guid":{"rendered":"https:\/\/analyse.optim.biz\/?p=2120074"},"modified":"2026-08-30T14:12:13","modified_gmt":"2026-08-30T11:12:13","slug":"doi-ani-de-neutralitate-si-un-tratat-secret-cum-a-negociat-ionel-bratianu-intrarea-romaniei-in-razboi-sa","status":"publish","type":"post","link":"https:\/\/analyse.optim.biz\/?p=2120074","title":{"rendered":"Doi ani de neutralitate \u0219i un tratat secret: cum a negociat Ionel Br\u0103tianu intrarea Rom\u00e2niei \u00een r\u0103zboi. \u201eS\u0103&#8230;"},"content":{"rendered":"<p>[analyse_image type=&#8221;featured&#8221; src=&#8221;https:\/\/cdn.adh.reperio.news\/image-2\/2a9c3656-3722-45ea-a4fd-8592f007d039\/index.jpeg?p=f%3Djpeg%26w%3D1200%26h%3D630%26r%3Dcover&#8221;]<\/p>\n<article class=\"svelte-x63bga\">\n<nav>\n<ul class=\"breadcrump svelte-1pk9a69\">\n<li class=\"svelte-1pk9a69\"><a href=\"https:\/\/adevarul.ro\/\" title=\"Adev\u0103rul\" class=\"svelte-1pk9a69\">Home<\/a><\/li>\n<li class=\"svelte-1pk9a69\"><a href=\"https:\/\/adevarul.ro\/stil-de-viata\" class=\"svelte-1pk9a69\">Stil de via\u021b\u0103<\/a><\/li>\n<li class=\"svelte-1pk9a69\"><a href=\"https:\/\/adevarul.ro\/stil-de-viata\/magazin\" class=\"svelte-1pk9a69\">Magazin<\/a><\/li>\n<li class=\"svelte-1pk9a69\"><a href=\"https:\/\/adevarul.ro\/stil-de-viata\/magazin\/doi-ani-de-neutralitate-si-un-tratat-secret-cum-a-2552600.html\" class=\"svelte-1pk9a69\">Doi ani de neutralitate \u0219i un tratat secret: cum a negociat Ionel Br\u0103tianu intrarea Rom\u00e2niei \u00een r\u0103zboi. \u201eS\u0103 ne vedem de necazurile noastre\u201c<\/a><\/li>\n<\/ul>\n<\/nav>\n<p><main class=\"svelte-x63bga\"><\/p>\n<p>Pe 27 august 1916, Rom\u00e2nia intra oficial \u00een Primul R\u0103zboi Mondial, la presiunea Antantei, \u00eentr-un entuziasm popular general. Participarea la acest conflict devastator care r\u0103v\u0103\u0219ea Europa \u00eenc\u0103 din anul 1914 a survenit dup\u0103 doi ani de neutralitate, dispute la s\u00e2nge \u0219i negocieri secrete.\u00a0<\/p>\n<div class=\"container-image  svelte-1xbw4f3\"><source type=\"image\/webp\" srcset=\"https:\/\/cdn.adh.reperio.news\/image-2\/2a9c3656-3722-45ea-a4fd-8592f007d039\/index.jpeg?p=a%3D1%26co%3D1.05%26w%3D1400%26h%3D750%26r%3Dcontain%26f%3Dwebp 1400w\" media=\"(min-width: 1400px)\" \/><\/p>\n<div class=\"caption svelte-1xbw4f3\"><span class=\"captionText svelte-1xbw4f3\">Trupele rom\u00e2ne\u0219ti preg\u0103tite de r\u0103zboi trecute \u00een revist\u0103 <span class=\"source svelte-1xbw4f3\">Foto: Adevarul<\/span><\/span><\/div>\n<\/div>\n<p>\u00cen seara zilei<br \/>\nde 27 august 1916, pe la ora 21.00, contele Stephan Burian von Rajecz,<br \/>\nministrul de Externe al Imperiului Austro-Ungar, a fost anun\u021bat de secretarul<br \/>\ns\u0103u c\u0103 ministrul rom\u00e2n, Edgar Mavrocordat, solicit\u0103 o audien\u021b\u0103 de urgen\u021b\u0103.<br \/>\nEvident, i-a fost acordat\u0103 imediat. Edgar Mavrocordat, c\u00e2t se poate de oficial,<br \/>\ni-a \u00eenm\u00e2nat un document: Rom\u00e2nia declara r\u0103zboi Austro-Ungariei. La ora 22.30,<br \/>\nafla despre aceast\u0103 veste \u0219i \u00eemp\u0103ratul german Wilhelm al II-lea, \u00een timpul unei<br \/>\npartide de c\u0103r\u021bi. P\u00e2n\u0103 s-au r\u0103sp\u00e2ndit ve\u0219tile \u00eentre diferi\u021bi oficiali \u0219i<br \/>\nplenipoten\u021biari, trei armate rom\u00e2ne au trecut Carpa\u021bii \u0219i i-au luat ca din oal\u0103<br \/>\npe gr\u0103nicerii austrieci. <\/p>\n<p>A doua zi<br \/>\ndiminea\u021b\u0103, \u201eMonitorul Oficial\u201c<br \/>\nanun\u021ba: <i>\u201eCu<br \/>\n\u00eencepere de la 14\/27 august 1916, ora 9 seara, Rom\u00e2nia se g\u0103se\u015fte \u00een stare de<br \/>\nr\u0103zboi cu Austro-Ungaria\u201c<\/i>. \u00cen aceea\u0219i zi, Germania, \u00een virtutea<br \/>\nalian\u0163ei cu Austro-Ungaria (ambele parte din alian\u021ba Puterilor Centrale,<br \/>\nal\u0103turi de Bulgaria \u0219i Imperiul Otoman), a declarat r\u0103zboi Rom\u00e2niei. C\u00e2teva<br \/>\nzile mai t\u00e2rziu, pe 31 august, \u0219i Imperiul Otoman a declarat r\u0103zboi Rom\u00e2niei.<br \/>\nAcela\u0219i lucru l-a f\u0103cut \u0219i Bulgaria pe 1 septembrie, de\u0219i atacase pozi\u021biile<br \/>\nrom\u00e2ne\u0219ti din Dobrogea tot pe 31 august, f\u0103r\u0103 o declara\u021bie prealabil\u0103. P\u00e2n\u0103 pe<br \/>\ndata de 1 septembrie 1916, Rom\u00e2nia a intrat \u00een stare de r\u0103zboi cu toate statele<br \/>\nPuterilor Centrale, av\u00e2nd de ap\u0103rat un front uria\u0219, de peste 1.200 de<br \/>\nkilometri, parte a Frontului de Est. Acest arc de cerc expus pe dou\u0103 laturi a<br \/>\npus armata \u00een fa\u021ba unei duble amenin\u021b\u0103ri. Cu toate acestea, autorit\u0103\u021bile rom\u00e2ne<br \/>\nde la acea vreme considerau c\u0103 luaser\u0103 decizia corect\u0103. Mai ales \u00een condi\u021biile<br \/>\n\u00een care asupra Rom\u00e2niei au fost exercitate presiuni diplomatice din partea<br \/>\ncelor dou\u0103 blocuri militare care transformaser\u0103 Europa, \u00eenc\u0103 din 1914, \u00eentr-un<br \/>\nadev\u0103rat abator. <\/p>\n<h2>O alian\u021b\u0103 veche nu garanteaz\u0103 una nou\u0103<\/h2>\n<p>Primul R\u0103zboi<br \/>\nMondial a \u00eenceput \u00een vara lui 1914, dup\u0103 asasinatul de la Sarajevo. Evident,<br \/>\nuciderea arhiducelui Franz Ferdinand de c\u0103tre studentul s\u00e2rb Gavrilo Princip a<br \/>\nfost doar pretextul necesar; marile puteri europene se preg\u0103teau de<br \/>\nmult de r\u0103zboi. A\u0219adar, se conturaser\u0103 dou\u0103 mari blocuri militare \u0219i politice,<br \/>\nAntanta \u0219i Puterile Centrale. Din primul f\u0103ceau parte Anglia, Fran\u021ba \u0219i<br \/>\nImperiul \u021aarist, ulterior \u0219i Italia, iar din cel de-al doilea, Imperiul German,<br \/>\nImperiul Austro-Ungar, Bulgaria \u0219i Imperiul Otoman. <\/p>\n<p>Motivul pentru care Rom\u00e2nia se afla \u00eentr-o situa\u021bie politic\u0103 \u0219i diplomatic\u0103<br \/>\ndelicat\u0103 \u00ee\u0219i are r\u0103d\u0103cinile la finalul secolului XIX. \u00cenainte de \u00eenceperea r\u0103zboiului,<br \/>\nblocul Puterilor Centrale purta numele de Tripla Alian\u021b\u0103. Aceasta a avut un<br \/>\ncaracter defensiv (mai ales \u00eempotriva Fran\u021bei \u0219i Rusiei), a fost fondat\u0103 \u00een<br \/>\nanul 1882 \u0219i era ini\u021bial compus\u0103 din Germania, Austro-Ungaria \u0219i Italia.<br \/>\nUlterior, Italia va migra c\u0103tre Antanta, iar Imperiul Otoman \u0219i Bulgaria i se<br \/>\nvor al\u0103tura, form\u00e2nd blocul militar Puterile Centrale. Pe 30 octombrie 1883,<br \/>\nRom\u00e2nia a semnat \u00een secret aderarea la Tripla Alian\u021b\u0103, apropierea de Germania<br \/>\nfiind at\u00e2t fireasc\u0103, prin prisma originii Regelui Carol I, c\u00e2t \u0219i necesar\u0103,<br \/>\nRom\u00e2nia av\u00e2nd nevoie de garan\u021bii de securitate dup\u0103 conflictul cu ru\u0219ii de la<br \/>\nfinalul R\u0103zboiului de Independen\u021b\u0103. Era \u00eens\u0103 o alian\u021b\u0103 contrar opiniei publice<br \/>\nrom\u00e2ne\u0219ti, care era favorabil\u0103 unei rela\u021bii apropiate cu Fran\u021ba, dar \u0219i contra<br \/>\nAustro-Ungariei, mai ales pe seama chestiunii Transilvaniei. <\/p>\n<h2>\u201eS\u0103 ne vedem de nevoile \u0219i de necazurile noastre\u201d<\/h2>\n<p>Imediat dup\u0103<br \/>\ndeclan\u0219area Marelui R\u0103zboi, Rom\u00e2nia a \u00eenceput s\u0103 fie curtat\u0103 intens de alia\u021bii<br \/>\ns\u0103i din Tripla Alian\u021b\u0103. \u201e<i>Vechea ta prietenie \u0219i leg\u0103turile noastre amicale<br \/>\nsunt, pentru mine, tot at\u00e2tea garan\u021bii c\u0103 tu vei avea o \u00een\u021belegere sincer\u0103 a<br \/>\nhot\u0103r\u00e2rii pe care am luat-o \u00een acest caz\u201c<\/i>, \u00eei scria \u00eemp\u0103ratul Franz Iosif Regelui Carol I. La r\u00e2ndul s\u0103u, \u00eemp\u0103ratul<br \/>\nWilhelm al II-lea \u00eei amintea suveranului rom\u00e2n de obliga\u021biile asumate prin<br \/>\nalian\u021b\u0103: <i>\u201eG\u00e2ndurile mele se \u00eendreapt\u0103 c\u0103tre tine, care ai ridicat astfel un<br \/>\nz\u0103gaz \u00een fa\u021ba valului slav. Eu am \u00eencredere c\u0103, \u00een calitate de rege \u0219i<br \/>\nHohenzollern, vei r\u0103m\u00e2ne credincios prietenilor t\u0103i \u0219i c\u0103 tu te vei conforma<br \/>\nf\u0103r\u0103 rezerve obliga\u021biilor tale de aliat\u201c<\/i>. Carol I era dispus s\u0103 asculte glasul s\u00e2ngelui \u0219i s\u0103 bage Rom\u00e2nia \u00een<br \/>\nPrimul R\u0103zboi Mondial al\u0103turi de Puterile Centrale, \u00een special contra Rusiei.<br \/>\n\u201e<i>Cerem mobilizarea imediat\u0103 a armatei rom\u00e2ne \u0219i angajarea ei \u00een lupta \u00eempotriva<br \/>\nRusiei\u201c,<\/i> \u00eei scria lui Carol I \u0219i cancelarul<br \/>\nGermaniei, Theobald von Bethmann Hollweg.<\/p>\n<div class=\"container-image  svelte-1xbw4f3\"><source type=\"image\/webp\" srcset=\"https:\/\/cdn.adh.reperio.news\/image-e\/e3658418-45e6-4317-b9de-9cb746309524\/index.jpeg?p=a%3D1%26co%3D1.05%26w%3D1400%26h%3D750%26r%3Dcontain%26f%3Dwebp 1400w\" media=\"(min-width: 1400px)\" \/><\/p>\n<div class=\"caption svelte-1xbw4f3\"><span class=\"captionText svelte-1xbw4f3\">Poster satiric din Primul R\u0103zboi Mondial <span class=\"source svelte-1xbw4f3\">Foto: Library of Congress<\/span><\/span><\/div>\n<\/div>\n<p>\u00cen acest<br \/>\ncontext, la 3 august 1914, regele Rom\u00e2niei a convocat la Sinaia Consiliul de<br \/>\nCoroan\u0103. La reuniune au participat membrii Guvernului, prim-ministrul Ion I.C.<br \/>\nBr\u0103tianu, principele mo\u0219tenitor Ferdinand \u0219i liderii principalelor partide<br \/>\npolitice. <i>\u201eDup\u0103 matur\u0103 chibzuin\u021b\u0103, convingerea mea ad\u00e2nc\u0103 este c\u0103 datoria<br \/>\nRom\u00e2niei este s\u0103 execute tratatele ce o leag\u0103 de Tripla Alian\u021b\u0103. Este o datorie<br \/>\nde onoare pentru orice \u021bar\u0103 s\u0103 \u00ee\u0219i respecte cuv\u00e2ntul dat. (&#8230;) Aceast\u0103 alian\u021b\u0103<br \/>\nne-a asigurat, \u00een ultimele decenii, foloase net\u0103g\u0103duite. A o p\u0103r\u0103si ast\u0103zi ar<br \/>\n\u00eensemna s\u0103 pierdem beneficiile a 30 de ani de munc\u0103 \u0219i roadele lor\u201c<\/i>, sus\u021binea regele \u00een fa\u021ba Consiliului<br \/>\nde Coroan\u0103. \u00cen afar\u0103 de sus\u021binerea partidei pro-germane, Carol I nu s-a putut<br \/>\nbaza pe majoritatea oamenilor politici. Ace\u0219tia \u0219tiau c\u00e2t de nepopular\u0103 putea<br \/>\nfi intrarea \u00een r\u0103zboi al\u0103turi de Austro-Ungaria \u0219i, \u00een plus, nu ajuta \u021bara \u00een<br \/>\n\u00eendeplinirea scopului declarat de unire cu Transilvania. Mai mult dec\u00e2t at\u00e2t,<br \/>\nRom\u00e2nia nu era preg\u0103tit\u0103 nici militar pentru un asemenea conflict. <\/p>\n<p><i>\u201eS\u0103 st\u0103m<br \/>\nlini\u0219ti\u021bi la o parte, s\u0103 ne vedem de nevoile \u0219i de necazurile noastre \u0219i s\u0103 ne<br \/>\nc\u0103znim s\u0103 p\u0103str\u0103m ceea ce cu at\u00e2ta trud\u0103 am agonisit. Dec\u00e2t s\u0103 ne av\u00e2nt\u0103m<br \/>\n\u00eentr-un r\u0103zboi contra sim\u021b\u0103m\u00e2ntului public, mai bine s\u0103 r\u0103m\u00e2nem neutri\u201c, preciza Theodor Rosetti, fost<br \/>\nprim-ministru. Neutralitatea a primit voturile majorit\u0103\u021bii. \u201eConstat c\u0103<br \/>\nreprezentan\u021bii \u021b\u0103rii aproape \u00een unanimitate au cerut neutralitatea Rom\u00e2niei. Ca<br \/>\nrege constitu\u021bional m\u0103 supun votului dumneavoastr\u0103. Mi-e fric\u0103 \u00eens\u0103 c\u0103<br \/>\nprestigiul \u021b\u0103rii va ie\u0219i mic\u0219orat din \u0219edin\u021ba de azi \u0219i m\u0103 tem c\u0103 a\u021bi luat o<br \/>\nhot\u0103r\u00e2re de care Rom\u00e2nia se va c\u0103i \u00een viitor\u201c<\/i>, ad\u0103uga Carol I, cu aproape dou\u0103 luni \u00eenainte de a muri.<\/p>\n<h2>\u201eTrebuie s\u0103 vaz\u0103 lumea ce voim \u0219i pentru ce voim\u201d<\/h2>\n<p>Neutralitatea<br \/>\nnu a \u00eensemnat c\u0103 Rom\u00e2nia nu \u0219tia de partea cui vrea s\u0103 fie. Clanul Br\u0103tienilor<br \/>\n\u0219i mul\u021bi al\u021bi politicieni filo-francezi \u2013 fie liberali, fie conservatori, \u0219i<br \/>\ncare de altfel dominau via\u021ba politic\u0103 rom\u00e2neasc\u0103 \u2013 erau convin\u0219i c\u0103 doar<br \/>\nal\u0103turi de Antanta, Rom\u00e2nia \u00ee\u0219i va putea atinge obiectivele principale:<br \/>\nTransilvania \u0219i Bucovina. De altfel, persecu\u021biile austro-ungare \u00eempotriva<br \/>\npopula\u021biei rom\u00e2ne din Transilvania, dar mai ales faptul c\u0103 austriecii au<br \/>\nsus\u021binut Bulgaria \u00een cele dou\u0103 r\u0103zboaie balcanice din 1912-1913, au dus la o<br \/>\nruptur\u0103 decisiv\u0103 fa\u021b\u0103 de Puterile Centrale. <\/p>\n<p><a class=\"related-inline svelte-78g0vl\" data-gtrack=\"{&quot;event&quot;:&quot;utm_click&quot;,&quot;data&quot;:{&quot;event_category&quot;:&quot;article_related&quot;}}\" href=\"https:\/\/adevarul.ro\/stil-de-viata\/magazin\/cel-mai-important-politician-al-secolului-strivit-2529979.html\" title=\"Alt articol de interes pentru tine\"><span class=\"inline-title svelte-78g0vl\">Cel mai important politician al secolului, strivit de o suferin\u021b\u0103 profund\u0103. Cum i-a refuzat familia dragostea omului care a schimbat istoria<\/span><\/a><\/p>\n<p>Perioada<br \/>\nneutralit\u0103\u021bii a fost folosit\u0103 foarte abil de prim-ministrul Ionel Br\u0103tianu<br \/>\npentru a vedea ce poate primi de la Antanta \u00een schimbul intr\u0103rii \u00een r\u0103zboi. \u00cen<br \/>\nprimul r\u00e2nd pentru a face acest pas, de o importan\u021b\u0103 vital\u0103 pentru viitorul<br \/>\nRom\u00e2niei, Br\u0103tianu trebuia s\u0103 se asigure c\u0103 \u021bara noastr\u0103 prime\u0219te suficiente<br \/>\ngaran\u021bii teritoriale \u0219i totodat\u0103 sprijin militar. \u201e<i>Nu \u0219tiu cum se va desf\u0103\u0219ura<br \/>\nr\u0103zboiul, putem avea soartea Serbiei, dar vom fi confirmat, \u00een mod<br \/>\nimprescriptibil, drepturile noastre asupra p\u0103m\u00e2ntului nostru. Vezi, momentul de<br \/>\nfa\u021b\u0103 este hot\u0103r\u00e2tor. Dac\u0103 se \u00eencheie pacea f\u0103r\u0103 noi, vom fi zdrobi\u021bi \u00eentre o<br \/>\nUngaria Mare \u0219i o Bulgaria Mare. Trebuie s\u0103 vaz\u0103 lumea ce voim \u0219i pentru ce<br \/>\nvoim\u201c,<\/i> \u00eei spunea fiului s\u0103u Gheorghe, la 8<br \/>\naugust 1916.<\/p>\n<div class=\"container-image  svelte-1xbw4f3\"><source type=\"image\/webp\" srcset=\"https:\/\/cdn.adh.reperio.news\/image-8\/88cc2ce6-bf59-4b3b-b656-df9aab60640a\/index.jpeg?p=a%3D1%26co%3D1.05%26w%3D1400%26h%3D750%26r%3Dcontain%26f%3Dwebp 1400w\" media=\"(min-width: 1400px)\" \/><\/p>\n<div class=\"caption svelte-1xbw4f3\"><span class=\"captionText svelte-1xbw4f3\">Ionel Br\u0103tianu <span class=\"source svelte-1xbw4f3\">Foto: adevarul<\/span><\/span><\/div>\n<\/div>\n<p>\u00cen timp ce<br \/>\npoliticienii rom\u00e2ni, partizani ai <a href=\"https:\/\/adevarul.ro\/stil-de-viata\/magazin\/decizia-care-a-schimbat-destinul-romaniei-de-ce-a-2546714.html\">Puterilor Centrale<\/a>, atr\u0103geau aten\u021bia asupra<br \/>\npericolului reprezentat de Rusia, Ionel Br\u0103tianu chiar cu ru\u0219ii a \u00eenceput<br \/>\nnegocierile, \u00een secret. El era convins c\u0103 tocmai pentru c\u0103 Rusia reprezenta o<br \/>\namenin\u021bare mare pentru Rom\u00e2nia, era bine ca \u021bara noastr\u0103 s\u0103 fie \u00een tab\u0103ra ei.<br \/>\n\u00cenc\u0103 de pe 1 octombrie 1914, Ionel Br\u0103tianu intermediaz\u0103 \u00eencheierea unui acord<br \/>\nsecret \u00eentre ministrul de Externe al Imperiului \u021aarist, Serghei Sazonov, \u0219i<br \/>\nreprezentantul Rom\u00e2niei la Sankt Petersburg, C. Diamandy. Prin acest acord<br \/>\nsecret, Rusia \u00ee\u0219i asuma obliga\u021bia de a ap\u0103ra integritatea teritorial\u0103 a<br \/>\nRom\u00e2niei \u0219i, cel mai important, i-a recunoscut drepturile asupra teritoriilor<br \/>\nrom\u00e2ne\u0219ti din Austro-Ungaria. <\/p>\n<h2>Hot\u0103r\u00e2rea din \u201ecasa secretelor\u201d<\/h2>\n<p>Evolu\u021bia<br \/>\nr\u0103zboiului a f\u0103cut ca Rom\u00e2nia s\u0103 fie foarte curtat\u0103 de ambele blocuri militare.<br \/>\nPentru Germania, intrarea \u00een lupt\u0103 a Rom\u00e2niei ar fi \u00eensemnat importante resurse<br \/>\nnaturale precum petrol \u0219i cereale, dar \u0219i un atu tactic prin lungirea frontului<br \/>\nrusesc. Pentru Antanta, intrarea Rom\u00e2niei \u00een r\u0103zboi devenise vital\u0103 mai ales<br \/>\ndup\u0103 o serie de ofensive concertate ale Alia\u021bilor. \u201e<i>Pe la sf\u00e2r\u0219itul lui mai<br \/>\nsosesc pe nea\u0219teptate telegrame anun\u021b\u00e2nd o puternic\u0103 ofensiv\u0103 ruseasc\u0103 \u00een<br \/>\nvecin\u0103tatea noastr\u0103. \u00cen c\u00e2teva zile, armatele comandate de generalul Brusilov<br \/>\n\u00eenainteaz\u0103 cu o iu\u021beal\u0103 surprinz\u0103toare. \u00cen fa\u021ba lor, frontul austriac se<br \/>\npr\u0103bu\u0219e\u0219te cum se pr\u0103bu\u0219ise la Lemberg \u00een 1914. Zeci de mii de prizonieri \u0219i o<br \/>\nprad\u0103 de r\u0103zboi ne\u00eenchipuit\u0103 cade \u00een m\u00e2inile lor. Alia\u021bii nu puteau s\u0103 piard\u0103<br \/>\n\u015fi d\u00e2n\u0219ii un asemenea prilej. Din toate p\u0103r\u021bile, deodat\u0103, o pornir\u0103 la asalt.<br \/>\nFran\u021ba a luat ini\u021biativa. Deja de c\u00e2tva timp, Quai d\u2019Orsay-ul era hipnotizat de<br \/>\nideea atragerii Rom\u00e2niei \u00een r\u0103zboi. Pe de alt\u0103 parte, \u015fi frontul francez<br \/>\ninspira cercurilor oficiale din Paris \u00eengrijorare\u201c,<\/i> scria I.G. Duca.<\/p>\n<div class=\"container-image  svelte-1xbw4f3\"><source type=\"image\/webp\" srcset=\"https:\/\/cdn.adh.reperio.news\/image-9\/92383f9e-4670-49f9-a17f-a8219c110166\/index.jpeg?p=a%3D1%26co%3D1.05%26w%3D1400%26h%3D750%26r%3Dcontain%26f%3Dwebp 1400w\" media=\"(min-width: 1400px)\" \/><\/p>\n<div class=\"caption svelte-1xbw4f3\"><span class=\"captionText svelte-1xbw4f3\">Trupele rom\u00e2ne\u0219ti se \u00eendreapt\u0103 c\u0103tre front <span class=\"source svelte-1xbw4f3\">Foto: Adevarul<\/span><\/span><\/div>\n<\/div>\n<p>Mai mult dec\u00e2t<br \/>\nat\u00e2t, la \u00eenceputul lunii iulie 1916, Br\u0103tianu prime\u0219te \u0219i un ultimatum de la<br \/>\nreprezentan\u021bii Antantei. <i>\u201eTrebuie s\u0103 intra\u021bi acum sau niciodat\u0103!\u201c<\/i>. <a href=\"https:\/\/adevarul.ro\/stil-de-viata\/magazin\/moartea-misterioasa-a-sultanului-creatorul-2319013.html\">Ionel Br\u0103tianu <\/a>practicase un dans<br \/>\ndiplomatic pe s\u00e2rm\u0103: nici nu dorea s\u0103 se afle despre tratativele secrete \u00een<br \/>\ntab\u0103ra Puterilor Centrale, dar nici s\u0103 piard\u0103 momentul prielnic cu Antanta.<br \/>\nAustriecii afl\u0103 \u00eens\u0103 de negocierile cu ru\u0219ii, inclusiv c\u0103 Rom\u00e2nia are de g\u00e2nd<br \/>\ns\u0103 intre \u00een r\u0103zboi. Dibacele politician a reu\u0219it s\u0103 \u00eenfiripe \u00eendoiala \u00een mintea<br \/>\naustro-ungarilor, \u00een timp ce, pe 17 august, la ora 11.00, \u00een casa \u00een care<br \/>\nlocuia fratele s\u0103u, Vintil\u0103 Br\u0103tianu, s-a semnat conven\u021bia cu reprezentan\u021bii<br \/>\nAntantei. Totul a fost \u021binut secret, inclusiv de Fran\u021ba, Marea Britanie \u0219i<br \/>\nImperiul \u021aarist, astfel c\u0103 Rom\u00e2nia urma s\u0103 atace Austro-Ungaria, prin<br \/>\nTransilvania, pe 27 august 1916. Tot atunci avea s\u0103-i anun\u021be \u0219i pe austrieci.<br \/>\nMobilizarea armatei, rechizi\u021biile, achizi\u021biile \u2013 toate s-au f\u0103cut \u00een secret,<br \/>\ntocmai pentru a p\u0103stra elementul-surpriz\u0103 \u00een ac\u021biunea de invazie a<br \/>\nTransilvaniei. <\/p>\n<p><a class=\"related-inline svelte-78g0vl\" data-gtrack=\"{&quot;event&quot;:&quot;utm_click&quot;,&quot;data&quot;:{&quot;event_category&quot;:&quot;article_related&quot;}}\" href=\"https:\/\/adevarul.ro\/stil-de-viata\/magazin\/o-carte-postala-gasita-asupra-unui-soldat-britanic-2537785.html\" title=\"Alt articol de interes pentru tine\"><span class=\"inline-title svelte-78g0vl\">O carte po\u0219tal\u0103 g\u0103sit\u0103 asupra unui soldat disp\u0103rut \u00een Primul R\u0103zboi Mondial a f\u0103cut posibil\u0103 reunirea familiei sale dup\u0103 un secol<\/span><\/a><\/p>\n<h2>\u201eNu cunosc dec\u00e2t interesele \u021b\u0103rii\u201d<\/h2>\n<p>Pe data de 27<br \/>\naugust a fost convocat Consiliul de Coroan\u0103 prin care se anun\u021ba oficial<br \/>\nintrarea Rom\u00e2niei \u00een r\u0103zboi. Era \u00eens\u0103 doar o formalitate, lucrurile fuseser\u0103<br \/>\nstabilite \u0219i aranjate \u00een cei doi ani de neutralitate. <i>\u201e\u00cen diminea\u0163a acelei zile<br \/>\na fost \u00eentrunit la Palatul Cotroceni Consiliul de Coroan\u0103 ce trebuia s\u0103 decid\u0103<br \/>\nformal declararea r\u0103zboiului. Consiliul de Coroan\u0103 a fost numai formalitatea<br \/>\nconstitu\u0163ional\u0103 care a consfin\u0163it hot\u0103r\u00e2rea intr\u0103rii noastre \u00een r\u0103zboi.<br \/>\nCondi\u0163iile \u015fi data intr\u0103rii \u00een ac\u0163iune fuseser\u0103 fixate prin Conven\u0163ia<br \/>\nultrasecret\u0103 \u00eencheiat\u0103 de Rom\u00e2nia cu Antanta\u201c<\/i>, preciza Constantin Argetoianu.<\/p>\n<div class=\"container-image  svelte-1xbw4f3\"><source type=\"image\/webp\" srcset=\"https:\/\/cdn.adh.reperio.news\/image-b\/b16fb3f3-e51c-43e6-886f-4b28db2ae8f8\/index.png?p=a%3D1%26co%3D1.05%26w%3D1400%26h%3D750%26r%3Dcontain%26f%3Dwebp 1400w\" media=\"(min-width: 1400px)\" \/><\/p>\n<div class=\"caption svelte-1xbw4f3\"><span class=\"captionText svelte-1xbw4f3\">Regele Ferdinand al Rom\u00e2niei <span class=\"source svelte-1xbw4f3\">Foto: wikipedia<\/span><\/span><\/div>\n<\/div>\n<p>Cu toate<br \/>\nacestea, nu au lipsit schimburile de replici dramatice. De exemplu,<br \/>\nfilo-germanii continuau s\u0103 sus\u021bin\u0103 c\u0103 intrarea \u00een r\u0103zboi al\u0103turi de Antanta<br \/>\neste o gre\u0219eal\u0103. <i>\u201eDin acest r\u0103zboi va ie\u015fi sau egemonia german\u0103, sau egemonia<br \/>\nruseasc\u0103. Egemonia german\u0103 \u00eenseamn\u0103 pentru noi m\u00e2ntuirea, cea ruseasc\u0103<br \/>\nsf\u00e2r\u015fitul, fiindc\u0103 vom sta \u00een drumul Rusiei c\u0103tre Constantinopole. lat\u0103 de ce<br \/>\nnu putem, oricum ar fi \u015fi \u00een orice \u00eemprejur\u0103ri, s\u0103 fim dec\u00e2t \u00eempotriva ru\u015filor.<br \/>\nDe altminteri, Sire, acesta nu este numai interesul \u0163\u0103rii, el este \u015fi interesul<br \/>\nDinastiei. S\u0103 nu-\u015fi \u00eenchipuiasc\u0103 Maiestatea Voastr\u0103 c\u0103 o Rusie \u00eenving\u0103toare va<br \/>\ntolera vreodat\u0103 \u00een Rom\u00e2nia o dinastie Hohenzollern\u201c,<\/i> preciza P.P. Carp \u00een fa\u021ba Regelui Ferdinand la Consiliul de Coroan\u0103. La<br \/>\nr\u00e2ndul s\u0103u, Ferdinand i-a dat un r\u0103spuns pe m\u0103sur\u0103:<\/p>\n<p><i>\u201eC\u00e2nd a\u0163i vorbit de<br \/>\ninteresele Dinastiei, nu cunosc dec\u00e2t interesele \u021b\u0103rii. \u00cen con\u015ftiin\u0163a mea<br \/>\naceste dou\u0103 interese se confund\u0103. Dac\u0103 m-am hot\u0103r\u00e2t s\u0103 fac acest pas grav, e<br \/>\nfiindc\u0103, dup\u0103 matur\u0103 chibzuin\u0163\u0103, cu am ajuns la convingerea ad\u00e2nc\u0103 \u015fi<br \/>\nnestr\u0103mutat\u0103 c\u0103 el corespunde cu adev\u0103ratele aspira\u0163iuni ale neamului a c\u0103ror<br \/>\nr\u0103spundere o port \u00een ceasul de fa\u021b\u0103. Dinastia va urma soarta \u021b\u0103rii,<br \/>\n\u00eenving\u0103toare cu ea sau \u00eenvins\u0103 cu ea. Deoarece, mai presus de toate, s\u0103 \u015fti\u0163i,<br \/>\ndomnule Carp, c\u0103 Dinastia mea este rom\u00e2n\u0103. R\u0103u a\u021bi f\u0103cut c\u00e2nd a\u0163i numit-o<br \/>\nstr\u0103in\u0103, german\u0103. Nu, e rom\u00e2neasc\u0103!\u201c<\/i>. Tot pe 27 august a fost f\u0103cut public<br \/>\nanun\u021bul de mobilizare a armatei, de\u0219i aceasta \u00eencepuse, \u00een secret, din primele<br \/>\nzile ale lunii august. <\/p>\n<p><\/main><\/p>\n<footer class=\"svelte-x63bga\">\n<div class=\"related-wrap related-footer svelte-78g0vl\"><span class=\"related-label svelte-78g0vl\">Cite\u0219te \u0219i<\/span><a class=\"related svelte-78g0vl\" data-gtrack=\"{&quot;event&quot;:&quot;utm_click&quot;,&quot;data&quot;:{&quot;event_category&quot;:&quot;article_related&quot;}}\" href=\"https:\/\/adevarul.ro\/istoria-zilei\/14-august-1916-ziua-in-care-romania-a-riscat-2548913.html\" title=\"Alt articol de interes pentru tine\"><img decoding=\"async\" class=\"thumb svelte-78g0vl\" src=\"https:\/\/cdn.adh.reperio.news\/image-0\/08d86207-f1b5-4e21-9d46-4936cfb8870f\/index.jpeg?p=f%3Dwebp%26w%3D120%26h%3D80%26r%3Dcover%26a%3D0\" alt loading=\"lazy\" width=\"80\" height=\"54\"><span class=\"title svelte-78g0vl\">14 august 1916, ziua \u00een care Rom\u00e2nia a riscat totul. De la ofensiva din Transilvania la pierderea Bucure\u0219tiului<\/span><\/a><\/div>\n<div class=\"meta svelte-x63bga\">\n<div class=\"authors svelte-x63bga\"><span class=\"names svelte-x63bga\"><a href=\"https:\/\/adevarul.ro\/author\/1248\" rel=\"author\" class=\"svelte-x63bga\">Cosmin P\u0103tra\u015fcu Zamfirache<\/a><\/span><\/p>\n<div class=\"_hydratable\" data-props=\"%7B%22showLive%22%3Atrue%7D\" data-context=\"%7B%22parentBlockColumnCount%22%3A%7B%22value%22%3A0%2C%22type%22%3A%22store%2Freadable%22%7D%2C%22parentBlockBackgroundColor%22%3A%7B%22type%22%3A%22store%2Freadable%22%7D%7D\" data-component=\"ShareButton\">\n<div class=\"shareButtons svelte-itwbrr\">\n<div class=\"liveSessions metaFont svelte-1maxmbf\"><span class=\"value svelte-1maxmbf\">1<\/span> live <\/div>\n<\/div>\n<\/div>\n<\/div>\n<div class=\"tags svelte-1l3vwp1\"><span class=\"tags-label metaFont svelte-1l3vwp1\">Cite\u0219te mai multe despre<\/span><\/p>\n<div class=\"tags-list svelte-1l3vwp1\"><a href=\"https:\/\/adevarul.ro\/tag\/primul%20razboi%20mondial\" title=\"Ultimele \u0219tiri despre primul razboi mondial\" class=\"tag-pill svelte-1l3vwp1\">primul razboi mondial<\/a><a href=\"https:\/\/adevarul.ro\/tag\/armata%20romana\" title=\"Ultimele \u0219tiri despre armata romana\" class=\"tag-pill svelte-1l3vwp1\">armata romana<\/a><a href=\"https:\/\/adevarul.ro\/tag\/regele%20carol%20i\" title=\"Ultimele \u0219tiri despre regele carol i\" class=\"tag-pill svelte-1l3vwp1\">regele carol i<\/a><a href=\"https:\/\/adevarul.ro\/tag\/ionel%20bratianu\" title=\"Ultimele \u0219tiri despre ionel bratianu\" class=\"tag-pill svelte-1l3vwp1\">ionel bratianu<\/a><a href=\"https:\/\/adevarul.ro\/tag\/antanta\" title=\"Ultimele \u0219tiri despre antanta\" class=\"tag-pill svelte-1l3vwp1\">antanta<\/a><\/div>\n<\/div>\n<\/div>\n<p><a class=\"moreFromCategory svelte-x63bga\" href=\"https:\/\/adevarul.ro\/stil-de-viata\/magazin\" title=\"Magazin\">Mai multe din <strong class=\"svelte-x63bga\">Magazin<\/strong> \u203a<\/a><\/footer>\n<\/article>\n<p>[analyse_source url=&#8221;https:\/\/adevarul.ro\/stil-de-viata\/magazin\/doi-ani-de-neutralitate-si-un-tratat-secret-cum-a-2552600.html&#8221;]<\/p>\n","protected":false},"excerpt":{"rendered":"<p>[analyse_image type=&#8221;featured&#8221; src=&#8221;https:\/\/cdn.adh.reperio.news\/image-2\/2a9c3656-3722-45ea-a4fd-8592f007d039\/index.jpeg?p=f%3Djpeg%26w%3D1200%26h%3D630%26r%3Dcover&#8221;] Home Stil de via\u021b\u0103 Magazin Doi ani de neutralitate \u0219i un tratat secret: cum a negociat Ionel Br\u0103tianu intrarea Rom\u00e2niei \u00een r\u0103zboi. \u201eS\u0103 ne vedem de necazurile noastre\u201c Pe 27 august 1916, Rom\u00e2nia intra oficial \u00een Primul R\u0103zboi Mondial, la presiunea Antantei, \u00eentr-un entuziasm popular general. Participarea la acest conflict devastator care [&hellip;]<\/p>\n","protected":false},"author":1,"featured_media":0,"comment_status":"open","ping_status":"","sticky":false,"template":"","format":"standard","meta":{"footnotes":""},"categories":[89],"tags":[19,226],"class_list":["post-2120074","post","type-post","status-publish","format-standard","hentry","category-romania","tag-adevarul","tag-crawlmanager"],"_links":{"self":[{"href":"https:\/\/analyse.optim.biz\/index.php?rest_route=\/wp\/v2\/posts\/2120074","targetHints":{"allow":["GET"]}}],"collection":[{"href":"https:\/\/analyse.optim.biz\/index.php?rest_route=\/wp\/v2\/posts"}],"about":[{"href":"https:\/\/analyse.optim.biz\/index.php?rest_route=\/wp\/v2\/types\/post"}],"author":[{"embeddable":true,"href":"https:\/\/analyse.optim.biz\/index.php?rest_route=\/wp\/v2\/users\/1"}],"replies":[{"embeddable":true,"href":"https:\/\/analyse.optim.biz\/index.php?rest_route=%2Fwp%2Fv2%2Fcomments&post=2120074"}],"version-history":[{"count":0,"href":"https:\/\/analyse.optim.biz\/index.php?rest_route=\/wp\/v2\/posts\/2120074\/revisions"}],"wp:attachment":[{"href":"https:\/\/analyse.optim.biz\/index.php?rest_route=%2Fwp%2Fv2%2Fmedia&parent=2120074"}],"wp:term":[{"taxonomy":"category","embeddable":true,"href":"https:\/\/analyse.optim.biz\/index.php?rest_route=%2Fwp%2Fv2%2Fcategories&post=2120074"},{"taxonomy":"post_tag","embeddable":true,"href":"https:\/\/analyse.optim.biz\/index.php?rest_route=%2Fwp%2Fv2%2Ftags&post=2120074"}],"curies":[{"name":"wp","href":"https:\/\/api.w.org\/{rel}","templated":true}]}}