{"id":2120067,"date":"2026-08-31T00:00:00","date_gmt":"2026-08-30T21:00:00","guid":{"rendered":"https:\/\/analyse.optim.biz\/?p=2120067"},"modified":"2026-08-31T00:00:00","modified_gmt":"2026-08-30T21:00:00","slug":"securitatea-in-brazilia-bolsonaro-saluta-modelul-lui-bukele","status":"publish","type":"post","link":"https:\/\/analyse.optim.biz\/?p=2120067","title":{"rendered":"Securitatea \u00een Brazilia: Bolsonaro salut\u0103 modelul lui Bukele"},"content":{"rendered":"<p>[analyse_image type=&#8221;featured&#8221; src=&#8221;https:\/\/agerpres.ro\/data\/202608\/20260831075956_867212.jpg&#8221;]<\/p>\n<div class=\"mx-auto pt-3\">\n<p>Candidatul de dreapta la pre\u0219edin\u021bia Braziliei Flavio Bolsonaro a calificat duminic\u0103 modelul de lupt\u0103 \u00eempotriva criminalit\u0103\u021bii din El Salvador drept &#8216;inspirator&#8217;, \u00een cursul unei \u00eent\u00e2lniri cu un ministru din aceast\u0103 \u021bar\u0103 din America Central\u0103 condus\u0103 de conservatorul \u0219i aliatul lui Donald Trump, Nayib Bukele, noteaz\u0103 AFP.<\/p>\n<p>Cu mai pu\u021bin de dou\u0103 luni \u00eenainte de alegerile preziden\u021biale \u00een care \u00eel va \u00eenfrunta pe pre\u0219edintele de st\u00e2nga Luiz Inacio Lula da Silva, fiul fostului pre\u0219edinte de extrem\u0103 dreapt\u0103 Jair Bolsonaro (2019-2022) face din lipsa siguran\u021bei una dintre temele principale ale campaniei sale.<\/p>\n<p>Dup\u0103 \u00eent\u00e2lnirea sa de la Sao Paulo cu Gustavo Villatoro, ministrul salvadorian responsabil cu securitatea, Flavio Bolsonaro s-a declarat &#8216;inspirat&#8217; de metoda Bukele, pe care sper\u0103 s\u0103 o transpun\u0103 \u00een Brazilia: astfel, &#8216;am putea implementa un plan foarte eficient \u0219i ferm pentru a ap\u0103ra cet\u0103\u021benii, victimele, \u0219i nu infractorii, a\u0219a cum face actualul guvern&#8217;, a explicat el.<\/p>\n<p>Nayib Bukele a devenit foarte popular \u00een El Salvador prin reducerea num\u0103rului de omucideri la un minim istoric. Mai multe guverne de dreapta din America Latin\u0103 \u00eencearc\u0103 s\u0103 \u00eel imite.<\/p>\n<p>Liderul, care guverneaz\u0103 El Salvador din 2019 \u0219i candideaz\u0103 pentru un al treilea mandat preziden\u021bial, a reu\u0219it &#8216;s\u0103 restaureze eficient suveranitatea \u0219i securitatea public\u0103&#8217;, a ad\u0103ugat Bolsonaro.<\/p>\n<p>Villatoro se afl\u0103 la Sao Paulo pentru a participa luni la un forum dedicat securit\u0103\u021bii organizat de o asocia\u021bie industrial\u0103.<\/p>\n<p>Administra\u021bia Bukele este criticat\u0103 de organiza\u021biile pentru drepturile omului deoarece se bazeaz\u0103 pe starea de urgen\u021b\u0103, \u00een cadrul c\u0103reia aproape 100.000 de persoane acuzate de apartenen\u021b\u0103 la bande sau de complicitate au fost re\u021binute f\u0103r\u0103 mandat.<\/p>\n<p>&#8216;Nu sunt destui prizonieri \u00een Brazilia, este nevoie de mai mul\u021bi. Singurul motiv pentru care nu sunt mai mul\u021bi este c\u0103 legea este prea lax\u0103. De aceea, vom crea peste o jum\u0103tate de milion de locuri \u00een \u00eenchisori&#8217;, a prezis Bolsonaro.<\/p>\n<p><strong>Primul tur al alegerilor preziden\u021biale va avea loc pe 4 octombrie. Potrivit sondajelor, candidatul de st\u00e2nga Lula \u00eel devanseaz\u0103 u\u0219or pe Flavio Bolsonaro.<\/strong> AGERPRES\/(AS &#8211; redactor: Alic M\u00eerza, editor online: Andreea L\u0103z\u0103roiu)<\/p>\n<\/div>\n<div class=\"mx-auto pt-3\">\n                                Afisari: 338\n                            <\/div>\n<p>[analyse_source url=&#8221;https:\/\/agerpres.ro\/politic-extern\/2026\/08\/31\/securitatea-in-brazilia-bolsonaro-saluta-modelul-lui-bukele&#8211;1589119&#8243;]<\/p>\n","protected":false},"excerpt":{"rendered":"<p>[analyse_image type=&#8221;featured&#8221; src=&#8221;https:\/\/agerpres.ro\/data\/202608\/20260831075956_867212.jpg&#8221;] Candidatul de dreapta la pre\u0219edin\u021bia Braziliei Flavio Bolsonaro a calificat duminic\u0103 modelul de lupt\u0103 \u00eempotriva criminalit\u0103\u021bii din El Salvador drept &#8216;inspirator&#8217;, \u00een cursul unei \u00eent\u00e2lniri cu un ministru din aceast\u0103 \u021bar\u0103 din America Central\u0103 condus\u0103 de conservatorul \u0219i aliatul lui Donald Trump, Nayib Bukele, noteaz\u0103 AFP. Cu mai pu\u021bin de dou\u0103 luni [&hellip;]<\/p>\n","protected":false},"author":1,"featured_media":0,"comment_status":"open","ping_status":"","sticky":false,"template":"","format":"standard","meta":{"footnotes":""},"categories":[2],"tags":[],"class_list":["post-2120067","post","type-post","status-publish","format-standard","hentry","category-politics"],"_links":{"self":[{"href":"https:\/\/analyse.optim.biz\/index.php?rest_route=\/wp\/v2\/posts\/2120067","targetHints":{"allow":["GET"]}}],"collection":[{"href":"https:\/\/analyse.optim.biz\/index.php?rest_route=\/wp\/v2\/posts"}],"about":[{"href":"https:\/\/analyse.optim.biz\/index.php?rest_route=\/wp\/v2\/types\/post"}],"author":[{"embeddable":true,"href":"https:\/\/analyse.optim.biz\/index.php?rest_route=\/wp\/v2\/users\/1"}],"replies":[{"embeddable":true,"href":"https:\/\/analyse.optim.biz\/index.php?rest_route=%2Fwp%2Fv2%2Fcomments&post=2120067"}],"version-history":[{"count":0,"href":"https:\/\/analyse.optim.biz\/index.php?rest_route=\/wp\/v2\/posts\/2120067\/revisions"}],"wp:attachment":[{"href":"https:\/\/analyse.optim.biz\/index.php?rest_route=%2Fwp%2Fv2%2Fmedia&parent=2120067"}],"wp:term":[{"taxonomy":"category","embeddable":true,"href":"https:\/\/analyse.optim.biz\/index.php?rest_route=%2Fwp%2Fv2%2Fcategories&post=2120067"},{"taxonomy":"post_tag","embeddable":true,"href":"https:\/\/analyse.optim.biz\/index.php?rest_route=%2Fwp%2Fv2%2Ftags&post=2120067"}],"curies":[{"name":"wp","href":"https:\/\/api.w.org\/{rel}","templated":true}]}}