{"id":2120059,"date":"2026-08-30T03:22:25","date_gmt":"2026-08-30T00:22:25","guid":{"rendered":"https:\/\/analyse.optim.biz\/?p=2120059"},"modified":"2026-08-30T03:22:25","modified_gmt":"2026-08-30T00:22:25","slug":"era-alimentelor-ieftine-se-apropie-de-final-semnalul-de-alarma-tras-de-experti-urmeaza-efecte-in-lant","status":"publish","type":"post","link":"https:\/\/analyse.optim.biz\/?p=2120059","title":{"rendered":"Era alimentelor ieftine se apropie de final. Semnalul de alarm\u0103 tras de exper\u021bi: urmeaz\u0103 efecte \u00een lan\u021b"},"content":{"rendered":"<p>[analyse_image type=&#8221;featured&#8221; src=&#8221;https:\/\/cdn.adh.reperio.news\/image-8\/8036d131-1e56-4913-b5a2-718c503254cf\/index.jpeg?p=f%3Djpeg%26w%3D1200%26h%3D630%26r%3Dcover&#8221;]<\/p>\n<article class=\"svelte-x63bga\">\n<nav>\n<ul class=\"breadcrump svelte-1pk9a69\">\n<li class=\"svelte-1pk9a69\"><a href=\"https:\/\/adevarul.ro\/\" title=\"Adev\u0103rul\" class=\"svelte-1pk9a69\">Home<\/a><\/li>\n<li class=\"svelte-1pk9a69\"><a href=\"https:\/\/adevarul.ro\/stil-de-viata\" class=\"svelte-1pk9a69\">Stil de via\u021b\u0103<\/a><\/li>\n<li class=\"svelte-1pk9a69\"><a href=\"https:\/\/adevarul.ro\/stil-de-viata\/era-alimentelor-ieftine-se-apropie-de-final-2552891.html\" class=\"svelte-1pk9a69\">Era alimentelor ieftine se apropie de final. Semnalul de alarm\u0103 tras de exper\u021bi: urmeaz\u0103 efecte \u00een lan\u021b<\/a><\/li>\n<\/ul>\n<\/nav>\n<p><main class=\"svelte-x63bga\"><\/p>\n<p>Perioada alimentelor ieftine s-ar putea apropia de sf\u00e2r\u0219it, iar consecin\u021bele ar putea dep\u0103\u0219i cu mult co\u0219ul de cump\u0103r\u0103turi al consumatorilor.\u00a0<\/p>\n<p>Potrivit unor analize citate de\u00a0<a href=\"https:\/\/www.ft.com\/content\/c2609ef8-1592-4c04-a3b6-37437627ff8e?utm_source=chatgpt.com&amp;syn-25a6b1a6=1\" rel=\"nofollow\">Financial Times,<\/a>\u00a0\u0219ocurile climatice ar putea majora rata anual\u0103 a infla\u021biei alimentare globale cu \u00eentre 0,9 \u0219i 3,2 puncte procentuale p\u00e2n\u0103 \u00een 2035, contribuind totodat\u0103 la<a href=\"https:\/\/adevarul.ro\/economie\/preturile-alimentelor-explodeaza-in-2025-ce-2422600.html\">\u00a0cre\u0219terea infla\u021biei generale<\/a>.\u00a0\u00a0<\/p>\n<div class=\"container-image  svelte-1xbw4f3\"><source type=\"image\/webp\" srcset=\"https:\/\/cdn.adh.reperio.news\/image-8\/8036d131-1e56-4913-b5a2-718c503254cf\/index.jpeg?p=a%3D1%26co%3D1.05%26w%3D1400%26h%3D544%26r%3Dcontain%26f%3Dwebp 1400w\" media=\"(min-width: 1400px)\" \/><\/p>\n<div class=\"caption svelte-1xbw4f3\"><span class=\"captionText svelte-1xbw4f3\">Alimentele ar putea \u00eenregistra mari cre\u0219teri de pre\u021b, avertizeaz\u0103 exper\u021bii <span class=\"source svelte-1xbw4f3\">Foto: arhiv\u0103 Adev\u0103rul<\/span><\/span><\/div>\n<\/div>\n<p><a href=\"https:\/\/adevarul.ro\/economie\/scumpirile-care-ne-asteapta-cum-se-traduc-direct-2549666.html\">Semnalele de alarm\u0103<\/a>\u00a0vin dup\u0103 o var\u0103 marcat\u0103 de fenomene meteorologice extreme.\u00a0\u00a0<\/p>\n<p>Mii de hectare de teren agricol au fost afectate de incendii de vegeta\u021bie \u00een Europa continental\u0103, iar fermierii britanici avertizeaz\u0103 c\u0103 se confrunt\u0103 cu una dintre cele mai slabe recolte din istorie.<\/p>\n<p>\u00cen acela\u0219i timp, un episod puternic El Nino amenin\u021b\u0103 produc\u021bia agricol\u0103 din America de Sud, Africa \u0219i Asia.<\/p>\n<p>Pe l\u00e2ng\u0103 efectele schimb\u0103rilor climatice, agricultura este afectat\u0103 de cre\u0219terea costurilor la combustibili \u0219i \u00eengr\u0103\u0219\u0103minte, de deficitul de for\u021b\u0103 de munc\u0103, de presiunea demografic\u0103 \u0219i de nivelul redus al profitabilit\u0103\u021bii, care limiteaz\u0103 investi\u021biile \u00een modernizare. <\/p>\n<p>\u00cen aceste condi\u021bii, anali\u0219tii estimeaz\u0103 c\u0103 infla\u021bia alimentar\u0103 ar putea r\u0103m\u00e2ne, pe termen lung, peste media istoric\u0103 de aproximativ 2,5%.<\/p>\n<p>Impactul nu s-ar resim\u021bi doar \u00een sectorul alimentar. Costurile mai mari pentru hran\u0103 pot reduce cheltuielile popula\u021biei pentru alte bunuri \u0219i servicii, afect\u00e2nd companii din retail, turism \u0219i ospitalitate. <\/p>\n<p>\u00cen acela\u0219i timp, cre\u0219terea pre\u021burilor la alimente poate alimenta presiuni salariale \u0219i poate influen\u021ba deciziile b\u0103ncilor centrale privind dob\u00e2nzile.<\/p>\n<h2>Efecte \u00een lan\u021b asupra economiilor din \u00eentreaga lume<\/h2>\n<p>Economi\u0219tii avertizeaz\u0103 c\u0103 o recolt\u0103 slab\u0103 \u00eentr-o regiune agricol\u0103 important\u0103 poate avea efecte \u00een lan\u021b asupra economiilor din \u00eentreaga lume, de la costul creditelor p\u00e2n\u0103 la performan\u021ba pie\u021belor financiare.<\/p>\n<p>\u00cen acest context, speciali\u0219tii sus\u021bin c\u0103 riscurile climatice nu mai reprezint\u0103 doar o problem\u0103 de mediu, ci una economic\u0103 major\u0103. <\/p>\n<p>O perioad\u0103 prelungit\u0103 de infla\u021bie alimentar\u0103 ridicat\u0103 ar putea produce transform\u0103ri structurale comparabile cu impactul unor tehnologii disruptive sau al unor schimb\u0103ri majore din domeniul s\u0103n\u0103t\u0103\u021bii \u0219i al consumului.<\/p>\n<p><\/main><\/p>\n<footer class=\"svelte-x63bga\">\n<div class=\"related-wrap related-footer svelte-78g0vl\"><span class=\"related-label svelte-78g0vl\">Cite\u0219te \u0219i<\/span><a class=\"related svelte-78g0vl\" data-gtrack=\"{&quot;event&quot;:&quot;utm_click&quot;,&quot;data&quot;:{&quot;event_category&quot;:&quot;article_related&quot;}}\" href=\"https:\/\/adevarul.ro\/showbiz\/vedete\/dan-negru-am-gasit-urzici-la-sapte-eurokg-2342794.html\" title=\"Alt articol de interes pentru tine\"><img decoding=\"async\" class=\"thumb svelte-78g0vl\" src=\"https:\/\/cdn.adh.reperio.news\/image-9\/935ba78a-9efb-491d-9cf7-814bfbff835f\/index.jpeg?p=f%3Dwebp%26w%3D120%26h%3D80%26r%3Dcover%26a%3D0\" alt loading=\"lazy\" width=\"80\" height=\"54\"><span class=\"title svelte-78g0vl\">Dan Negru: \u201eAm g\u0103sit urzici la \u0219apte euro\/kg. Arghezi spunea: Rom\u00e2nia nu e o \u021bar\u0103, e o afacere\u201d<\/span><\/a><a class=\"related svelte-78g0vl\" data-gtrack=\"{&quot;event&quot;:&quot;utm_click&quot;,&quot;data&quot;:{&quot;event_category&quot;:&quot;article_related&quot;}}\" href=\"https:\/\/adevarul.ro\/economie\/fao-alimentele-s-au-scumpit-in-toata-lumea-in-2352612.html\" title=\"Alt articol de interes pentru tine\"><img decoding=\"async\" class=\"thumb svelte-78g0vl\" src=\"https:\/\/cdn.adh.reperio.news\/image-6\/68464741-fd05-4aa4-928c-c8af1398496b\/index.jpeg?p=f%3Dwebp%26w%3D120%26h%3D80%26r%3Dcover%26a%3D0\" alt loading=\"lazy\" width=\"80\" height=\"54\"><span class=\"title svelte-78g0vl\">FAO: Alimentele s-au scumpit \u00een toat\u0103 lumea \u00een martie, dup\u0103 mai multe luni de sc\u0103dere a pre\u0163urilor<\/span><\/a><a class=\"related svelte-78g0vl\" data-gtrack=\"{&quot;event&quot;:&quot;utm_click&quot;,&quot;data&quot;:{&quot;event_category&quot;:&quot;article_related&quot;}}\" href=\"https:\/\/adevarul.ro\/economie\/scumpirile-care-ne-asteapta-cum-se-traduc-direct-2549666.html\" title=\"Alt articol de interes pentru tine\"><img decoding=\"async\" class=\"thumb svelte-78g0vl\" src=\"https:\/\/cdn.adh.reperio.news\/image-e\/e8e94ef0-198f-4e29-9759-1627611d982c\/index.jpeg?p=f%3Dwebp%26w%3D120%26h%3D80%26r%3Dcover%26a%3D0\" alt loading=\"lazy\" width=\"80\" height=\"54\"><span class=\"title svelte-78g0vl\">Scumpirile care ne a\u0219teapt\u0103: cum se traduc direct \u00een bugetul familiei noile cifre anun\u021bate de BNR privind infla\u021bia<\/span><\/a><\/div>\n<div class=\"meta svelte-x63bga\">\n<div class=\"authors svelte-x63bga\"><span class=\"names svelte-x63bga\"><a href=\"https:\/\/adevarul.ro\/author\/1228\" rel=\"author\" class=\"svelte-x63bga\">Cristina Stancu<\/a><\/span><\/p>\n<div class=\"_hydratable\" data-props=\"%7B%22showLive%22%3Atrue%7D\" data-context=\"%7B%22parentBlockColumnCount%22%3A%7B%22value%22%3A0%2C%22type%22%3A%22store%2Freadable%22%7D%2C%22parentBlockBackgroundColor%22%3A%7B%22type%22%3A%22store%2Freadable%22%7D%7D\" data-component=\"ShareButton\">\n<div class=\"shareButtons svelte-itwbrr\">\n<div class=\"liveSessions metaFont svelte-1maxmbf\"><span class=\"value svelte-1maxmbf\">1<\/span> live <\/div>\n<\/div>\n<\/div>\n<\/div>\n<div class=\"tags svelte-1l3vwp1\"><span class=\"tags-label metaFont svelte-1l3vwp1\">Cite\u0219te mai multe despre<\/span><\/p>\n<div class=\"tags-list svelte-1l3vwp1\"><a href=\"https:\/\/adevarul.ro\/tag\/inflatie\" title=\"Ultimele \u0219tiri despre inflatie\" class=\"tag-pill svelte-1l3vwp1\">inflatie<\/a><a href=\"https:\/\/adevarul.ro\/tag\/alimente%20ieftine\" title=\"Ultimele \u0219tiri despre alimente ieftine\" class=\"tag-pill svelte-1l3vwp1\">alimente ieftine<\/a><\/div>\n<\/div>\n<\/div>\n<p><a class=\"moreFromCategory svelte-x63bga\" href=\"https:\/\/adevarul.ro\/stil-de-viata\" title=\"Stil de via\u021b\u0103\">Mai multe din <strong class=\"svelte-x63bga\">Stil de via\u021b\u0103<\/strong> \u203a<\/a><\/footer>\n<\/article>\n<p>[analyse_source url=&#8221;https:\/\/adevarul.ro\/stil-de-viata\/era-alimentelor-ieftine-se-apropie-de-final-2552891.html&#8221;]<\/p>\n","protected":false},"excerpt":{"rendered":"<p>[analyse_image type=&#8221;featured&#8221; src=&#8221;https:\/\/cdn.adh.reperio.news\/image-8\/8036d131-1e56-4913-b5a2-718c503254cf\/index.jpeg?p=f%3Djpeg%26w%3D1200%26h%3D630%26r%3Dcover&#8221;] Home Stil de via\u021b\u0103 Era alimentelor ieftine se apropie de final. Semnalul de alarm\u0103 tras de exper\u021bi: urmeaz\u0103 efecte \u00een lan\u021b Perioada alimentelor ieftine s-ar putea apropia de sf\u00e2r\u0219it, iar consecin\u021bele ar putea dep\u0103\u0219i cu mult co\u0219ul de cump\u0103r\u0103turi al consumatorilor.\u00a0 Potrivit unor analize citate de\u00a0Financial Times,\u00a0\u0219ocurile climatice ar putea majora rata [&hellip;]<\/p>\n","protected":false},"author":1,"featured_media":0,"comment_status":"open","ping_status":"","sticky":false,"template":"","format":"standard","meta":{"footnotes":""},"categories":[89],"tags":[19,226],"class_list":["post-2120059","post","type-post","status-publish","format-standard","hentry","category-romania","tag-adevarul","tag-crawlmanager"],"_links":{"self":[{"href":"https:\/\/analyse.optim.biz\/index.php?rest_route=\/wp\/v2\/posts\/2120059","targetHints":{"allow":["GET"]}}],"collection":[{"href":"https:\/\/analyse.optim.biz\/index.php?rest_route=\/wp\/v2\/posts"}],"about":[{"href":"https:\/\/analyse.optim.biz\/index.php?rest_route=\/wp\/v2\/types\/post"}],"author":[{"embeddable":true,"href":"https:\/\/analyse.optim.biz\/index.php?rest_route=\/wp\/v2\/users\/1"}],"replies":[{"embeddable":true,"href":"https:\/\/analyse.optim.biz\/index.php?rest_route=%2Fwp%2Fv2%2Fcomments&post=2120059"}],"version-history":[{"count":0,"href":"https:\/\/analyse.optim.biz\/index.php?rest_route=\/wp\/v2\/posts\/2120059\/revisions"}],"wp:attachment":[{"href":"https:\/\/analyse.optim.biz\/index.php?rest_route=%2Fwp%2Fv2%2Fmedia&parent=2120059"}],"wp:term":[{"taxonomy":"category","embeddable":true,"href":"https:\/\/analyse.optim.biz\/index.php?rest_route=%2Fwp%2Fv2%2Fcategories&post=2120059"},{"taxonomy":"post_tag","embeddable":true,"href":"https:\/\/analyse.optim.biz\/index.php?rest_route=%2Fwp%2Fv2%2Ftags&post=2120059"}],"curies":[{"name":"wp","href":"https:\/\/api.w.org\/{rel}","templated":true}]}}