{"id":212002,"date":"2014-02-18T12:23:36","date_gmt":"2014-02-18T09:23:36","guid":{"rendered":"https:\/\/analyse.optim.biz\/?p=212002"},"modified":"2014-02-18T12:23:36","modified_gmt":"2014-02-18T09:23:36","slug":"victor-ponta-un-presedinte-care-cheama-oamenii-in-strada-la-confruntari-gandeste-ca-in-port","status":"publish","type":"post","link":"https:\/\/analyse.optim.biz\/?p=212002","title":{"rendered":"Victor Ponta: Un pre\u015fedinte care cheam\u0103 oamenii \u00een strad\u0103 la confrunt\u0103ri g\u00e2nde\u015fte ca \u00een port"},"content":{"rendered":"<div class=\"entry data-app-meta data-app-meta-article\" data-embed-base-url-canonical=\"https:\/\/www.digi24.ro\/embed\/stiri\/actualitate\/politica\/victor-ponta-un-presedinte-care-cheama-oamenii-in-strada-la-confruntari-gandeste-ca-in-port-202105\">\n<p data-index=\"1\"><img decoding=\"async\" src=\"https:\/\/analyse.optim.biz\/wp-content\/uploads\/2024\/09\/agfzad1kmja5ztvjmjnhodg1odfknzjmzte4mzjlnzfmnji2nq-thumb_.jpg\" data-skip-htmlfix=\"1\" title=\"agfzad1kmja5ztvjmjnhodg1odfknzjmzte4mzjlnzfmnji2nq-thumb_\"><\/p>\n<p data-index=\"2\">&#8220;Vreau s\u0103 condamn orice fel de persoan\u0103 public\u0103 care cheam\u0103 la manifest\u0103ri ilegale \u00een campanie electoral\u0103, manifest\u0103ri de tip confrunta\u0163ional. De altfel, acolo unde am competen\u0163\u0103, \u00een cazul vicepremierului Dragnea, i-am spus c\u0103 nu sunt de acord cu ideea c\u0103 trebuie s\u0103 ne confrunt\u0103m \u00een strad\u0103. Altcuiva nu am voie s\u0103-i atrag aten\u0163ia, dar vicepremierului am voie. Ideea de a ne \u00eentoarce cu sute de ani \u00een urm\u0103, \u00een care fiecare \u00ee\u015fi aduce grupul de sus\u0163in\u0103tori \u00een strad\u0103 ca s\u0103-\u015fi impun\u0103 cu for\u0163a punctul de vedere este o idee pe care o condamn \u015fi \u00eempotriva c\u0103ruia dumneavoastr\u0103, ca institu\u0163ie nepolitic\u0103, trebuie s\u0103 v\u0103 manifesta\u0163i foarte clar&#8221;, a spus <strong>Victor Ponta<\/strong> \u00een discursul sus\u0163inut la prezentarea bilan\u0163ului Jandameriei.<\/p>\n<p data-index=\"3\">&#8220;\u00centr-o \u0163ar\u0103 democratic\u0103, nu ne batem \u00een str\u0103zi cu suporterii \u015fi un pre\u015fedinte care are o asemenea g\u00e2ndire g\u00e2nde\u015fte ca \u00een port, unde trebuie s\u0103 ne ducem cu prietenii s\u0103 ne batem&#8221;, a spus Ponta. \u00a0<\/p>\n<p data-index=\"4\">Ulterior, premierul a spus jurnali\u015ftilor c\u0103 i se pare total iresponsabil ca pre\u015fedintele \u0163\u0103rii \u00eempreun\u0103 cu Elena Udrea s\u0103 cheme oamenii \u00een strad\u0103, dar c\u0103 nu a fost de acord nici cu r\u0103spunsul lui Dragnea.<\/p>\n<p data-index=\"5\">Pre\u015fedintele Traian B\u0103sescu a declarat recent c\u0103 nu este necesar\u0103 cre\u015fterea accizei la benzin\u0103 \u015fi motorin\u0103, men\u0163ion\u00e2nd c\u0103, dac\u0103 va fi cazul, va face ce nu a f\u0103cut p\u00e2n\u0103 acum, adic\u0103 \u00eei va chema pe rom\u00e2ni s\u0103 se apere \u00een strad\u0103. \u00a0<\/p>\n<\/div>\n<p> Source URL: https:\/\/www.digi24.ro\/stiri\/actualitate\/politica\/victor-ponta-un-presedinte-care-cheama-oamenii-in-strada-la-confruntari-gandeste-ca-in-port-202105<\/p>\n","protected":false},"excerpt":{"rendered":"<p>&#8220;Vreau s\u0103 condamn orice fel de persoan\u0103 public\u0103 care cheam\u0103 la manifest\u0103ri ilegale \u00een campanie electoral\u0103, manifest\u0103ri de tip confrunta\u0163ional. De altfel, acolo unde am competen\u0163\u0103, \u00een cazul vicepremierului Dragnea, i-am spus c\u0103 nu sunt de acord cu ideea c\u0103 trebuie s\u0103 ne confrunt\u0103m \u00een strad\u0103. Altcuiva nu am voie s\u0103-i atrag aten\u0163ia, dar vicepremierului [&hellip;]<\/p>\n","protected":false},"author":1,"featured_media":212003,"comment_status":"open","ping_status":"","sticky":false,"template":"","format":"standard","meta":{"footnotes":""},"categories":[2],"tags":[11],"class_list":["post-212002","post","type-post","status-publish","format-standard","has-post-thumbnail","hentry","category-politics","tag-digi24"],"_links":{"self":[{"href":"https:\/\/analyse.optim.biz\/index.php?rest_route=\/wp\/v2\/posts\/212002","targetHints":{"allow":["GET"]}}],"collection":[{"href":"https:\/\/analyse.optim.biz\/index.php?rest_route=\/wp\/v2\/posts"}],"about":[{"href":"https:\/\/analyse.optim.biz\/index.php?rest_route=\/wp\/v2\/types\/post"}],"author":[{"embeddable":true,"href":"https:\/\/analyse.optim.biz\/index.php?rest_route=\/wp\/v2\/users\/1"}],"replies":[{"embeddable":true,"href":"https:\/\/analyse.optim.biz\/index.php?rest_route=%2Fwp%2Fv2%2Fcomments&post=212002"}],"version-history":[{"count":0,"href":"https:\/\/analyse.optim.biz\/index.php?rest_route=\/wp\/v2\/posts\/212002\/revisions"}],"wp:featuredmedia":[{"embeddable":true,"href":"https:\/\/analyse.optim.biz\/index.php?rest_route=\/wp\/v2\/media\/212003"}],"wp:attachment":[{"href":"https:\/\/analyse.optim.biz\/index.php?rest_route=%2Fwp%2Fv2%2Fmedia&parent=212002"}],"wp:term":[{"taxonomy":"category","embeddable":true,"href":"https:\/\/analyse.optim.biz\/index.php?rest_route=%2Fwp%2Fv2%2Fcategories&post=212002"},{"taxonomy":"post_tag","embeddable":true,"href":"https:\/\/analyse.optim.biz\/index.php?rest_route=%2Fwp%2Fv2%2Ftags&post=212002"}],"curies":[{"name":"wp","href":"https:\/\/api.w.org\/{rel}","templated":true}]}}