{"id":2120014,"date":"2026-08-30T13:47:01","date_gmt":"2026-08-30T10:47:01","guid":{"rendered":"https:\/\/analyse.optim.biz\/?p=2120014"},"modified":"2026-08-30T13:47:01","modified_gmt":"2026-08-30T10:47:01","slug":"sunt-gata-lucrarile-pe-calea-martirilor-latcau-va-face-controlul-calitatii-pe-toate-strazile-reparate-de-sdm","status":"publish","type":"post","link":"https:\/\/analyse.optim.biz\/?p=2120014","title":{"rendered":"Sunt gata lucr\u0103rile pe Calea Martirilor. La\u021bc\u0103u va face controlul calit\u0103\u021bii pe toate str\u0103zile reparate de SDM"},"content":{"rendered":"<p>[analyse_image type=&#8221;featured&#8221; src=&#8221;https:\/\/www.tion.ro\/wp-content\/uploads\/2026\/08\/+otf\/1200&#215;630\/xVDKUN71__KTaW9Pm+ZSRiU5PVF9WRVJZX1NFQ9jmZlsx7PXtgDbiWXndxGd9bnB1nbHpMn__kNYlb+sABkIaPLDQ3__eAnh8GPgKsXBcZBzM2KZ8R3g__RRTTtlZPY=\/809720978887985913993162323493607553889288235693319n.jpg&#8221;]<\/p>\n<article id=\"post-2343561\" class>\n<div class=\"entry-content clearfix\">\n<div class=\"enewsArticleContent\">\n<p>\u00cen aceast\u0103 var\u0103, Societatea de Drumuri Municipale (SDM) a avut lucr\u0103ri pe mai multe str\u0103zi cuprinse \u00een programul de repara\u021bii pe care i l-a repartizat Prim\u0103ria Timi\u0219oara. Una dintre arterele importante pe care s-a intervenit este Calea Martirilor, care este gata, dup\u0103 cum anun\u021b\u0103 viceprimarul Ruben La\u021bc\u0103u.<\/p>\n<p>Totu\u0219i, s\u0103pt\u0103m\u00e2na viitoare, \u201evicele\u201d va verifica toate str\u0103zile unde a intervenit SDM, iar unde sunt g\u0103site probleme, societatea municipal\u0103 va fi trimis\u0103 pentru remedieri.<\/p>\n<blockquote>\n<p>\u201eRedeschidem Calea Martirilor dup\u0103 asfaltare. Am luat \u0219i m\u0103suri pentru a reduce aglomera\u021bia, cozile de la intersec\u021bia cu Rebreanu. Am reconfigurat intersec\u021bia astfel \u00eenc\u00e2t \u0219oferii care vin dinspre Jude\u021bean s\u0103 poat\u0103 intra pe Martirilor pe dou\u0103 benzi.<\/p>\n<p>\u0218i trotuarele au fost ref\u0103cute, iar \u00een toamn\u0103 vom planta arbori \u0219i arbu\u0219ti. Vrem umbr\u0103 pentru pietoni, dar \u0219i s\u0103 reducem insulele de c\u0103ldur\u0103 \u0219i poluarea pe aceast\u0103 arter\u0103 cu mult trafic.<\/p>\n<p>Zilele urm\u0103toare voi verifica toate lucr\u0103rile f\u0103cute peste var\u0103, inclusiv cele de pe Martirilor, iar dac\u0103 e cazul, SDM va face remedieri rapid\u201d, anun\u021b\u0103 viceprimarul Ruben La\u021bc\u0103u.<\/p>\n<\/blockquote>\n<div class=\"enews_gallery_holder\">\n<div class=\"ml-gallery\"><a href=\"https:\/\/www.tion.ro\/galeria\/calea-martirilor\/\" class=\"ml-gallery-link\"><img loading=\"lazy\" decoding=\"async\" class=\"SxJnwN lazyload ml-gallery-cover\" src=\"https:\/\/www.tion.ro\/wp-content\/plugins\/endless-core\/images\/1x1.png\" width=\"155\" height=\"100\" data-src=\"https:\/\/www.tion.ro\/wp-content\/uploads\/2026\/08\/809721178795906320020738371250677820872918138621494n.jpg\" data-srcset=\"https:\/\/www.tion.ro\/wp-content\/uploads\/2026\/08\/+otf\/839x538\/s77fQe4a0cQVPmrutYIUhU5PVF9WRVJZX1NFQ1sDy1jvB__5n0o9qHJ0UtRn5vk1aZV4wjT5HQvhITKQ4dUc6vo8pIgqsz__An1k0nP+Z3aYYoY5w7N+T0QsjuAFQ=\/809721178795906320020738371250677820872918138621494n.jpg 839w,https:\/\/www.tion.ro\/wp-content\/uploads\/2026\/08\/+otf\/100w\/s77fQe4a0cQVPmrutYIUhU5PVF9WRVJZX1NFQ1sDy1jvB__5n0o9qHJ0UtRn5vk1aZV4wjT5HQvhITKQ4dUc6vo8pIgqsz__An1k0nP+Z3aYYoY5w7N+T0QsjuAFQ=\/809721178795906320020738371250677820872918138621494n.jpg 100w\" data-sizes=\"auto\"><\/p>\n<p class=\"wp-caption-text-gallery\">Calea Martirilor<\/p>\n<p><\/a><\/div>\n<\/div>\n<p>\u00a0<\/p>\n<p>V\u0103 amintim, pe Martirilor se lucreaz\u0103 \u00eenc\u0103 din luna mai, <strong><a href=\"https:\/\/www.tion.ro\/utile\/trotuarele-de-pe-calea-martirilor-intra-in-reabilitare-lucrari-si-restrictii-de-circulatie-timp-de-doua-luni-2281239\/\" target=\"_blank\" rel=\"noopener\">ini\u021bial la trotuare \u0219i mai apoi \u0219i pe carosabil<\/a><\/strong>. Totu\u0219i, probabil, <strong><a href=\"https:\/\/www.tion.ro\/stirile-judetului-timis\/lucrarile-de-pe-rebreanu-se-muta-pe-un-nou-sector-alte-restrictii-de-circulatie-2342967\/\" target=\"_blank\" rel=\"noopener\">cea mai important\u0103 interven\u021bie din aceast\u0103 var\u0103 este cea de pe Rebreanu<\/a><\/strong>, unde \u00eenc\u0103 se lucreaz\u0103 pe sectoarele pe care SDM-ul nu le-a finalizat vara trecut\u0103.<\/p>\n<div class=\"fbShareLikeTwitterAndEmailContainer\">\n<div class=\"wrapper\">\n<div class=\"email\">\n<div id=\"mailto-pop\" class=\"pop-form pop-form-mailto\">\n<div class=\"pop-form-header\">\n<h4>Trimite articolul<\/h4>\n<p><a class=\"pop-form-close\">X<\/a><\/div>\n<\/div>\n<\/div>\n<\/div>\n<\/div>\n<div class=\"tagsContainer\">\n<div class=\"tagsLabel\">Taguri:<\/div>\n<div class=\"tags\">\n<div class=\"tag\"><a href=\"https:\/\/www.tion.ro\/cimke\/calea-martirilor\" rel=\"tag\"><span class=\"link\">calea martirilor<\/span><span class=\"separator\">,<\/span><\/a><\/div>\n<div class=\"tag\"><a href=\"https:\/\/www.tion.ro\/cimke\/lucrari-drumuri-timisoara\" rel=\"tag\"><span class=\"link\">lucrari drumuri timisoara<\/span><span class=\"separator\">,<\/span><\/a><\/div>\n<div class=\"tag\"><a href=\"https:\/\/www.tion.ro\/cimke\/sdm\" rel=\"tag\"><span class=\"link\">SDM<\/span><\/a><\/div>\n<\/div>\n<\/div>\n<div class=\"comments\">\n<div class=\"top\">\n<div class=\"commentsNumber\"><span class=\"number\">1<\/span><span class=\"text\">Comentarii<\/span><\/div>\n<\/div>\n<div class=\"center\">\n<div id=\"respond\" class=\"comment-respond\">\n<h3 id=\"reply-title\" class=\"comment-reply-title\"><small><a rel=\"nofollow\" id=\"cancel-comment-reply-link\" href=\"https:\/\/www.tion.ro\/stirile-judetului-timis\/sunt-gata-lucrarile-pe-calea-martirilor-latcau-va-face-controlul-calitatii-pe-toate-strazile-reparate-de-sdm-2343561\/#respond\">Cancel reply<\/a><\/small><\/h3>\n<p class=\"comment-notes\"><span id=\"email-notes\">Your email address will not be published.<\/span><span class=\"required-field-message\">Required fields are marked <span class=\"required\">*<\/span><\/span><\/p>\n<p class=\"commentFormComment\"><span id=\"commentFormCount\"><br \/>\n                            inca<br \/>\n                            <span id=\"countCommentText\">1000<\/span><br \/>\n                            caractere ramase<br \/>\n                        <\/span><\/p>\n<\/div>\n<\/div>\n<div class=\"bottom\">\n<p class=\"forumDisclaimerHuRo\">\n            Citi\u021bi principiile noastre de moderare <a href=\"https:\/\/www.tion.ro\/reguli-postare-comentarii\/\" target=\"_blank\">aici<\/a>!\n        <\/p>\n<\/div>\n<\/div>\n<div id=\"forum\">\n<li class=\"comment even thread-even depth-1\" id=\"comment-1022103\">\n<div id=\"div-comment-1022103\" class=\"comment-body\">\n<div class=\"comment-author vcard\"><img decoding=\"async\" alt src=\"https:\/\/secure.gravatar.com\/avatar\/48f1caf8c86c05eb4798e9da1e6b4c5f?s=32&amp;d=mm&amp;r=g\" class=\"avatar avatar-32 photo\" height=\"32\" width=\"32\" loading=\"lazy\"><cite class=\"fn\">dap<\/cite><span class=\"says\">says:<\/span><\/div>\n<div class=\"comment-meta commentmetadata\"><a href=\"https:\/\/www.tion.ro\/stirile-judetului-timis\/sunt-gata-lucrarile-pe-calea-martirilor-latcau-va-face-controlul-calitatii-pe-toate-strazile-reparate-de-sdm-2343561\/#comment-1022103\">August 30, 2026 at 7:17 pm<\/a><\/div>\n<p>dap, \u201cLa\u021bc\u0103u va face controlul calit\u0103\u021bii\u201d. Cum? Ia el personal carote si masoara densitatea, masoara el personal planeitatea \u201claser, frate\u201d, are el laborator autorizat, numara fisurile? Sau taie panglica si se plimba sa fie el primul ca aia ce inaugureaza autostrazi?\ud83d\ude01<br \/>\nAsta nu stie nici normativul tehnic, nici n-ar lua nota de trecere la examen, dar na, cand esti repetent\u2026 ai timp sa aprofundezi, doara \u201crepetitio est mater studiorum\u201d\ud83d\ude01<\/p>\n<p>Slava!<\/p>\n<div class=\"reply\"><a rel=\"nofollow\" class=\"comment-reply-link\" href=\"https:\/\/www.tion.ro\/stirile-judetului-timis\/sunt-gata-lucrarile-pe-calea-martirilor-latcau-va-face-controlul-calitatii-pe-toate-strazile-reparate-de-sdm-2343561\/#comment-1022103\" data-commentid=\"1022103\" data-postid=\"2343561\" data-belowelement=\"div-comment-1022103\" data-respondelement=\"respond\" data-replyto=\"Reply to dap\" aria-label=\"Reply to dap\">Reply<\/a><\/div>\n<\/div>\n<\/li>\n<\/div>\n<\/div>\n<\/div>\n<\/article>\n<div class=\"entry-content clearfix\">\n<div class=\"enewsArticleContent\">\n<p>\u00cen aceast\u0103 var\u0103, Societatea de Drumuri Municipale (SDM) a avut lucr\u0103ri pe mai multe str\u0103zi cuprinse \u00een programul de repara\u021bii pe care i l-a repartizat Prim\u0103ria Timi\u0219oara. Una dintre arterele importante pe care s-a intervenit este Calea Martirilor, care este gata, dup\u0103 cum anun\u021b\u0103 viceprimarul Ruben La\u021bc\u0103u.<\/p>\n<p>Totu\u0219i, s\u0103pt\u0103m\u00e2na viitoare, \u201evicele\u201d va verifica toate str\u0103zile unde a intervenit SDM, iar unde sunt g\u0103site probleme, societatea municipal\u0103 va fi trimis\u0103 pentru remedieri.<\/p>\n<blockquote>\n<p>\u201eRedeschidem Calea Martirilor dup\u0103 asfaltare. Am luat \u0219i m\u0103suri pentru a reduce aglomera\u021bia, cozile de la intersec\u021bia cu Rebreanu. Am reconfigurat intersec\u021bia astfel \u00eenc\u00e2t \u0219oferii care vin dinspre Jude\u021bean s\u0103 poat\u0103 intra pe Martirilor pe dou\u0103 benzi.<\/p>\n<p>\u0218i trotuarele au fost ref\u0103cute, iar \u00een toamn\u0103 vom planta arbori \u0219i arbu\u0219ti. Vrem umbr\u0103 pentru pietoni, dar \u0219i s\u0103 reducem insulele de c\u0103ldur\u0103 \u0219i poluarea pe aceast\u0103 arter\u0103 cu mult trafic.<\/p>\n<p>Zilele urm\u0103toare voi verifica toate lucr\u0103rile f\u0103cute peste var\u0103, inclusiv cele de pe Martirilor, iar dac\u0103 e cazul, SDM va face remedieri rapid\u201d, anun\u021b\u0103 viceprimarul Ruben La\u021bc\u0103u.<\/p>\n<\/blockquote>\n<div class=\"enews_gallery_holder\">\n<div class=\"ml-gallery\"><a href=\"https:\/\/www.tion.ro\/galeria\/calea-martirilor\/\" class=\"ml-gallery-link\"><img loading=\"lazy\" decoding=\"async\" class=\"SxJnwN lazyload ml-gallery-cover\" src=\"https:\/\/www.tion.ro\/wp-content\/plugins\/endless-core\/images\/1x1.png\" width=\"155\" height=\"100\" data-src=\"https:\/\/www.tion.ro\/wp-content\/uploads\/2026\/08\/809721178795906320020738371250677820872918138621494n.jpg\" data-srcset=\"https:\/\/www.tion.ro\/wp-content\/uploads\/2026\/08\/+otf\/839x538\/s77fQe4a0cQVPmrutYIUhU5PVF9WRVJZX1NFQ1sDy1jvB__5n0o9qHJ0UtRn5vk1aZV4wjT5HQvhITKQ4dUc6vo8pIgqsz__An1k0nP+Z3aYYoY5w7N+T0QsjuAFQ=\/809721178795906320020738371250677820872918138621494n.jpg 839w,https:\/\/www.tion.ro\/wp-content\/uploads\/2026\/08\/+otf\/100w\/s77fQe4a0cQVPmrutYIUhU5PVF9WRVJZX1NFQ1sDy1jvB__5n0o9qHJ0UtRn5vk1aZV4wjT5HQvhITKQ4dUc6vo8pIgqsz__An1k0nP+Z3aYYoY5w7N+T0QsjuAFQ=\/809721178795906320020738371250677820872918138621494n.jpg 100w\" data-sizes=\"auto\"><\/p>\n<p class=\"wp-caption-text-gallery\">Calea Martirilor<\/p>\n<p><\/a><\/div>\n<\/div>\n<p>\u00a0<\/p>\n<p>V\u0103 amintim, pe Martirilor se lucreaz\u0103 \u00eenc\u0103 din luna mai, <strong><a href=\"https:\/\/www.tion.ro\/utile\/trotuarele-de-pe-calea-martirilor-intra-in-reabilitare-lucrari-si-restrictii-de-circulatie-timp-de-doua-luni-2281239\/\" target=\"_blank\" rel=\"noopener\">ini\u021bial la trotuare \u0219i mai apoi \u0219i pe carosabil<\/a><\/strong>. Totu\u0219i, probabil, <strong><a href=\"https:\/\/www.tion.ro\/stirile-judetului-timis\/lucrarile-de-pe-rebreanu-se-muta-pe-un-nou-sector-alte-restrictii-de-circulatie-2342967\/\" target=\"_blank\" rel=\"noopener\">cea mai important\u0103 interven\u021bie din aceast\u0103 var\u0103 este cea de pe Rebreanu<\/a><\/strong>, unde \u00eenc\u0103 se lucreaz\u0103 pe sectoarele pe care SDM-ul nu le-a finalizat vara trecut\u0103.<\/p>\n<div class=\"fbShareLikeTwitterAndEmailContainer\">\n<div class=\"wrapper\">\n<div class=\"email\">\n<div id=\"mailto-pop\" class=\"pop-form pop-form-mailto\">\n<div class=\"pop-form-header\">\n<h4>Trimite articolul<\/h4>\n<p><a class=\"pop-form-close\">X<\/a><\/div>\n<\/div>\n<\/div>\n<\/div>\n<\/div>\n<div class=\"tagsContainer\">\n<div class=\"tagsLabel\">Taguri:<\/div>\n<div class=\"tags\">\n<div class=\"tag\"><a href=\"https:\/\/www.tion.ro\/cimke\/calea-martirilor\" rel=\"tag\"><span class=\"link\">calea martirilor<\/span><span class=\"separator\">,<\/span><\/a><\/div>\n<div class=\"tag\"><a href=\"https:\/\/www.tion.ro\/cimke\/lucrari-drumuri-timisoara\" rel=\"tag\"><span class=\"link\">lucrari drumuri timisoara<\/span><span class=\"separator\">,<\/span><\/a><\/div>\n<div class=\"tag\"><a href=\"https:\/\/www.tion.ro\/cimke\/sdm\" rel=\"tag\"><span class=\"link\">SDM<\/span><\/a><\/div>\n<\/div>\n<\/div>\n<div class=\"comments\">\n<div class=\"top\">\n<div class=\"commentsNumber\"><span class=\"number\">1<\/span><span class=\"text\">Comentarii<\/span><\/div>\n<\/div>\n<div class=\"center\">\n<div id=\"respond\" class=\"comment-respond\">\n<h3 id=\"reply-title\" class=\"comment-reply-title\"><small><a rel=\"nofollow\" id=\"cancel-comment-reply-link\" href=\"https:\/\/www.tion.ro\/stirile-judetului-timis\/sunt-gata-lucrarile-pe-calea-martirilor-latcau-va-face-controlul-calitatii-pe-toate-strazile-reparate-de-sdm-2343561\/#respond\">Cancel reply<\/a><\/small><\/h3>\n<p class=\"comment-notes\"><span id=\"email-notes\">Your email address will not be published.<\/span><span class=\"required-field-message\">Required fields are marked <span class=\"required\">*<\/span><\/span><\/p>\n<p class=\"commentFormComment\"><span id=\"commentFormCount\"><br \/>\n                            inca<br \/>\n                            <span id=\"countCommentText\">1000<\/span><br \/>\n                            caractere ramase<br \/>\n                        <\/span><\/p>\n<\/div>\n<\/div>\n<div class=\"bottom\">\n<p class=\"forumDisclaimerHuRo\">\n            Citi\u021bi principiile noastre de moderare <a href=\"https:\/\/www.tion.ro\/reguli-postare-comentarii\/\" target=\"_blank\">aici<\/a>!\n        <\/p>\n<\/div>\n<\/div>\n<div id=\"forum\">\n<li class=\"comment even thread-even depth-1\" id=\"comment-1022103\">\n<div id=\"div-comment-1022103\" class=\"comment-body\">\n<div class=\"comment-author vcard\"><img decoding=\"async\" alt src=\"https:\/\/secure.gravatar.com\/avatar\/48f1caf8c86c05eb4798e9da1e6b4c5f?s=32&amp;d=mm&amp;r=g\" class=\"avatar avatar-32 photo\" height=\"32\" width=\"32\" loading=\"lazy\"><cite class=\"fn\">dap<\/cite><span class=\"says\">says:<\/span><\/div>\n<div class=\"comment-meta commentmetadata\"><a href=\"https:\/\/www.tion.ro\/stirile-judetului-timis\/sunt-gata-lucrarile-pe-calea-martirilor-latcau-va-face-controlul-calitatii-pe-toate-strazile-reparate-de-sdm-2343561\/#comment-1022103\">August 30, 2026 at 7:17 pm<\/a><\/div>\n<p>dap, \u201cLa\u021bc\u0103u va face controlul calit\u0103\u021bii\u201d. Cum? Ia el personal carote si masoara densitatea, masoara el personal planeitatea \u201claser, frate\u201d, are el laborator autorizat, numara fisurile? Sau taie panglica si se plimba sa fie el primul ca aia ce inaugureaza autostrazi?\ud83d\ude01<br \/>\nAsta nu stie nici normativul tehnic, nici n-ar lua nota de trecere la examen, dar na, cand esti repetent\u2026 ai timp sa aprofundezi, doara \u201crepetitio est mater studiorum\u201d\ud83d\ude01<\/p>\n<p>Slava!<\/p>\n<div class=\"reply\"><a rel=\"nofollow\" class=\"comment-reply-link\" href=\"https:\/\/www.tion.ro\/stirile-judetului-timis\/sunt-gata-lucrarile-pe-calea-martirilor-latcau-va-face-controlul-calitatii-pe-toate-strazile-reparate-de-sdm-2343561\/#comment-1022103\" data-commentid=\"1022103\" data-postid=\"2343561\" data-belowelement=\"div-comment-1022103\" data-respondelement=\"respond\" data-replyto=\"Reply to dap\" aria-label=\"Reply to dap\">Reply<\/a><\/div>\n<\/div>\n<\/li>\n<\/div>\n<\/div>\n<\/div>\n<p>[analyse_source url=&#8221;https:\/\/www.tion.ro\/stirile-judetului-timis\/sunt-gata-lucrarile-pe-calea-martirilor-latcau-va-face-controlul-calitatii-pe-toate-strazile-reparate-de-sdm-2343561\/&#8221;]<\/p>\n","protected":false},"excerpt":{"rendered":"<p>[analyse_image type=&#8221;featured&#8221; src=&#8221;https:\/\/www.tion.ro\/wp-content\/uploads\/2026\/08\/+otf\/1200&#215;630\/xVDKUN71__KTaW9Pm+ZSRiU5PVF9WRVJZX1NFQ9jmZlsx7PXtgDbiWXndxGd9bnB1nbHpMn__kNYlb+sABkIaPLDQ3__eAnh8GPgKsXBcZBzM2KZ8R3g__RRTTtlZPY=\/809720978887985913993162323493607553889288235693319n.jpg&#8221;] \u00cen aceast\u0103 var\u0103, Societatea de Drumuri Municipale (SDM) a avut lucr\u0103ri pe mai multe str\u0103zi cuprinse \u00een programul de repara\u021bii pe care i l-a repartizat Prim\u0103ria Timi\u0219oara. Una dintre arterele importante pe care s-a intervenit este Calea Martirilor, care este gata, dup\u0103 cum anun\u021b\u0103 viceprimarul Ruben La\u021bc\u0103u. Totu\u0219i, s\u0103pt\u0103m\u00e2na viitoare, \u201evicele\u201d va [&hellip;]<\/p>\n","protected":false},"author":1,"featured_media":0,"comment_status":"open","ping_status":"","sticky":false,"template":"","format":"standard","meta":{"footnotes":""},"categories":[89],"tags":[226,191],"class_list":["post-2120014","post","type-post","status-publish","format-standard","hentry","category-romania","tag-crawlmanager","tag-tion-ro"],"_links":{"self":[{"href":"https:\/\/analyse.optim.biz\/index.php?rest_route=\/wp\/v2\/posts\/2120014","targetHints":{"allow":["GET"]}}],"collection":[{"href":"https:\/\/analyse.optim.biz\/index.php?rest_route=\/wp\/v2\/posts"}],"about":[{"href":"https:\/\/analyse.optim.biz\/index.php?rest_route=\/wp\/v2\/types\/post"}],"author":[{"embeddable":true,"href":"https:\/\/analyse.optim.biz\/index.php?rest_route=\/wp\/v2\/users\/1"}],"replies":[{"embeddable":true,"href":"https:\/\/analyse.optim.biz\/index.php?rest_route=%2Fwp%2Fv2%2Fcomments&post=2120014"}],"version-history":[{"count":0,"href":"https:\/\/analyse.optim.biz\/index.php?rest_route=\/wp\/v2\/posts\/2120014\/revisions"}],"wp:attachment":[{"href":"https:\/\/analyse.optim.biz\/index.php?rest_route=%2Fwp%2Fv2%2Fmedia&parent=2120014"}],"wp:term":[{"taxonomy":"category","embeddable":true,"href":"https:\/\/analyse.optim.biz\/index.php?rest_route=%2Fwp%2Fv2%2Fcategories&post=2120014"},{"taxonomy":"post_tag","embeddable":true,"href":"https:\/\/analyse.optim.biz\/index.php?rest_route=%2Fwp%2Fv2%2Ftags&post=2120014"}],"curies":[{"name":"wp","href":"https:\/\/api.w.org\/{rel}","templated":true}]}}