{"id":2119958,"date":"2026-08-31T04:00:24","date_gmt":"2026-08-31T01:00:24","guid":{"rendered":"https:\/\/analyse.optim.biz\/?p=2119958"},"modified":"2026-08-31T04:00:24","modified_gmt":"2026-08-31T01:00:24","slug":"esti-in-razboi-cand-esti-atacat-cum-a-devenit-mark-carney-unul-dintre-putinii-lideri-mondiali-care-ii","status":"publish","type":"post","link":"https:\/\/analyse.optim.biz\/?p=2119958","title":{"rendered":"\u201eE\u0219ti \u00een r\u0103zboi c\u00e2nd e\u0219ti atacat\u201d. Cum a devenit Mark Carney unul dintre pu\u021binii lideri mondiali care \u00eei&#8230;"},"content":{"rendered":"<p>[analyse_image type=&#8221;featured&#8221; src=&#8221;https:\/\/s.iw.ro\/gateway\/g\/ZmlsZVNvdXJjZT1odHRwJTNBJTJGJTJG\/c3RvcmFnZTA4dHJhbnNjb2Rlci5yY3Mt\/cmRzLnJvJTJGc3RvcmFnZSUyRjIwMjUl\/MkYwNSUyRjA2JTJGMjI1MjI5OV8yMjUy\/Mjk5X0RvbmFsZC1UcnVtcC1zX2ktcHJl\/bWllcnVsLWNhbmFkaWFuLU1hcmstQ2Fy\/bmV5Xy1Gb3RvLVByb2ZpbWVkaWEtLmpw\/ZyZ3PTEyMDAmaD02MzAmemM9MSZoYXNo\/PTEwNDg5YjdlMjliOTY3NzY5M2U4ODNhZjVhM2Q4ZGI3.thumb.jpg&#8221;]<\/p>\n<div class=\"entry data-app-meta data-app-meta-article\" data-embed-base-url-canonical=\"https:\/\/www.digi24.ro\/embed\/stiri\/externe\/sua\/esti-in-razboi-cand-esti-atacat-cum-a-devenit-mark-carney-unul-dintre-putinii-lideri-mondiali-care-ii-tin-piept-lui-donald-trump-3927659\">\n<p data-index=\"1\"><strong><a href=\"https:\/\/www.digi24.ro\/stiri\/externe\/mesajul-lui-mark-carney-dupa-ce-donald-trump-a-semnat-decretul-care-redenumeste-oficial-lacul-ontario-in-lacul-america-3924999\" target=\"_blank\" rel=\"noopener\" data-skip-linkfix=\"1\">Mark Carney, fost guvernator al B\u0103ncii Canadei \u0219i al B\u0103ncii Angliei<\/a>, a devenit unul dintre pu\u021binii lideri occidentali dispu\u0219i s\u0103-i \u021bin\u0103 piept lui <a href=\"https:\/\/www.digi24.ro\/stiri\/externe\/sua\/dupa-redenumirea-lacului-ontario-donald-trump-isi-indreapta-atentia-si-spre-oceane-poate-atlanticul-si-sau-pacificul-3925321\" target=\"_blank\" rel=\"noopener\" data-skip-linkfix=\"1\">Donald Trump<\/a>. Premierul canadian a respins un acord comercial considerat nefavorabil \u0219i a adoptat un ton neobi\u0219nuit de combativ \u00een confruntarea cu administra\u021bia de la Washington. Fo\u0219tii s\u0103i colegi spun c\u0103 fermitatea afi\u0219at\u0103 acum nu \u00eei surprinde, descriindu-l drept un om extrem de hot\u0103r\u00e2t, analitic \u0219i dispus s\u0103 lupte atunci c\u00e2nd consider\u0103 c\u0103 este necesar, scrie <a href=\"https:\/\/www.theguardian.com\/world\/ng-interactive\/2026\/aug\/30\/youre-at-war-when-you-get-attacked-mark-carney-shows-combative-nature-in-face-off-with-trump\" target=\"_blank\" rel=\"noopener\" data-skip-linkfix=\"1\">The Guardian<\/a>.<\/strong><\/p>\n<p data-index=\"2\">Carney st\u0103tea \u00een fa\u021ba unui pupitru placat cu lemn de nuc, cu fa\u021ba \u00eencordat\u0103, c\u00e2nd a anun\u021bat c\u0103 negocierile cu cel mai mare partener comercial al Canadei au e\u0219uat, arat\u0103 un reportaj al presei britanice.<\/p>\n<p data-index=\"3\">\u201ePrim\u0103vara trecut\u0103, am avertizat c\u0103 America \u00eencearc\u0103 s\u0103 ne distrug\u0103 pentru a ne putea controla\u201d, a spus el. \u201e\u0218i am promis: asta nu se va \u00eent\u00e2mpla niciodat\u0103, sub nicio form\u0103. Ne \u021binem de aceast\u0103 promisiune.\u201d<\/p>\n<p data-index=\"4\">Timp de ani de zile, fostul guvernator al unei b\u0103nci centrale a lucrat pentru a calma pie\u021bele \u0219i pentru a transmite stabilitate \u00een perioade de criz\u0103. Acum, le cere canadienilor s\u0103 accepte incertitudinea \u0219i confruntarea.<\/p>\n<p data-index=\"5\">Spre finalul conferin\u021bei de pres\u0103, un jurnalist l-a \u00eentrebat de ce discursul s\u0103u a avut un ton at\u00e2t de sumbru \u0219i combativ.<\/p>\n<p data-index=\"6\">Carney a f\u0103cut o pauz\u0103. \u201eAm fost ataca\u021bi. C\u00e2nd e\u0219ti atacat, te afli \u00een r\u0103zboi. Am fost ataca\u021bi.\u201d<\/p>\n<p data-index=\"7\">Transformarea unui economist \u0219i bancher central f\u0103r\u0103 experien\u021b\u0103 electoral\u0103 \u00eentr-un politician de prim rang a contrazis multe dintre a\u0219tept\u0103rile ini\u021biale. Carney pare \u00eens\u0103 s\u0103 fi \u00eembr\u0103\u021bi\u0219at rolul pe care \u00eel consider\u0103 necesar \u00eentr-un moment \u00een care Canada se confrunt\u0103 cu presiuni economice \u0219i politice din partea celui mai puternic vecin al s\u0103u.<\/p>\n<p data-index=\"8\">Dup\u0103 e\u0219ecul negocierilor comerciale cu Statele Unite, cele dou\u0103 p\u0103r\u021bi \u0219i-au adresat reciproc acuza\u021bii \u0219i au trecut la aplicarea unor noi tarife.<\/p>\n<p data-index=\"9\">\u00centr-unul dintre cele mai recente episoade ale disputei, Trump a semnat joi un decret prin care a ordonat guvernului federal american s\u0103 redenumeasc\u0103 Lacul Ontario \u00een \u201eLacul America\u201d.<\/p>\n<p data-index=\"10\">Carney a refuzat \u00eens\u0103 acordul propus de administra\u021bia Trump. \u201eNu putem accepta ceea ce ne-au oferit \u0219i nu vom da ceea ce ne-au cerut.\u201d<\/p>\n<h2 id=\"highlight-3927659-1\">\u201eEra extrem de hot\u0103r\u00e2t\u201d<\/h2>\n<p data-index=\"11\">Pentru cei care au lucrat cu Carney, fermitatea sa actual\u0103 nu reprezint\u0103 o surpriz\u0103. Carney a crescut \u00een preriile din vestul Canadei \u0219i \u0219i-a construit treptat cariera \u00een unele dintre cele mai importante institu\u021bii financiare ale lumii. Parcursul s\u0103u, de outsider care a p\u0103truns \u00een structurile puterii \u0219i apoi a contribuit la schimbarea lor, ofer\u0103 indicii despre un om care nu accept\u0103 cu u\u0219urin\u021b\u0103 condi\u021biile impuse de al\u021bii.<\/p>\n<p data-index=\"12\">\u201eEra extrem de hot\u0103r\u00e2t\u201d, a declarat o persoan\u0103 care a lucrat al\u0103turi de Carney \u00een perioada \u00een care acesta a fost trimis special al ONU pentru ac\u021biuni climatice, \u00een 2021.<\/p>\n<p data-index=\"13\">Atunci c\u00e2nd \u00eencerca s\u0103 conving\u0103 b\u0103ncile s\u0103-\u0219i asume angajamente privind schimb\u0103rile climatice, Carney \u0219tia s\u0103-\u0219i foloseasc\u0103 farmecul \u0219i abilit\u0103\u021bile diplomatice.<\/p>\n<p data-index=\"14\">\u201eEra destul de diplomatic atunci c\u00e2nd avea de-a face cu persoane pe care \u0219tia c\u0103 trebuie s\u0103 le influen\u021beze\u201d, a spus fostul s\u0103u coleg.<\/p>\n<p data-index=\"15\">Acesta afirm\u0103 c\u0103 nu a fost surprins s\u0103-l vad\u0103 pe Carney \u021bin\u00e2ndu-i piept lui Trump.<\/p>\n<p data-index=\"16\">\u201eNu m\u0103 surprinde&#8230; \u0219i cred c\u0103 asta se datoreaz\u0103 acelei determin\u0103ri \u0219i refuzului s\u0103u de a ceda.\u201d<\/p>\n<p data-index=\"17\">Carney nu a fost \u00eens\u0103 \u00eentotdeauna at\u00e2t de sigur pe pozi\u021bia sa. C\u00e2nd a fost numit guvernator al B\u0103ncii Angliei, \u00een 2013, de c\u0103tre ministrul britanic de Finan\u021be de atunci, George Osborne, stilul s\u0103u energic nu s-a potrivit imediat cu tradi\u021bia venerabilei institu\u021bii din Londra.<\/p>\n<p data-index=\"18\">Experien\u021ba acumulat\u0103 la Goldman Sachs \u0219i-a pus amprenta asupra sa. \u0218i \u00een func\u021bia de premier, Carney r\u0103m\u00e2ne un om care se treze\u0219te devreme, alearg\u0103 \u00een mod regulat \u0219i le cere mini\u0219trilor s\u0103-\u0219i cunoasc\u0103 foarte bine dosarele, potrivit celor care lucreaz\u0103 cu el.<\/p>\n<p data-index=\"19\">Presa a relatat, de asemenea, c\u0103 personalul guvernamental trebuie s\u0103 poarte \u021binute formale de afaceri, iar documentele s\u0103 fie redactate folosind ortografia britanic\u0103, spre nemul\u021bumirea unor lingvi\u0219ti canadieni.<\/p>\n<h2 id=\"highlight-3927659-2\">Un tehnocrat dispus s\u0103 intre \u00een lupte politice<\/h2>\n<p data-index=\"20\">De\u0219i cariera lui Carney \u00een institu\u021bii financiare importante reflect\u0103 o minte analitic\u0103 \u0219i atent\u0103 la detalii, mandatul s\u0103u la Banca Angliei a demonstrat c\u0103 economistul era dispus s\u0103 adopte pozi\u021bii politice atunci c\u00e2nd considera c\u0103 era necesar.<\/p>\n<p data-index=\"21\">C\u00e2nd a revizuit strategia de comunicare a B\u0103ncii Angliei \u0219i a introdus \u201eorientarea prospectiv\u0103\u201d pentru a-\u0219i expune viziunea asupra evolu\u021biei ratelor dob\u00e2nzilor, m\u0103sura nu a fost imediat considerat\u0103 un succes.<\/p>\n<p data-index=\"22\">Deputatul laburist Pat McFadden, \u00een prezent ministru \u00een cabinet, a acuzat Banca Angliei c\u0103 a derutat investitorii \u0219i publicul prin mesaje contradictorii despre viitorul ratelor dob\u00e2nzilor.<\/p>\n<p data-index=\"23\">\u00cen octombrie 2015, \u00een apropierea referendumului privind ie\u0219irea Marii Britanii din Uniunea European\u0103, Carney a folosit un discurs sus\u021binut la Universitatea Oxford pentru a eviden\u021bia avantajele \u201edeschiderii economice \u0219i financiare\u201d asociate statutului de membru al UE.<\/p>\n<p data-index=\"24\">\u00cen acela\u0219i timp, el a avertizat asupra riscului crescut de instabilitate financiar\u0103 asociat apartenen\u021bei la Uniune, \u00een contextul crizei datoriilor din zona euro.<\/p>\n<p data-index=\"25\">Sus\u021bin\u0103torii Brexitului au interpretat \u00eens\u0103 declara\u021biile sale drept o interven\u021bie nejustificat\u0103 \u00eentr-o dezbatere profund politizat\u0103.<\/p>\n<p data-index=\"26\">Disputa s-a intensificat dup\u0103 ce Carney a sugerat c\u0103 Brexitul ar putea arunca Marea Britanie \u00een recesiune. Bernard Jenkin, directorul conservator al campaniei pentru ie\u0219irea din UE, i-a cerut guvernatorului s\u0103 nu se implice \u00een dezbatere.<\/p>\n<p data-index=\"27\">R\u0103spunsul lui Carney a ar\u0103tat aceea\u0219i fermitate pe care o afi\u0219eaz\u0103 ast\u0103zi \u00een disputa cu Trump.<\/p>\n<p data-index=\"28\">\u201eStimate domnule Jenkin\u201d, \u00eencepea scrisoarea sa, \u00een care acuza parlamentarul de \u201eo ne\u00een\u021belegere fundamental\u0103 a independen\u021bei b\u0103ncii centrale, a\u0219a cum este consacrat\u0103 \u00een statut\u201d.<\/p>\n<p data-index=\"29\">\u00cen cele din urm\u0103, Marea Britanie nu a intrat \u00een recesiunea anticipat\u0103 dup\u0103 Brexit. Mul\u021bi economi\u0219ti au atribuit acest lucru, cel pu\u021bin par\u021bial, reac\u021biei rapide a B\u0103ncii Angliei, care a redus dob\u00e2nzile \u0219i a reluat programul de relaxare cantitativ\u0103.<\/p>\n<p data-index=\"30\">Charles Randell, care a f\u0103cut parte timp de cinci ani din consiliul Autorit\u0103\u021bii de Reglementare Pruden\u021bial\u0103, pe care Carney a prezidat-o dup\u0103 ce a devenit guvernator al B\u0103ncii Angliei, \u00eel descrie drept una dintre cele mai impresionante persoane cu care a lucrat.<\/p>\n<p data-index=\"31\">\u201eSunt sigur c\u0103, dac\u0103 ve\u021bi contacta suficient de multe persoane care au lucrat cu el la Banc\u0103, ve\u021bi g\u0103si oameni care vor spune c\u0103 a avut \u0219i defectele sale\u201d, a spus Randell. \u201eDar, av\u00e2nd timp s\u0103 reflectez asupra experien\u021bei mele&#8230; este una dintre cele mai impresionante persoane cu care am lucrat vreodat\u0103.\u201d<\/p>\n<p data-index=\"32\">El \u00eel descrie pe Carney drept \u201efoarte serios, foarte analitic, foarte motivat\u201d \u0219i \u201efoarte atent la modul \u00een care comunic\u0103\u201d.<\/p>\n<p data-index=\"33\">\u201e\u00cen diminea\u021ba de dup\u0103 votul privind Brexit-ul din 2016&#8230; a ap\u0103rut \u00een fa\u021ba camerelor de filmat pentru a lini\u0219ti pie\u021bele financiare, asigur\u00e2ndu-le c\u0103 Banca era preg\u0103tit\u0103 s\u0103 fac\u0103 fa\u021b\u0103 oric\u0103ror consecin\u021be ale acelei decizii\u201d, a spus el. \u201eA fost o capodoper\u0103 a comunic\u0103rii strategice.\u201d<\/p>\n<h2 id=\"highlight-3927659-3\">\u201eRespectarea regulilor nu garanteaz\u0103 siguran\u021ba\u201d<\/h2>\n<p data-index=\"34\">Joseph Steinberg, profesor de economie la Universitatea din Toronto, spune c\u0103, \u00een timpul dezbaterii privind Brexitul, Carney \u201enu s-a ferit s\u0103 \u00eencerce s\u0103 prezinte adev\u0103rurile economice dure\u201d.<\/p>\n<p data-index=\"35\">\u00cen actuala disput\u0103 comercial\u0103 cu SUA, \u00eens\u0103, accentul public al premierului canadian este pus mai degrab\u0103 pe suveranitate.<\/p>\n<p data-index=\"36\">\u201e\u00cen public, el pune un accent destul de puternic pe aspectul suveranit\u0103\u021bii. Este clar c\u0103, \u00een privat, probabil se g\u00e2nde\u0219te la aspectele economice reci \u0219i dure ale unei situa\u021bii incredibil de fragile.\u201d<\/p>\n<p data-index=\"37\">Decizia lui Carney de a riposta \u00een fa\u021ba Statelor Unite i-a determinat pe unii economi\u0219ti s\u0103 avertizeze c\u0103 efectele economice vor fi mai dureroase pentru Canada dec\u00e2t pentru SUA.<\/p>\n<p data-index=\"38\">Pentru prima dat\u0103 \u00een cariera sa, Carney se afl\u0103 sub presiunea direct\u0103 a opiniei publice. Situa\u021bia scoate \u00een eviden\u021b\u0103 tensiunea dintre cele dou\u0103 roluri pe care trebuie s\u0103 le joace: tehnocratul care \u00een\u021belege implica\u021biile economice ale unei decizii \u0219i politicianul care trebuie s\u0103 suporte costurile politice ale compromisului.<\/p>\n<p data-index=\"39\">\u201e\u00cen acest moment, canadienii sunt probabil extrem de reticen\u021bi \u00een a face orice fel de concesii fa\u021b\u0103 de SUA, chiar dac\u0103 acestea ar fi \u00een interesul nostru economic\u201d, a spus el.<\/p>\n<p data-index=\"40\">\u00cen ianuarie, la Forumul Economic Mondial de la Davos, Carney avertiza c\u0103 \u201econformitatea nu va asigura siguran\u021ba\u201d \u00eentr-o lume dominat\u0103 tot mai mult de puteri hegemonice.<\/p>\n<p data-index=\"41\">De\u0219i nu l-a men\u021bionat pe Trump, discursul a fost perceput drept o critic\u0103 voalat\u0103 la adresa inten\u021biei pre\u0219edintelui american de a renun\u021ba la alian\u021be tradi\u021bionale \u0219i de a remodela ordinea interna\u021bional\u0103 \u00een avantajul Statelor Unite.<\/p>\n<p data-index=\"42\">Una dintre recomand\u0103rile lui Carney &#8211; consolidarea rela\u021biilor cu \u201eputerile medii\u201d care \u00eemp\u0103rt\u0103\u0219esc aceea\u0219i viziune \u0219i reducerea dependen\u021bei fa\u021b\u0103 de fo\u0219tii alia\u021bi &#8211; \u00eencepe deja s\u0103 se reflecte \u00een politica guvernului canadian.<\/p>\n<p data-index=\"43\">Specialistul \u00een sondaje David Coletto a descris situa\u021bia drept \u201eun guvern organizat ca \u00een timp de r\u0103zboi, f\u0103r\u0103 a exista un r\u0103zboi\u201d.<\/p>\n<p data-index=\"44\">\u201eEste un guvern organizat \u00een jurul unei amenin\u021b\u0103ri externe, dispus s\u0103 suspende dogmele propriului partid, s\u0103 centralizeze puterea pentru a ac\u021biona rapid \u0219i s\u0103 se evalueze \u00een func\u021bie de rezultate, mai degrab\u0103 dec\u00e2t de valori\u201d, a scris Coletto.<\/p>\n<p data-index=\"45\">Carney a renun\u021bat la o parte dintre politicile predecesorului s\u0103u, Justin Trudeau, inclusiv la unele obiective privind emisiile de carbon \u0219i vehiculele electrice. \u00cen acela\u0219i timp, a accelerat dezvoltarea unor proiecte majore, inclusiv un oleoduct, \u0219i a alocat zeci de miliarde de dolari suplimentar pentru ap\u0103rare.<\/p>\n<p data-index=\"46\">\u201ePublicul abia a clipit\u201d, a declarat Coletto \u00eentr-un interviu. \u201eGradul de aprobare al lui Mark Carney s-a men\u021binut constant pe toat\u0103 durata acestei perioade.\u201d<\/p>\n<p data-index=\"47\">\u201eC\u00e2nd Carney a devenit prim-ministru, eram sceptic c\u0103 un bancher central ar fi capabil s\u0103 r\u0103spund\u0103 opiniei publice, deoarece asta este exact opusul misiunii lor\u201d, a spus el. \u201eDar am fost surprins de modul s\u0103u nuan\u021bat de a \u00een\u021belege situa\u021bia \u021b\u0103rii. A demonstrat c\u0103 nu este doar eficient din punct de vedere politic, ci \u0219i capabil s\u0103-\u0219i men\u021bin\u0103 sprijinul \u00een perioade dificile. Acest lucru sugereaz\u0103 c\u0103 nu are rost s\u0103-i subestim\u0103m instinctele politice.\u201d<\/p>\n<p data-index=\"48\">Sondajele arat\u0103 c\u0103 Mark Carney r\u0103m\u00e2ne liderul \u00een care canadienii au cea mai mare \u00eencredere pentru a conduce \u021bara prin perioada de incertitudine economic\u0103.<\/p>\n<p data-index=\"49\">Premierul canadian \u0219i-a asumat \u00eens\u0103 \u0219i un rol care, \u00een urm\u0103 cu pu\u021bin timp, ar fi p\u0103rut greu de asociat cu un fost bancher central: acela de a cere unei \u021b\u0103ri mult mai mici \u0219i mai pu\u021bin puternice dec\u00e2t vecina sa s\u0103 nu cedeze presiunilor Washingtonului.<\/p>\n<p data-index=\"50\">\u00centr-un discurs recent, Carney a rezumat aceast\u0103 viziune printr-un mesaj ferm:<\/p>\n<p data-index=\"51\">\u201eCanadienii nu se supun condi\u021biilor meteorologice &#8211; noi prosper\u0103m \u00een ele. Nu a\u0219tept\u0103m s\u0103 vedem \u00een ce direc\u021bie bate v\u00e2ntul. \u0218i nu ne l\u0103s\u0103m la voia valurilor pentru a fi arunca\u021bi de furtun\u0103 de evenimente. Ne stabilim propriul curs. Ne cre\u0103m propria vreme. \u00cen Canada, suntem st\u0103p\u00e2ni \u00een propria noastr\u0103 cas\u0103, de la coast\u0103 la coast\u0103.\u201d<\/p>\n<p data-index=\"52\"><strong>Cite\u0219te \u0219i: <a href=\"https:\/\/www.digi24.ro\/stiri\/externe\/sua\/cum-a-ajuns-o-superputere-ca-statele-unite-sa-depinda-atat-de-mult-de-ajutorul-finlandei-in-arctica-rusia-si-china-marile-amenintari-3926253\" target=\"_blank\" rel=\"noopener\" data-skip-linkfix=\"1\">Cum a ajuns o superputere ca Statele Unite s\u0103 depind\u0103 at\u00e2t de mult de ajutorul Finlandei \u00een Arctica. Rusia \u0219i China, marile amenin\u021b\u0103ri<\/a><\/strong><\/p>\n<p> Editor : <a href=\"https:\/\/www.digi24.ro\/autor\/claudia-ariton\"> C.A. <\/a><\/p>\n<\/div>\n<p>[analyse_source url=&#8221;https:\/\/www.digi24.ro\/stiri\/externe\/sua\/esti-in-razboi-cand-esti-atacat-cum-a-devenit-mark-carney-unul-dintre-putinii-lideri-mondiali-care-ii-tin-piept-lui-donald-trump-3927659&#8243;]<\/p>\n","protected":false},"excerpt":{"rendered":"<p>[analyse_image type=&#8221;featured&#8221; src=&#8221;https:\/\/s.iw.ro\/gateway\/g\/ZmlsZVNvdXJjZT1odHRwJTNBJTJGJTJG\/c3RvcmFnZTA4dHJhbnNjb2Rlci5yY3Mt\/cmRzLnJvJTJGc3RvcmFnZSUyRjIwMjUl\/MkYwNSUyRjA2JTJGMjI1MjI5OV8yMjUy\/Mjk5X0RvbmFsZC1UcnVtcC1zX2ktcHJl\/bWllcnVsLWNhbmFkaWFuLU1hcmstQ2Fy\/bmV5Xy1Gb3RvLVByb2ZpbWVkaWEtLmpw\/ZyZ3PTEyMDAmaD02MzAmemM9MSZoYXNo\/PTEwNDg5YjdlMjliOTY3NzY5M2U4ODNhZjVhM2Q4ZGI3.thumb.jpg&#8221;] Mark Carney, fost guvernator al B\u0103ncii Canadei \u0219i al B\u0103ncii Angliei, a devenit unul dintre pu\u021binii lideri occidentali dispu\u0219i s\u0103-i \u021bin\u0103 piept lui Donald Trump. Premierul canadian a respins un acord comercial considerat nefavorabil \u0219i a adoptat un ton neobi\u0219nuit de combativ \u00een confruntarea cu administra\u021bia de la Washington. Fo\u0219tii s\u0103i colegi [&hellip;]<\/p>\n","protected":false},"author":1,"featured_media":0,"comment_status":"open","ping_status":"","sticky":false,"template":"","format":"standard","meta":{"footnotes":""},"categories":[89],"tags":[226,11],"class_list":["post-2119958","post","type-post","status-publish","format-standard","hentry","category-romania","tag-crawlmanager","tag-digi24"],"_links":{"self":[{"href":"https:\/\/analyse.optim.biz\/index.php?rest_route=\/wp\/v2\/posts\/2119958","targetHints":{"allow":["GET"]}}],"collection":[{"href":"https:\/\/analyse.optim.biz\/index.php?rest_route=\/wp\/v2\/posts"}],"about":[{"href":"https:\/\/analyse.optim.biz\/index.php?rest_route=\/wp\/v2\/types\/post"}],"author":[{"embeddable":true,"href":"https:\/\/analyse.optim.biz\/index.php?rest_route=\/wp\/v2\/users\/1"}],"replies":[{"embeddable":true,"href":"https:\/\/analyse.optim.biz\/index.php?rest_route=%2Fwp%2Fv2%2Fcomments&post=2119958"}],"version-history":[{"count":0,"href":"https:\/\/analyse.optim.biz\/index.php?rest_route=\/wp\/v2\/posts\/2119958\/revisions"}],"wp:attachment":[{"href":"https:\/\/analyse.optim.biz\/index.php?rest_route=%2Fwp%2Fv2%2Fmedia&parent=2119958"}],"wp:term":[{"taxonomy":"category","embeddable":true,"href":"https:\/\/analyse.optim.biz\/index.php?rest_route=%2Fwp%2Fv2%2Fcategories&post=2119958"},{"taxonomy":"post_tag","embeddable":true,"href":"https:\/\/analyse.optim.biz\/index.php?rest_route=%2Fwp%2Fv2%2Ftags&post=2119958"}],"curies":[{"name":"wp","href":"https:\/\/api.w.org\/{rel}","templated":true}]}}