{"id":2119953,"date":"2026-08-30T17:33:23","date_gmt":"2026-08-30T14:33:23","guid":{"rendered":"https:\/\/analyse.optim.biz\/?p=2119953"},"modified":"2026-08-30T17:33:23","modified_gmt":"2026-08-30T14:33:23","slug":"ilie-bolojan-mesaj-dupa-performanta-istorica-a-canotoarelor-la-mondialele-de-la-amsterdam-ati-dus","status":"publish","type":"post","link":"https:\/\/analyse.optim.biz\/?p=2119953","title":{"rendered":"Ilie Bolojan, mesaj dup\u0103 performan\u021ba istoric\u0103 a canotoarelor la Mondialele de la Amsterdam: \u201eA\u021bi dus&#8230;"},"content":{"rendered":"<p>[analyse_image type=&#8221;featured&#8221; src=&#8221;https:\/\/cdn.adh.reperio.news\/image-7\/7c0a4975-e50c-4c12-8553-d73ce5524150\/index.jpeg?p=f%3Djpeg%26w%3D1200%26h%3D630%26r%3Dcover&#8221;]<\/p>\n<article class=\"svelte-x63bga\">\n<nav>\n<ul class=\"breadcrump svelte-1pk9a69\">\n<li class=\"svelte-1pk9a69\"><a href=\"https:\/\/adevarul.ro\/\" title=\"Adev\u0103rul\" class=\"svelte-1pk9a69\">Home<\/a><\/li>\n<li class=\"svelte-1pk9a69\"><a href=\"https:\/\/adevarul.ro\/sport\" class=\"svelte-1pk9a69\">Sport<\/a><\/li>\n<li class=\"svelte-1pk9a69\"><a href=\"https:\/\/adevarul.ro\/sport\/ilie-bolojan-mesaj-dupa-performanta-istorica-a-2553027.html\" class=\"svelte-1pk9a69\">Ilie Bolojan, mesaj dup\u0103 performan\u021ba istoric\u0103 a canotoarelor la Mondialele de la Amsterdam: \u201eA\u021bi dus Rom\u00e2nia pe primul loc \u00een lume\u201d<\/a><\/li>\n<\/ul>\n<\/nav>\n<p><main class=\"svelte-x63bga\"><\/p>\n<p>Premierul interimar Ilie Bolojan le-a felicitat pe sportivele rom\u00e2nce pentru rezultatele ob\u021binute la Campionatele Mondiale de canotaj de la Amsterdam. \u0218eful Guvernului a eviden\u021biat performan\u021ba echipajului feminin de 8+1, care a cucerit medalia de aur \u0219i a stabilit un nou record mondial. Rom\u00e2nia a ob\u021binut aurul \u0219i \u00een proba de 8+1 mixt, disputat\u0103 \u00een ultima curs\u0103 a competi\u021biei.<\/p>\n<div class=\"container-image  svelte-1xbw4f3\"><source type=\"image\/webp\" srcset=\"https:\/\/cdn.adh.reperio.news\/image-7\/7c0a4975-e50c-4c12-8553-d73ce5524150\/index.jpeg?p=a%3D1%26co%3D1.05%26w%3D1400%26h%3D750%26r%3Dcontain%26f%3Dwebp 1400w\" media=\"(min-width: 1400px)\" \/><\/p>\n<div class=\"caption svelte-1xbw4f3\"><span class=\"captionText svelte-1xbw4f3\">Rom\u00e2nia a cucerit a doua medalie de aur la Campionatul Mondial de canotaj. <span class=\"source svelte-1xbw4f3\">Foto: Federa\u021bia Rom\u00e2n\u0103 de Canotaj<\/span><\/span><\/div>\n<\/div>\n<p>Bolojan a declarat c\u0103 rezultatele sunt rodul anilor de munc\u0103, disciplin\u0103 \u0219i sacrificii. <\/p>\n<p><i>\u201e\u00cen spatele acestor c\u00e2teva minute extraordinare sunt ani de munc\u0103, disciplin\u0103, sacrificii \u0219i \u00eencredere unii \u00een ceilal\u021bi. O echip\u0103 adev\u0103rat\u0103, \u00een care fiecare trage pentru to\u021bi\u201d,<\/i> a transmis premierul.<\/p>\n<p>Premierul le-a adresat felicit\u0103ri sportivilor \u0219i antrenorilor, precum \u0219i tuturor celor care i-au sus\u021binut. <\/p>\n<p><i>\u201eA\u021bi dus Rom\u00e2nia pe primul loc \u00een lume. \u0218i ne-a\u021bi f\u0103cut o mare bucurie\u201d, <\/i>a mai scris Ilie Bolojan.<\/p>\n<div class=\"raw-block\"><iframe loading=\"lazy\" src=\"https:\/\/www.facebook.com\/plugins\/post.php?href=https%3A%2F%2Fwww.facebook.com%2Filie.bolojan%2Fposts%2Fpfbid02fWX2paEcVjjZTesQaKrXJtHavQp85SjhUpZBxCjp9zxi8JeC1DBbdL2yXv27hnHWl&amp;show_text=true&amp;width=390\" width=\"500\" height=\"276\" frameborder allowfullscreen=\"true\" allow=\"autoplay; clipboard-write; encrypted-media; picture-in-picture; web-share\" class=\"facebook-iframe\"><\/iframe><\/div>\n<h2>Barca feminin\u0103 de 8+1 a Rom\u00e2niei a c\u00e2\u0219tigat titlul mondial la Amsterdam \u0219i a b\u0103tut un nou record<\/h2>\n<p><a href=\"https:\/\/adevarul.ro\/sport\/barca-feminina-de-81-a-romaniei-a-castigat-titlul-2552984.html\">Rom\u00e2nia a cucerit a doua medalie de aur<\/a>\u00a0la Campionatul Mondial de canotaj de la Amsterdam (Olanda), \u00een proba feminin\u0103 de 8+1. Fetele noastre au fost cronometrate \u00een 5:51,88, ceea ce reprezint\u0103 \u0219i un record mondial.<\/p>\n<p>Spre deosebire de zilele trecute, c\u00e2nd condi\u021biile meteo (v\u00e2ntul \u00een rafale, mai ales) au afectat competi\u021bia, ast\u0103zi a fost vreme bun\u0103 pe canalul Bosbaan din P\u0103durea Amsterdam.<\/p>\n<p><a href=\"https:\/\/adevarul.ro\/sport\/barca-feminina-de-patru-rame-a-fost-pe-4-2552904.html\">Barca noastr\u0103 a avut un start \u00een for\u021b\u0103<\/a>\u00a0\u00een proba feminin\u0103 de 8+1, iar la jum\u0103tatea cursei a fost prima, fiind cronometrat\u0103 \u00een 2:55,38.\u00a0<\/p>\n<p><\/main><\/p>\n<footer class=\"svelte-x63bga\">\n<div class=\"meta svelte-x63bga\">\n<div class=\"authors svelte-x63bga\"><span class=\"names svelte-x63bga\"><a href=\"https:\/\/adevarul.ro\/author\/2086\" rel=\"author\" class=\"svelte-x63bga\">Oana Ababei<\/a><\/span><\/p>\n<div class=\"_hydratable\" data-props=\"%7B%22showLive%22%3Atrue%7D\" data-context=\"%7B%22parentBlockColumnCount%22%3A%7B%22value%22%3A0%2C%22type%22%3A%22store%2Freadable%22%7D%2C%22parentBlockBackgroundColor%22%3A%7B%22type%22%3A%22store%2Freadable%22%7D%7D\" data-component=\"ShareButton\">\n<div class=\"shareButtons svelte-itwbrr\">\n<div class=\"liveSessions metaFont svelte-1maxmbf\"><span class=\"value svelte-1maxmbf\">1<\/span> live <\/div>\n<\/div>\n<\/div>\n<\/div>\n<div class=\"tags svelte-1l3vwp1\"><span class=\"tags-label metaFont svelte-1l3vwp1\">Cite\u0219te mai multe despre<\/span><\/p>\n<div class=\"tags-list svelte-1l3vwp1\"><a href=\"https:\/\/adevarul.ro\/tag\/ilie%20bolojan\" title=\"Ultimele \u0219tiri despre ilie bolojan\" class=\"tag-pill svelte-1l3vwp1\">ilie bolojan<\/a><a href=\"https:\/\/adevarul.ro\/tag\/canotaj\" title=\"Ultimele \u0219tiri despre canotaj\" class=\"tag-pill svelte-1l3vwp1\">canotaj<\/a><a href=\"https:\/\/adevarul.ro\/tag\/amsterdam\" title=\"Ultimele \u0219tiri despre amsterdam\" class=\"tag-pill svelte-1l3vwp1\">amsterdam<\/a><a href=\"https:\/\/adevarul.ro\/tag\/campionatele%20mondiale%20de%20canotaj\" title=\"Ultimele \u0219tiri despre campionatele mondiale de canotaj\" class=\"tag-pill svelte-1l3vwp1\">campionatele mondiale de canotaj<\/a><\/div>\n<\/div>\n<\/div>\n<p><a class=\"moreFromCategory svelte-x63bga\" href=\"https:\/\/adevarul.ro\/sport\" title=\"Sport\">Mai multe din <strong class=\"svelte-x63bga\">Sport<\/strong> \u203a<\/a><\/footer>\n<\/article>\n<p>[analyse_source url=&#8221;https:\/\/adevarul.ro\/sport\/ilie-bolojan-mesaj-dupa-performanta-istorica-a-2553027.html&#8221;]<\/p>\n","protected":false},"excerpt":{"rendered":"<p>[analyse_image type=&#8221;featured&#8221; src=&#8221;https:\/\/cdn.adh.reperio.news\/image-7\/7c0a4975-e50c-4c12-8553-d73ce5524150\/index.jpeg?p=f%3Djpeg%26w%3D1200%26h%3D630%26r%3Dcover&#8221;] Home Sport Ilie Bolojan, mesaj dup\u0103 performan\u021ba istoric\u0103 a canotoarelor la Mondialele de la Amsterdam: \u201eA\u021bi dus Rom\u00e2nia pe primul loc \u00een lume\u201d Premierul interimar Ilie Bolojan le-a felicitat pe sportivele rom\u00e2nce pentru rezultatele ob\u021binute la Campionatele Mondiale de canotaj de la Amsterdam. \u0218eful Guvernului a eviden\u021biat performan\u021ba echipajului feminin de 8+1, [&hellip;]<\/p>\n","protected":false},"author":1,"featured_media":0,"comment_status":"open","ping_status":"","sticky":false,"template":"","format":"standard","meta":{"footnotes":""},"categories":[89],"tags":[19,226],"class_list":["post-2119953","post","type-post","status-publish","format-standard","hentry","category-romania","tag-adevarul","tag-crawlmanager"],"_links":{"self":[{"href":"https:\/\/analyse.optim.biz\/index.php?rest_route=\/wp\/v2\/posts\/2119953","targetHints":{"allow":["GET"]}}],"collection":[{"href":"https:\/\/analyse.optim.biz\/index.php?rest_route=\/wp\/v2\/posts"}],"about":[{"href":"https:\/\/analyse.optim.biz\/index.php?rest_route=\/wp\/v2\/types\/post"}],"author":[{"embeddable":true,"href":"https:\/\/analyse.optim.biz\/index.php?rest_route=\/wp\/v2\/users\/1"}],"replies":[{"embeddable":true,"href":"https:\/\/analyse.optim.biz\/index.php?rest_route=%2Fwp%2Fv2%2Fcomments&post=2119953"}],"version-history":[{"count":0,"href":"https:\/\/analyse.optim.biz\/index.php?rest_route=\/wp\/v2\/posts\/2119953\/revisions"}],"wp:attachment":[{"href":"https:\/\/analyse.optim.biz\/index.php?rest_route=%2Fwp%2Fv2%2Fmedia&parent=2119953"}],"wp:term":[{"taxonomy":"category","embeddable":true,"href":"https:\/\/analyse.optim.biz\/index.php?rest_route=%2Fwp%2Fv2%2Fcategories&post=2119953"},{"taxonomy":"post_tag","embeddable":true,"href":"https:\/\/analyse.optim.biz\/index.php?rest_route=%2Fwp%2Fv2%2Ftags&post=2119953"}],"curies":[{"name":"wp","href":"https:\/\/api.w.org\/{rel}","templated":true}]}}