{"id":2119947,"date":"2026-08-30T17:31:06","date_gmt":"2026-08-30T14:31:06","guid":{"rendered":"https:\/\/analyse.optim.biz\/?p=2119947"},"modified":"2026-08-30T17:31:06","modified_gmt":"2026-08-30T14:31:06","slug":"scandal-urias-la-fcsb-tanase-si-cretu-dati-afara-din-lot","status":"publish","type":"post","link":"https:\/\/analyse.optim.biz\/?p=2119947","title":{"rendered":"Scandal uria\u0219 la FCSB! T\u0103nase \u0219i Cre\u021bu, da\u021bi afar\u0103 din lot"},"content":{"rendered":"<p>[analyse_image type=&#8221;featured&#8221; src=&#8221;https:\/\/cdn.adh.reperio.news\/image-6\/680c062d-a832-401d-913b-be1c5a79445f\/index.jpeg?p=f%3Djpeg%26w%3D1200%26h%3D630%26r%3Dcover&#8221;]<\/p>\n<article class=\"svelte-x63bga\">\n<nav>\n<ul class=\"breadcrump svelte-1pk9a69\">\n<li class=\"svelte-1pk9a69\"><a href=\"https:\/\/adevarul.ro\/\" title=\"Adev\u0103rul\" class=\"svelte-1pk9a69\">Home<\/a><\/li>\n<li class=\"svelte-1pk9a69\"><a href=\"https:\/\/adevarul.ro\/sport\" class=\"svelte-1pk9a69\">Sport<\/a><\/li>\n<li class=\"svelte-1pk9a69\"><a href=\"https:\/\/adevarul.ro\/sport\/scandal-urias-la-fcsb-tanase-si-cretu-dati-afara-2553008.html\" class=\"svelte-1pk9a69\">Scandal uria\u0219 la FCSB! T\u0103nase \u0219i Cre\u021bu, da\u021bi afar\u0103 din lot<\/a><\/li>\n<\/ul>\n<\/nav>\n<p><main class=\"svelte-x63bga\"><\/p>\n<p>FCSB fierbe<br \/>\n\u00eenaintea meciului cu UTA Arad! Doi dintre cei mai experimenta\u021bi juc\u0103tori ai<br \/>\nechipei, Florin T\u0103nase (31 de ani) \u0219i Valentin Cre\u021bu (37 de ani), au fost<br \/>\nexclu\u0219i din lot pentru partida din aceast\u0103 sear\u0103, iar Gigi Becali a anun\u021bat c\u0103<br \/>\nambii sunt pe picior de plecare.<\/p>\n<div class=\"container-image  svelte-1xbw4f3\"><source type=\"image\/webp\" srcset=\"https:\/\/cdn.adh.reperio.news\/image-6\/680c062d-a832-401d-913b-be1c5a79445f\/index.jpeg?p=a%3D1%26co%3D1.05%26w%3D1400%26h%3D750%26r%3Dcontain%26f%3Dwebp 1400w\" media=\"(min-width: 1400px)\" \/><\/p>\n<div class=\"caption svelte-1xbw4f3\"><span class=\"captionText svelte-1xbw4f3\">Cre\u021bu \u0219i T\u0103nase se despart de FCSB dup\u0103 un scandal <span class=\"source svelte-1xbw4f3\">Foto: Sportpictures<\/span><\/span><\/div>\n<\/div>\n<p>\u00cen cazul lui<br \/>\nCre\u021bu, ruptura este legat\u0103 direct de incidentele de la preg\u0103tire, \u00een timp ce<br \/>\nT\u0103nase urmeaz\u0103 s\u0103 plece \u00een Cipru. \u201eT\u0103nase pleac\u0103 \u00een Cipru, are \u00een contract,<br \/>\npleac\u0103 oric\u00e2nd vrea. \u015ei-a g\u0103sit, am conven\u0163ie cu el, pleac\u0103. De vreo 4-5<br \/>\nzile&#8230; mi-a zis c\u0103 pleac\u0103 \u00een Cipru. Bine, du-te \u00een Cipru. Nu \u015ftiu altceva ce a<br \/>\nmai f\u0103cut\u201d, a spus Gigi Becali la Prima Sport. <\/p>\n<p>Despre<br \/>\nCre\u021bu, patronul FCSB a fost categoric \u00eentr-o declara\u021bie acordat\u0103 Digi Sport: \u201eCre\u021bu<br \/>\nse antreneaz\u0103 separat. A zis c\u0103-\u0219i g\u0103se\u0219te echip\u0103! La mine, nu mai are ce<br \/>\nc\u0103uta. S-a certat cu Garita. Probleme de indisciplin\u0103\u201d, a spus Becali. <\/p>\n<p>Apoi, a<br \/>\ndetaliat: \u201e<i>Cre\u0163u&#8230; obr\u0103znicie, indisciplin\u0103. E subiect \u00eenchis<br \/>\npentru c\u0103 nu permit. S-a certat \u015fi cu galeria, a venit \u015fi galeria, c\u0103 fac \u015fi pe<br \/>\nplac galeriei. C\u0103 a \u00eenjurat el, c\u0103 l-a \u00eenjurat pe Musta\u0163\u0103. P\u0103i Musta\u0163\u0103<br \/>\nst\u0103p\u00e2ne\u015fte galeria toat\u0103, \u0103la e om care a ref\u0103cut galeria dup\u0103 ce a venit din<br \/>\npu\u015fc\u0103rie. Orice ap\u0103r,<br \/>\ndar indisciplina&#8230; poate s\u0103 fie el \u015fi Maradona. N-are ce c\u0103uta la mine.<br \/>\nIndisciplin\u0103 \u00eenseamn\u0103 lips\u0103 de respect fa\u0163\u0103 de mine. Nu m\u0103 respec\u0163i? Eu care<br \/>\n\u00ee\u0163i dau banii? Pleac\u0103. Indisciplin\u0103 \u00eenseamn\u0103 c\u0103 \u00eemi distrugi mie ma\u015fin\u0103ria mea,<br \/>\nclubul meu.\u00a0Asta<br \/>\n\u00eenseamn\u0103 indisciplin\u0103. Indisciplin\u0103 \u00eenseamn\u0103 r\u0103utate, g\u0103l\u0103gie. G\u0103l\u0103gia \u015fi<br \/>\nr\u0103utatea \u00eenseamn\u0103 distrugerea unei societ\u0103\u0163i. P\u0103i, nu m\u0103 distrugi, c\u0103 te dau eu<br \/>\nafar\u0103!<\/i>\u201d, a scris\u00a0<a href=\"https:\/\/orangesport.ro\/exclusiv-tanase-si-cretu-out-de-la-fcsb-gigi-becali-a-tunat-ma-distrugi-tu-pe-mine-te-dau-afara-22675702\" rel=\"nofollow\">orangesport.ro<\/a>.<\/p>\n<p>Patronul a<br \/>\npovestit apoi c\u0103 momentul care a pus capac ar fi fost conflictul dintre Cre\u021bu<br \/>\n\u0219i noul atacant Arnold Garita. Potrivit versiunii prezentate de Becali,<br \/>\nfunda\u0219ul s-ar fi luat de colegul s\u0103u \u0219i i-ar fi spus s\u0103 plece \u00een China. Becali<br \/>\na ironizat diferen\u021ba fizic\u0103 dintre cei doi \u0219i a sus\u021binut c\u0103 Garita l-ar fi<br \/>\nputut pune rapid la punct.\u00a0<\/p>\n<p>\u201eS-a dat la Garita. S-a uitat \u0103la la el ca elefantul la purice. A zis: &lt;&lt;B\u0103i purice, dac\u0103 \u00ee\u021bi dau o lab\u0103\u2026&gt;&gt;\u201d, a spus omul de afaceri la Fanatik.\u00a0<\/p>\n<p>Scandalul nu<br \/>\ns-a oprit aici. Cre\u021bu l-ar fi sunat apoi pe Becali pentru a-i reclama faptul c\u0103<br \/>\nMihai Stoica are ceva \u00eempotriva sa. R\u0103spunsul patronului a fost f\u0103r\u0103 echivoc: \u201eCine<br \/>\nascult\u0103 de MM st\u0103 la echip\u0103. N-ascult\u0103 de MM, nu st\u0103! Cine nu ascult\u0103 de el, la<br \/>\nrevedere!\u201d, a spus Gigi Becali, citat de GSP.\u00a0<\/p>\n<p>Potrivit<br \/>\nGSP, totul \u00eencepuse la antrenamentul de joi. Florin T\u0103nase a plecat de la<br \/>\n\u0219edin\u021ba de preg\u0103tire, deranjat de remarci ale secundului Lucian Filip. Cre\u021bu ar<br \/>\nfi intervenit \u00een ap\u0103rarea c\u0103pitanului, apoi s-a contrat cu Garita. Mihai Stoica<br \/>\na intervenit, iar discu\u021bia dintre el \u0219i Cre\u021bu a degenerat. Martorii cita\u021bi de<br \/>\nGazet\u0103 sus\u021bin c\u0103 MM i-ar fi strigat funda\u0219ului: \u201eCre\u021bule, pleac\u0103, c\u0103 te bat!\u201d.<\/p>\n<h2>So\u021bia lui<br \/>\nCre\u021bu \u00eel acuz\u0103 pe MM Stoica<\/h2>\n<p>M\u0103d\u0103lina<br \/>\nCre\u021bu, so\u021bia funda\u0219ului, a lansat acuza\u021bii grave dup\u0103 ruptura de FCSB \u0219i<br \/>\nsus\u021bine c\u0103 motivele desp\u0103r\u021birii nu au leg\u0103tur\u0103 cu performan\u021ba sportiv\u0103.<\/p>\n<p>\u201eCele<br \/>\n\u00eent\u00e2mplate la FCSB nu au leg\u0103tur\u0103 cu sportul \u0219i cu performan\u021ba! S-au \u00eencercat<br \/>\ntot felul de metode ca Vali s\u0103 fie \u00eendep\u0103rtat\u201d, a transmis ea pe Instagram. Cea<br \/>\nmai dur\u0103 acuza\u021bie \u00eel vizeaz\u0103 pe Mihai Stoica: \u201eC\u00e2nd e\u0219ti amenin\u021bat cu b\u0103taia de<br \/>\nmanagerul echipei, nu \u00ee\u021bi mai dore\u0219ti dec\u00e2t s\u0103 renun\u021bi la tot ceea ce a<br \/>\n\u00eensemnat FCSB\u201d.<\/p>\n<p><\/main><\/p>\n<footer class=\"svelte-x63bga\">\n<div class=\"related-wrap related-footer svelte-78g0vl\"><span class=\"related-label svelte-78g0vl\">Cite\u0219te \u0219i<\/span><a class=\"related svelte-78g0vl\" data-gtrack=\"{&quot;event&quot;:&quot;utm_click&quot;,&quot;data&quot;:{&quot;event_category&quot;:&quot;article_related&quot;}}\" href=\"https:\/\/adevarul.ro\/sport\/mihai-stoica-jalnic-gigi-becali-a-povestit-cum-1913367.html\" title=\"Alt articol de interes pentru tine\"><img decoding=\"async\" class=\"thumb svelte-78g0vl\" src=\"https:\/\/cdn.adh.reperio.news\/image-1\/119116d8-4499-4371-a986-4bb0eea22029\/index.jpeg?p=f%3Dwebp%26w%3D120%26h%3D80%26r%3Dcover%26a%3D0\" alt loading=\"lazy\" width=\"80\" height=\"54\"><span class=\"title svelte-78g0vl\">Mihai Stoica, jalnic: Gigi Becali a povestit cum vorbea Meme despre Nicolae Dic\u0103! \u015etim \u015fi cine poate veni antrenor la FCSB<\/span><\/a><a class=\"related svelte-78g0vl\" data-gtrack=\"{&quot;event&quot;:&quot;utm_click&quot;,&quot;data&quot;:{&quot;event_category&quot;:&quot;article_related&quot;}}\" href=\"https:\/\/adevarul.ro\/sport\/cum-a-ajuns-arnold-garita-la-fcsb-am-trimis-un-2550480.html\" title=\"Alt articol de interes pentru tine\"><img decoding=\"async\" class=\"thumb svelte-78g0vl\" src=\"https:\/\/cdn.adh.reperio.news\/image-d\/d4ae2bd3-34cc-475b-a64d-5cbff45f81f3\/index.png?p=f%3Dwebp%26w%3D120%26h%3D80%26r%3Dcover%26a%3D0\" alt loading=\"lazy\" width=\"80\" height=\"54\"><span class=\"title svelte-78g0vl\">Cum a ajuns Arnold Garita la FCSB: \u201eAm trimis un mesaj\u201d. Ce salariu prime\u0219te \u0219i mesajul pentru B\u00eerligea<\/span><\/a><a class=\"related svelte-78g0vl\" data-gtrack=\"{&quot;event&quot;:&quot;utm_click&quot;,&quot;data&quot;:{&quot;event_category&quot;:&quot;article_related&quot;}}\" href=\"https:\/\/adevarul.ro\/sport\/becali-s-a-dus-cu-sacul-de-bani-pe-muntele-athos-2551503.html\" title=\"Alt articol de interes pentru tine\"><img decoding=\"async\" class=\"thumb svelte-78g0vl\" src=\"https:\/\/cdn.adh.reperio.news\/image-9\/98ae9bf5-4fca-4177-b73c-9a09ff557aa5\/index.png?p=f%3Dwebp%26w%3D120%26h%3D80%26r%3Dcover%26a%3D0\" alt loading=\"lazy\" width=\"80\" height=\"54\"><span class=\"title svelte-78g0vl\">Becali s-a dus cu sacul de bani pe Muntele Athos! A achitat 3 milioane de dolari, cash, ca s\u0103-i scape pe c\u0103lug\u0103rii rom\u00e2ni \u201esubjuga\u021bi de greci\u201d<\/span><\/a><\/div>\n<div class=\"meta svelte-x63bga\">\n<div class=\"authors svelte-x63bga\"><span class=\"names svelte-x63bga\"><a href=\"https:\/\/adevarul.ro\/author\/1\" rel=\"author\" class=\"svelte-x63bga\">Andrei Constantinescu<\/a><\/span><\/p>\n<div class=\"_hydratable\" data-props=\"%7B%22showLive%22%3Atrue%7D\" data-context=\"%7B%22parentBlockColumnCount%22%3A%7B%22value%22%3A0%2C%22type%22%3A%22store%2Freadable%22%7D%2C%22parentBlockBackgroundColor%22%3A%7B%22type%22%3A%22store%2Freadable%22%7D%7D\" data-component=\"ShareButton\">\n<div class=\"shareButtons svelte-itwbrr\">\n<div class=\"liveSessions metaFont svelte-1maxmbf\"><span class=\"value svelte-1maxmbf\">1<\/span> live <\/div>\n<\/div>\n<\/div>\n<\/div>\n<div class=\"tags svelte-1l3vwp1\"><span class=\"tags-label metaFont svelte-1l3vwp1\">Cite\u0219te mai multe despre<\/span><\/p>\n<div class=\"tags-list svelte-1l3vwp1\"><a href=\"https:\/\/adevarul.ro\/tag\/fcsb\" title=\"Ultimele \u0219tiri despre fcsb\" class=\"tag-pill svelte-1l3vwp1\">fcsb<\/a><a href=\"https:\/\/adevarul.ro\/tag\/florin%20t%C4%83nase\" title=\"Ultimele \u0219tiri despre florin t\u0103nase\" class=\"tag-pill svelte-1l3vwp1\">florin t\u0103nase<\/a><a href=\"https:\/\/adevarul.ro\/tag\/valentin%20cre%C8%9Bu\" title=\"Ultimele \u0219tiri despre valentin cre\u021bu\" class=\"tag-pill svelte-1l3vwp1\">valentin cre\u021bu<\/a><\/div>\n<\/div>\n<\/div>\n<p><a class=\"moreFromCategory svelte-x63bga\" href=\"https:\/\/adevarul.ro\/sport\" title=\"Sport\">Mai multe din <strong class=\"svelte-x63bga\">Sport<\/strong> \u203a<\/a><\/footer>\n<\/article>\n<p>[analyse_source url=&#8221;https:\/\/adevarul.ro\/sport\/scandal-urias-la-fcsb-tanase-si-cretu-dati-afara-2553008.html&#8221;]<\/p>\n","protected":false},"excerpt":{"rendered":"<p>[analyse_image type=&#8221;featured&#8221; src=&#8221;https:\/\/cdn.adh.reperio.news\/image-6\/680c062d-a832-401d-913b-be1c5a79445f\/index.jpeg?p=f%3Djpeg%26w%3D1200%26h%3D630%26r%3Dcover&#8221;] Home Sport Scandal uria\u0219 la FCSB! T\u0103nase \u0219i Cre\u021bu, da\u021bi afar\u0103 din lot FCSB fierbe \u00eenaintea meciului cu UTA Arad! Doi dintre cei mai experimenta\u021bi juc\u0103tori ai echipei, Florin T\u0103nase (31 de ani) \u0219i Valentin Cre\u021bu (37 de ani), au fost exclu\u0219i din lot pentru partida din aceast\u0103 sear\u0103, iar Gigi Becali [&hellip;]<\/p>\n","protected":false},"author":1,"featured_media":0,"comment_status":"open","ping_status":"","sticky":false,"template":"","format":"standard","meta":{"footnotes":""},"categories":[89],"tags":[],"class_list":["post-2119947","post","type-post","status-publish","format-standard","hentry","category-romania"],"_links":{"self":[{"href":"https:\/\/analyse.optim.biz\/index.php?rest_route=\/wp\/v2\/posts\/2119947","targetHints":{"allow":["GET"]}}],"collection":[{"href":"https:\/\/analyse.optim.biz\/index.php?rest_route=\/wp\/v2\/posts"}],"about":[{"href":"https:\/\/analyse.optim.biz\/index.php?rest_route=\/wp\/v2\/types\/post"}],"author":[{"embeddable":true,"href":"https:\/\/analyse.optim.biz\/index.php?rest_route=\/wp\/v2\/users\/1"}],"replies":[{"embeddable":true,"href":"https:\/\/analyse.optim.biz\/index.php?rest_route=%2Fwp%2Fv2%2Fcomments&post=2119947"}],"version-history":[{"count":0,"href":"https:\/\/analyse.optim.biz\/index.php?rest_route=\/wp\/v2\/posts\/2119947\/revisions"}],"wp:attachment":[{"href":"https:\/\/analyse.optim.biz\/index.php?rest_route=%2Fwp%2Fv2%2Fmedia&parent=2119947"}],"wp:term":[{"taxonomy":"category","embeddable":true,"href":"https:\/\/analyse.optim.biz\/index.php?rest_route=%2Fwp%2Fv2%2Fcategories&post=2119947"},{"taxonomy":"post_tag","embeddable":true,"href":"https:\/\/analyse.optim.biz\/index.php?rest_route=%2Fwp%2Fv2%2Ftags&post=2119947"}],"curies":[{"name":"wp","href":"https:\/\/api.w.org\/{rel}","templated":true}]}}