{"id":2119943,"date":"2026-08-31T04:00:15","date_gmt":"2026-08-31T01:00:15","guid":{"rendered":"https:\/\/analyse.optim.biz\/?p=2119943"},"modified":"2026-08-31T04:00:15","modified_gmt":"2026-08-31T01:00:15","slug":"piramida-disparuta-a-ultimului-rege-al-poloniei-a-fost-descoperita-sub-un-parc-din-varsovia-ce-rol-a","status":"publish","type":"post","link":"https:\/\/analyse.optim.biz\/?p=2119943","title":{"rendered":"\u201ePiramida\u201d disp\u0103rut\u0103 a ultimului rege al Poloniei a fost descoperit\u0103 sub un parc din Var\u0219ovia. Ce rol a&#8230;"},"content":{"rendered":"<p>[analyse_image type=&#8221;featured&#8221; src=&#8221;https:\/\/s.iw.ro\/gateway\/g\/ZmlsZVNvdXJjZT1odHRwJTNBJTJGJTJG\/c3RvcmFnZTA4dHJhbnNjb2Rlci5yY3Mt\/cmRzLnJvJTJGc3RvcmFnZSUyRjIwMjYl\/MkYwOCUyRjI4JTJGMjkyOTM1OF8yOTI5\/MzU4X3BhbGF0LmpwZyZ3PTEyMDAmaD02\/MzAmemM9MSZoYXNoPTZkMWRhOTRmMWI2YTg4MGQ0MzA0MzY0ZTFhZGIyN2Yw.thumb.jpg&#8221;]<\/p>\n<div class=\"entry data-app-meta data-app-meta-article\" data-embed-base-url-canonical=\"https:\/\/www.digi24.ro\/embed\/stiri\/externe\/piramida-disparuta-a-ultimului-rege-al-poloniei-a-fost-descoperita-sub-un-parc-din-varsovia-ce-rol-a-avut-structura-bizara-3926261\">\n<p lang=\"ro-RO\" data-index=\"1\"><strong>Arheologii care fac s\u0103p\u0103turi \u00eentr-unul dintre cele mai cunoscute parcuri din Var\u0219ovia au descoperit r\u0103m\u0103\u0219i\u021bele unei \u201epiramide\u201d neobi\u0219nuite din secolul al XVIII-lea, construit\u0103 pentru ultimul rege al Poloniei \u0219i disp\u0103rut\u0103 timp de mai bine de 200 de ani, relateaz\u0103 <a href=\"https:\/\/tvpworld.com\/95084839\/poland-archaeologists-find-king-stanislaw-augusts-pyramid-in-warsaw\" target=\"_blank\" rel=\"noopener\" data-skip-linkfix=\"1\">TVP World<\/a>.<\/strong><\/p>\n<p lang=\"ro-RO\" data-index=\"2\">Funda\u021biile au fost scoase la iveal\u0103 \u00een timpul excav\u0103rilor \u00eencepute la \u00eenceputul lunii august \u00een Parcul Regal Lazienki, fosta re\u0219edin\u021b\u0103 de var\u0103 a regelui Stanis\u0142aw August Poniatowski \u0219i, ast\u0103zi, una dintre cele mai populare atrac\u021bii ale capitalei poloneze.<\/p>\n<p lang=\"ro-RO\" data-index=\"3\">\u00cen ciuda aspectului s\u0103u exotic, structura nu a fost un morm\u00e2nt regal. Cunoscut\u0103 sub numele de \u201eGhereta Piramidal\u0103\u201d, aceasta a fost construit\u0103 \u00een anii 1770 pentru gardienii care controlau principala cale de acces c\u0103tre palatul regelui din parc.<\/p>\n<p data-index=\"4\">Arheologii de la Universitatea din Var\u0219ovia excaveaz\u0103 \u00een prezent funda\u021biile acesteia. S\u0103p\u0103turile sunt coordonate de Arkadiusz Cegli\u0144ski, un doctorand al Facult\u0103\u021bii de Arheologie din cadrul universit\u0103\u021bii, care a petrecut ani de zile \u00eencerc\u00e2nd s\u0103 localizeze cu precizie locul unde s-a aflat cl\u0103direa uitat\u0103.<\/p>\n<p lang=\"ro-RO\" data-index=\"5\">El a identificat posibila loca\u021bie compar\u00e2nd \u00eenregistr\u0103ri de arhiv\u0103, h\u0103r\u021bi istorice \u0219i gravuri cu coordonate geografice moderne. Cercet\u0103rile neinvazive efectuate ulterior \u00een parc au indicat c\u0103 r\u0103m\u0103\u0219i\u021bele unei structuri din secolul al XVIII-lea se aflau \u00eenc\u0103 \u00eengropate acolo.<\/p>\n<p lang=\"ro-RO\" data-index=\"6\">Se crede c\u0103 Ghereta Piramidal\u0103 a fost construit\u0103 \u00eentre anii 1772 \u0219i 1776. Inventarele istorice descriu o cl\u0103dire din c\u0103r\u0103mid\u0103, cu o intrare pe latura de nord \u0219i ferestre orientate spre est \u0219i vest.<\/p>\n<p lang=\"ro-RO\" data-index=\"7\">\u201e\u00cen interior se aflau o sob\u0103 \u0219i b\u0103nci din lemn, pere\u021bii erau tencui\u021bi \u00een alb, iar podeaua era din c\u0103r\u0103mid\u0103\u201d, a declarat Anita Kacprzyk de la Muzeul Regal Lazienki pentru postul privat de televiziune TVN.<\/p>\n<p lang=\"ro-RO\" data-index=\"8\">De asemenea, avea o buc\u0103t\u0103rie separat\u0103 \u0219i, la un moment dat, a trecut printr-o schimbare neobi\u0219nuit\u0103 de rol.<\/p>\n<p lang=\"ro-RO\" data-index=\"9\">\u201e\u0218tim, de asemenea, c\u0103 la un moment dat func\u021bia cl\u0103dirii s-a schimbat din gheret\u0103 de paz\u0103 \u00een tavern\u0103\u201d, a ad\u0103ugat ea.<\/p>\n<p lang=\"ro-RO\" data-index=\"10\">Reprezent\u0103rile istorice arat\u0103 ghereta ca pe o structur\u0103 conic\u0103, acoperit\u0103 cu p\u0103m\u00e2nt, conceput\u0103 s\u0103 semene cu un morm\u00e2nt antic.<\/p>\n<p lang=\"ro-RO\" data-index=\"11\">Poniatowski \u00eensu\u0219i a numit-o \u201epiramidal\u0103\u201d \u00een coresponden\u021ba sa cu Marcello Bacciarelli, pictorul de origine italian\u0103 care a slujit la curtea regal\u0103 polonez\u0103.<\/p>\n<p lang=\"ro-RO\" data-index=\"12\">Aspectul neobi\u0219nuit al cl\u0103dirii f\u0103cea parte dintr-o fascina\u021bie mult mai larg\u0103 a Europei secolului al XVIII-lea pentru lumea antic\u0103. Redescoperirea \u0219i excavarea ora\u0219elor romane, inclusiv Pompeii \u0219i Herculaneum, au declan\u0219at o explozie de interes pentru arta \u0219i arhitectura clasic\u0103 \u00een r\u00e2ndul aristocra\u021biei europene. Curtea regal\u0103 a Poloniei nu a f\u0103cut excep\u021bie.<\/p>\n<p lang=\"ro-RO\" data-index=\"13\">\u201eFascina\u021bia pentru cultura \u0219i arta antic\u0103 a dus la utilizarea pe scar\u0103 larg\u0103 a motivelor clasice \u00een arhitectur\u0103 \u0219i decora\u021biuni interioare, precum \u0219i la construirea de \u00abruine artificiale\u00bb \u00een gr\u0103dini, concepute s\u0103 semene cu temple \u0219i morminte grece\u0219ti\u201d, a declarat Kacprzyk pentru TVN.<\/p>\n<p lang=\"ro-RO\" data-index=\"14\">\u201eGhereta \u00abPiramidal\u0103\u00bb a fost o astfel de ruin\u0103 artificial\u0103\u201d, a ad\u0103ugat ea.<\/p>\n<p data-index=\"15\">Ghereta a disp\u0103rut \u00een jurul \u00eenceputului secolului al XIX-lea, posibil dup\u0103 ce au fost construite alte cl\u0103diri pentru a \u00eendeplini aceea\u0219i func\u021bie.<\/p>\n<p lang=\"ro-RO\" data-index=\"16\">Este posibil, totu\u0219i, s\u0103 fi existat un alt plan pentru acel loc. Cegli\u0144ski a vorbit pentru TVN despre o scrisoare din 1784 \u00een care Poniatowski \u00eei spunea lui Bacciarelli c\u0103 ia \u00een considerare construirea unei capele cu mausolee \u0219i men\u021biona loca\u021bia Gheretei Piramidale ca fiind un posibil amplasament.<\/p>\n<p lang=\"ro-RO\" data-index=\"17\">Proiectul a continuat s\u0103 apar\u0103 \u00een coresponden\u021ba lor timp de ani de zile, Bacciarelli preg\u0103tind chiar un design \u0219i o estimare de costuri pentru rege. Totu\u0219i, nu a mai fost construit niciodat\u0103.<\/p>\n<p lang=\"ro-RO\" data-index=\"18\">Reprezentan\u021bii Muzeului Regal Lazienki au anun\u021bat c\u0103 vizitatorii vor putea vedea de aproape \u0219antierul arheologic \u00een cadrul unei zile a por\u021bilor deschise la \u00eenceputul lunii septembrie.<\/p>\n<p> Editor : <a href=\"https:\/\/www.digi24.ro\/autor\/monica-bonea\"> M.B. <\/a><\/p>\n<\/div>\n<p>[analyse_source url=&#8221;https:\/\/www.digi24.ro\/stiri\/externe\/piramida-disparuta-a-ultimului-rege-al-poloniei-a-fost-descoperita-sub-un-parc-din-varsovia-ce-rol-a-avut-structura-bizara-3926261&#8243;]<\/p>\n","protected":false},"excerpt":{"rendered":"<p>[analyse_image type=&#8221;featured&#8221; src=&#8221;https:\/\/s.iw.ro\/gateway\/g\/ZmlsZVNvdXJjZT1odHRwJTNBJTJGJTJG\/c3RvcmFnZTA4dHJhbnNjb2Rlci5yY3Mt\/cmRzLnJvJTJGc3RvcmFnZSUyRjIwMjYl\/MkYwOCUyRjI4JTJGMjkyOTM1OF8yOTI5\/MzU4X3BhbGF0LmpwZyZ3PTEyMDAmaD02\/MzAmemM9MSZoYXNoPTZkMWRhOTRmMWI2YTg4MGQ0MzA0MzY0ZTFhZGIyN2Yw.thumb.jpg&#8221;] Arheologii care fac s\u0103p\u0103turi \u00eentr-unul dintre cele mai cunoscute parcuri din Var\u0219ovia au descoperit r\u0103m\u0103\u0219i\u021bele unei \u201epiramide\u201d neobi\u0219nuite din secolul al XVIII-lea, construit\u0103 pentru ultimul rege al Poloniei \u0219i disp\u0103rut\u0103 timp de mai bine de 200 de ani, relateaz\u0103 TVP World. Funda\u021biile au fost scoase la iveal\u0103 \u00een timpul excav\u0103rilor \u00eencepute la [&hellip;]<\/p>\n","protected":false},"author":1,"featured_media":0,"comment_status":"open","ping_status":"","sticky":false,"template":"","format":"standard","meta":{"footnotes":""},"categories":[89],"tags":[226,11],"class_list":["post-2119943","post","type-post","status-publish","format-standard","hentry","category-romania","tag-crawlmanager","tag-digi24"],"_links":{"self":[{"href":"https:\/\/analyse.optim.biz\/index.php?rest_route=\/wp\/v2\/posts\/2119943","targetHints":{"allow":["GET"]}}],"collection":[{"href":"https:\/\/analyse.optim.biz\/index.php?rest_route=\/wp\/v2\/posts"}],"about":[{"href":"https:\/\/analyse.optim.biz\/index.php?rest_route=\/wp\/v2\/types\/post"}],"author":[{"embeddable":true,"href":"https:\/\/analyse.optim.biz\/index.php?rest_route=\/wp\/v2\/users\/1"}],"replies":[{"embeddable":true,"href":"https:\/\/analyse.optim.biz\/index.php?rest_route=%2Fwp%2Fv2%2Fcomments&post=2119943"}],"version-history":[{"count":0,"href":"https:\/\/analyse.optim.biz\/index.php?rest_route=\/wp\/v2\/posts\/2119943\/revisions"}],"wp:attachment":[{"href":"https:\/\/analyse.optim.biz\/index.php?rest_route=%2Fwp%2Fv2%2Fmedia&parent=2119943"}],"wp:term":[{"taxonomy":"category","embeddable":true,"href":"https:\/\/analyse.optim.biz\/index.php?rest_route=%2Fwp%2Fv2%2Fcategories&post=2119943"},{"taxonomy":"post_tag","embeddable":true,"href":"https:\/\/analyse.optim.biz\/index.php?rest_route=%2Fwp%2Fv2%2Ftags&post=2119943"}],"curies":[{"name":"wp","href":"https:\/\/api.w.org\/{rel}","templated":true}]}}