{"id":2119941,"date":"2026-08-31T04:00:14","date_gmt":"2026-08-31T01:00:14","guid":{"rendered":"https:\/\/analyse.optim.biz\/?p=2119941"},"modified":"2026-08-31T04:00:14","modified_gmt":"2026-08-31T01:00:14","slug":"punerea-in-racla-a-braului-maicii-domnului-2026-ce-semnificatie-are-sarbatoarea-din-31-august-si-cum-este","status":"publish","type":"post","link":"https:\/\/analyse.optim.biz\/?p=2119941","title":{"rendered":"Punerea \u00een racl\u0103 a Br\u00e2ului Maicii Domnului 2026: Ce semnifica\u021bie are s\u0103rb\u0103toarea din 31 august \u0219i cum este&#8230;"},"content":{"rendered":"<p>[analyse_image type=&#8221;featured&#8221; src=&#8221;https:\/\/s.iw.ro\/gateway\/g\/ZmlsZVNvdXJjZT1odHRwJTNBJTJGJTJG\/c3RvcmFnZTA4dHJhbnNjb2Rlci5yY3Mt\/cmRzLnJvJTJGc3RvcmFnZSUyRjIwMjYl\/MkYwOCUyRjI1JTJGMjkyNDk3N18yOTI0\/OTc3X1B1bmVyZWEtaW4tcmFjbGEtYS1C\/cmF1bHVpLU1haWNpaS1Eb21udWx1aS0y\/MDI2Xy1Gb3RvLUdldHR5LUltYWdlcy5q\/cGcmdz0xMjAwJmg9NjMwJnpjPTEmaGFz\/aD1iODhkYzBkYTEyYWYwOWZiYTY1ZTRiN2ZlMmM4N2Q3Ng==.thumb.jpg&#8221;]<\/p>\n<div class=\"entry data-app-meta data-app-meta-article\" data-embed-base-url-canonical=\"https:\/\/www.digi24.ro\/embed\/stiri\/actualitate\/evenimente\/punerea-in-racla-a-braului-maicii-domnului-2026-ce-semnificatie-are-sarbatoarea-din-31-august-si-cum-este-cinstita-3920815\">\n<p data-index=\"1\"><strong>La 31 august 2026, biserica ortodox\u0103 pr\u0103znuie\u0219te Punerea \u00een racl\u0103 a Br\u00e2ului Maicii Domnului, una dintre relicvele importante asociate Fecioarei Maria. Potrivit tradi\u021biei biserice\u0219ti, Cinstitul Br\u00e2u i-a fost \u00eencredin\u021bat Sf\u00e2ntului Apostol Toma dup\u0103 Adormire \u0219i a fost p\u0103strat de-a lungul veacurilor ca m\u0103rturie a evlaviei cre\u0219tine.<\/strong><\/p>\n<p data-index=\"2\">Ultima zi a anului bisericesc este dedicat\u0103 rug\u0103ciunii \u0219i cinstirii Maicii Domnului, fiind asociat\u0103 \u00een tradi\u021bia ortodox\u0103 cu ocrotirea, vindecarea \u0219i n\u0103dejdea.<\/p>\n<h2 id=\"highlight-3920815-1\">Ce este Br\u00e2ul Maicii Domnului<\/h2>\n<p data-index=\"3\">Cinstitul Br\u00e2u este considerat, potrivit tradi\u021biei ortodoxe, una dintre relicvele asociate Fecioarei Maria. Scrierile biserice\u0219ti arat\u0103 c\u0103 acesta ar fi fost lucrat chiar de Maica Domnului din fire de p\u0103r de c\u0103mil\u0103 \u0219i c\u0103, dup\u0103 Adormirea sa, a ajuns la Sf\u00e2ntul Apostol Toma.<\/p>\n<p data-index=\"4\">Relicva ar fi fost p\u0103strat\u0103 ini\u021bial la Ierusalim, iar ulterior a fost adus\u0103 la Constantinopol, \u00een timpul \u00eemp\u0103ratului Arcadie, \u00een jurul anului 395. Acolo, Br\u00e2ul a fost a\u0219ezat \u00eentr-o racl\u0103 \u0219i a devenit un odor cinstit cu profund\u0103 evlavie de credincio\u0219i.<\/p>\n<h2 id=\"highlight-3920815-2\">Ce semnifica\u021bie are s\u0103rb\u0103toarea Punerea \u00een racl\u0103 a Br\u00e2ului Maicii Domnului<\/h2>\n<p data-index=\"5\">\u00cen tradi\u021bia ortodox\u0103, Cinstitul Br\u00e2u este asociat cu ocrotirea \u0219i mijlocirea Maicii Domnului. Cinstirea relicvei este legat\u0103 de rug\u0103ciune \u0219i de n\u0103dejdea c\u0103 Fecioara Maria \u00eei sprijin\u0103 pe cei care trec prin suferin\u021be, \u00eencerc\u0103ri sau perioade dificile.<\/p>\n<p data-index=\"6\">De-a lungul timpului, scrierile biserice\u0219ti au p\u0103strat numeroase relat\u0103ri despre vindec\u0103ri \u0219i ajutor primit \u00een urma rug\u0103ciunilor rostite \u00eenaintea acestui odor. M\u0103rturiile fac parte din evlavia cre\u0219tin\u0103 \u0219i sunt \u00een\u021belese \u00een contextul credin\u021bei \u00een mijlocirea Maicii Domnului. Relicva nu este cinstit\u0103 doar pentru vechimea sa, ci mai ales datorit\u0103 semnifica\u021biei spirituale pe care o are \u0219i leg\u0103turii sale cu Fecioara Maria.<\/p>\n<h3>De ce este pr\u0103znuit\u0103 s\u0103rb\u0103toarea pe 31 august<\/h3>\n<p data-index=\"7\">Data de 31 august este legat\u0103 de rea\u0219ezarea Cinstitului Br\u00e2u \u00een racl\u0103, la Constantinopol, dup\u0103 un episod considerat miraculos \u00een tradi\u021bia bisericii. Potrivit relat\u0103rilor, \u00eemp\u0103r\u0103teasa Zoe, so\u021bia \u00eemp\u0103ratului Leon cel \u00cen\u021belept, suferea de o boal\u0103 pentru care nu g\u0103sise vindecare. \u00cen urma unei vedenii, odorul ar fi fost scos din racl\u0103 \u0219i a\u0219ezat asupra ei, iar aceasta s-ar fi \u00eens\u0103n\u0103to\u0219it.<\/p>\n<p data-index=\"8\">Dup\u0103 vindecare, Zoe ar fi brodat Br\u00e2ul cu fir de aur, iar relicva a fost pus\u0103 din nou \u00een racl\u0103. Evenimentul a r\u0103mas \u00een tradi\u021bia ortodox\u0103 drept momentul aflat la originea s\u0103rb\u0103torii din 31 august.<\/p>\n<h2 id=\"highlight-3920815-3\">Unde se afl\u0103 Br\u00e2ul Maicii Domnului<\/h2>\n<p data-index=\"9\">Cinstitul Br\u00e2u este p\u0103strat \u00een prezent la M\u0103n\u0103stirea Vatoped din Muntele Athos, \u00eentr-o racl\u0103 de argint, unde este cinstit de credincio\u0219i. A\u0219ez\u0103m\u00e2ntul \u00eel prezint\u0103 drept singura relicv\u0103 r\u0103mas\u0103 din via\u021ba p\u0103m\u00e2nteasc\u0103 a Maicii Domnului, potrivit tradi\u021biei sale biserice\u0219ti.<\/p>\n<p data-index=\"10\">Conform istoriei consemnate de m\u0103n\u0103stire, odorul a fost adus de la Constantinopol la Vatoped \u00een secolul al XIV-lea, \u00een timpul \u00eemp\u0103ratului Ioan al VI-lea Cantacuzino, r\u0103m\u00e2n\u00e2nd de atunci \u00een custodia a\u0219ez\u0103m\u00e2ntului monahal. Site-ul oficial precizeaz\u0103 c\u0103 relicva este \u00eemp\u0103r\u021bit\u0103 \u00een trei buc\u0103\u021bi, p\u0103strate \u00eempreun\u0103.<\/p>\n<p data-index=\"11\">De-a lungul timpului, Cinstitul Br\u00e2u a fost scos temporar din Muntele Athos \u0219i dus \u00een diferite locuri, pentru a fi cinstit de credincio\u0219i. \u00cen 2026, relicva a fost transportat\u0103 \u00een Serbia, dup\u0103 care a revenit la M\u0103n\u0103stirea Vatoped.<\/p>\n<h2 id=\"highlight-3920815-4\">Tradi\u021bii \u0219i obiceiuri de Punerea \u00een racl\u0103 a Br\u00e2ului Maicii Domnului<\/h2>\n<p data-index=\"12\">La 31 august, credincio\u0219ii ortodoc\u0219i cinstesc s\u0103rb\u0103toarea prin rug\u0103ciune, participarea la slujbele biserice\u0219ti \u0219i apropierea de via\u021ba duhovniceasc\u0103. \u00cen l\u0103ca\u0219urile unde se afl\u0103 icoane sau relicve asociate Maicii Domnului, acestea sunt venerate cu evlavie, iar oamenii se roag\u0103 pentru s\u0103n\u0103tate, pace sufleteasc\u0103 \u0219i sprijin \u00een \u00eencerc\u0103rile vie\u021bii.<\/p>\n<p data-index=\"13\">S\u0103rb\u0103toarea este \u0219i un prilej de reculegere \u0219i recuno\u0219tin\u021b\u0103, \u00een care aten\u021bia poate fi \u00eendreptat\u0103 c\u0103tre familie, persoanele aflate \u00een suferin\u021b\u0103 \u0219i nevoile celor din jur. Rug\u0103ciunea \u0219i participarea la Sf\u00e2nta Liturghie ocup\u0103 un loc important \u00een felul \u00een care este tr\u0103it\u0103 aceast\u0103 zi.<\/p>\n<h3>Ce credin\u021be populare sunt legate de 31 august<\/h3>\n<p data-index=\"14\">\u00cen jurul s\u0103rb\u0103torii s-au p\u0103strat, \u00een anumite zone, \u0219i obiceiuri \u0219i credin\u021be populare legate de protec\u021bia familiei, s\u0103n\u0103tate \u0219i bel\u0219ug. Unele dintre acestea au fost transmise din genera\u021bie \u00een genera\u021bie \u0219i difer\u0103 \u00een func\u021bie de regiune.<\/p>\n<p data-index=\"15\">\u00cen tradi\u021bia popular\u0103, Maica Domnului este asociat\u0103 cu ocrotirea casei \u0219i a familiei, motiv pentru care ziua este privit\u0103 de unii credincio\u0219i ca un moment potrivit pentru rug\u0103ciuni pentru cei dragi \u0219i pentru binele gospod\u0103riei. \u00cen anumite comunit\u0103\u021bi, oamenii p\u0103streaz\u0103 \u00een cas\u0103 obiecte binecuv\u00e2ntate sau plante considerate protectoare, c\u0103rora le atribuie o valoare simbolic\u0103.<\/p>\n<p data-index=\"16\">De asemenea, exist\u0103 obiceiul ca oamenii s\u0103 evite munca grea \u0219i activit\u0103\u021bile care nu sunt urgente, prefer\u00e2nd s\u0103 dedice ziua rug\u0103ciunii, familiei \u0219i odihnei. Astfel de practici \u021bin \u00eens\u0103 de tradi\u021bia popular\u0103 \u0219i nu trebuie confundate cu r\u00e2nduielile biserice\u0219ti.<\/p>\n<p data-index=\"17\">Este important de precizat c\u0103 biserica nu impune supersti\u021bii sau interdic\u021bii legate de anumite alimente, obiecte ori activit\u0103\u021bi pentru aceast\u0103 zi. Din perspectiv\u0103 religioas\u0103, accentul se pune pe rug\u0103ciune, participarea la slujbe, cinstirea Maicii Domnului \u0219i apropierea de Dumnezeu.<\/p>\n<p data-index=\"18\">Data de 31 august este marcat\u0103 at\u00e2t prin r\u00e2nduielile biserice\u0219ti, c\u00e2t \u0219i prin practicile p\u0103strate \u00een cultura popular\u0103, \u00eens\u0103 cele dou\u0103 trebuie diferen\u021biate. Tradi\u021bia ortodox\u0103 pune \u00een centrul s\u0103rb\u0103torii rug\u0103ciunea, evlavia \u0219i recuno\u0219tin\u021ba, \u00een timp ce obiceiurile populare reflect\u0103 credin\u021be locale transmise de-a lungul genera\u021biilor.<\/p>\n<p> Editor : <a href=\"https:\/\/www.digi24.ro\/autor\/marina-cimpoaca\"> M.C. <\/a><\/p>\n<\/div>\n<p>[analyse_source url=&#8221;https:\/\/www.digi24.ro\/stiri\/actualitate\/evenimente\/punerea-in-racla-a-braului-maicii-domnului-2026-ce-semnificatie-are-sarbatoarea-din-31-august-si-cum-este-cinstita-3920815&#8243;]<\/p>\n","protected":false},"excerpt":{"rendered":"<p>[analyse_image type=&#8221;featured&#8221; src=&#8221;https:\/\/s.iw.ro\/gateway\/g\/ZmlsZVNvdXJjZT1odHRwJTNBJTJGJTJG\/c3RvcmFnZTA4dHJhbnNjb2Rlci5yY3Mt\/cmRzLnJvJTJGc3RvcmFnZSUyRjIwMjYl\/MkYwOCUyRjI1JTJGMjkyNDk3N18yOTI0\/OTc3X1B1bmVyZWEtaW4tcmFjbGEtYS1C\/cmF1bHVpLU1haWNpaS1Eb21udWx1aS0y\/MDI2Xy1Gb3RvLUdldHR5LUltYWdlcy5q\/cGcmdz0xMjAwJmg9NjMwJnpjPTEmaGFz\/aD1iODhkYzBkYTEyYWYwOWZiYTY1ZTRiN2ZlMmM4N2Q3Ng==.thumb.jpg&#8221;] La 31 august 2026, biserica ortodox\u0103 pr\u0103znuie\u0219te Punerea \u00een racl\u0103 a Br\u00e2ului Maicii Domnului, una dintre relicvele importante asociate Fecioarei Maria. Potrivit tradi\u021biei biserice\u0219ti, Cinstitul Br\u00e2u i-a fost \u00eencredin\u021bat Sf\u00e2ntului Apostol Toma dup\u0103 Adormire \u0219i a fost p\u0103strat de-a lungul veacurilor ca m\u0103rturie a evlaviei cre\u0219tine. Ultima zi a anului bisericesc este [&hellip;]<\/p>\n","protected":false},"author":1,"featured_media":0,"comment_status":"open","ping_status":"","sticky":false,"template":"","format":"standard","meta":{"footnotes":""},"categories":[89],"tags":[11],"class_list":["post-2119941","post","type-post","status-publish","format-standard","hentry","category-romania","tag-digi24"],"_links":{"self":[{"href":"https:\/\/analyse.optim.biz\/index.php?rest_route=\/wp\/v2\/posts\/2119941","targetHints":{"allow":["GET"]}}],"collection":[{"href":"https:\/\/analyse.optim.biz\/index.php?rest_route=\/wp\/v2\/posts"}],"about":[{"href":"https:\/\/analyse.optim.biz\/index.php?rest_route=\/wp\/v2\/types\/post"}],"author":[{"embeddable":true,"href":"https:\/\/analyse.optim.biz\/index.php?rest_route=\/wp\/v2\/users\/1"}],"replies":[{"embeddable":true,"href":"https:\/\/analyse.optim.biz\/index.php?rest_route=%2Fwp%2Fv2%2Fcomments&post=2119941"}],"version-history":[{"count":0,"href":"https:\/\/analyse.optim.biz\/index.php?rest_route=\/wp\/v2\/posts\/2119941\/revisions"}],"wp:attachment":[{"href":"https:\/\/analyse.optim.biz\/index.php?rest_route=%2Fwp%2Fv2%2Fmedia&parent=2119941"}],"wp:term":[{"taxonomy":"category","embeddable":true,"href":"https:\/\/analyse.optim.biz\/index.php?rest_route=%2Fwp%2Fv2%2Fcategories&post=2119941"},{"taxonomy":"post_tag","embeddable":true,"href":"https:\/\/analyse.optim.biz\/index.php?rest_route=%2Fwp%2Fv2%2Ftags&post=2119941"}],"curies":[{"name":"wp","href":"https:\/\/api.w.org\/{rel}","templated":true}]}}