{"id":2119938,"date":"2026-08-30T13:58:30","date_gmt":"2026-08-30T10:58:30","guid":{"rendered":"https:\/\/analyse.optim.biz\/?p=2119938"},"modified":"2026-08-30T13:58:30","modified_gmt":"2026-08-30T10:58:30","slug":"romania-locul-4-pe-natiuni-la-cm-de-canotaj-simona-radis-si-adriana-adam-au-intrat-in-istorie","status":"publish","type":"post","link":"https:\/\/analyse.optim.biz\/?p=2119938","title":{"rendered":"Rom\u00e2nia, locul 4 pe na\u021biuni la CM de canotaj, Simona Radi\u0219 \u0219i Adriana Adam au intrat \u00een istorie"},"content":{"rendered":"<p>[analyse_image type=&#8221;featured&#8221; src=&#8221;https:\/\/cdn.adh.reperio.news\/image-7\/7ecc143a-74a1-4eca-8de9-10ea16ab8a0d\/index.jpeg?p=f%3Djpeg%26w%3D1200%26h%3D630%26r%3Dcover&#8221;]<\/p>\n<article class=\"svelte-x63bga\">\n<nav>\n<ul class=\"breadcrump svelte-1pk9a69\">\n<li class=\"svelte-1pk9a69\"><a href=\"https:\/\/adevarul.ro\/\" title=\"Adev\u0103rul\" class=\"svelte-1pk9a69\">Home<\/a><\/li>\n<li class=\"svelte-1pk9a69\"><a href=\"https:\/\/adevarul.ro\/sport\" class=\"svelte-1pk9a69\">Sport<\/a><\/li>\n<li class=\"svelte-1pk9a69\"><a href=\"https:\/\/adevarul.ro\/sport\/romania-locul-4-pe-natiuni-la-cm-de-canotaj-2552999.html\" class=\"svelte-1pk9a69\">Rom\u00e2nia, locul 4 pe na\u021biuni la CM de canotaj, Simona Radi\u0219 \u0219i Adriana Adam au intrat \u00een istorie<\/a><\/li>\n<\/ul>\n<\/nav>\n<p><main class=\"svelte-x63bga\"><\/p>\n<p>Rom\u00e2nia a c\u00e2\u0219tigat al treilea aur mondial la Campionatul Mondial de canotaj de la Amsterdam, prin barca de 8+1 mixt. Simona Radi\u0219 \u0219i Adriana Adam au scris istorie, fiind primele sportive care c\u00e2\u0219tig\u0103 trei titluri supreme la aceea\u0219i edi\u021bie a competi\u021biei.<\/p>\n<div class=\"container-image  svelte-1xbw4f3\"><source type=\"image\/webp\" srcset=\"https:\/\/cdn.adh.reperio.news\/image-7\/7ecc143a-74a1-4eca-8de9-10ea16ab8a0d\/index.jpeg?p=a%3D1%26co%3D1.05%26w%3D1400%26h%3D750%26r%3Dcontain%26f%3Dwebp 1400w\" media=\"(min-width: 1400px)\" \/><\/p>\n<div class=\"caption svelte-1xbw4f3\"><span class=\"captionText svelte-1xbw4f3\"><span class=\"source svelte-1xbw4f3\">Foto: FR de Canotaj \/ Balint Czucz<\/span><\/span><\/div>\n<\/div>\n<p>\u00cen componen\u021ba Cristina Drug\u0103, Amalia Chelaru, Adriana Adam, Florin Lehaci, Cosmin Iulian Ple\u015fescu, Ciprian Tudos\u0103, \u015etefan Berariu, Simona Radi\u015f \u015fi Victoria Petreanu, a \u00eencheiat pe primul loc ultima final\u0103 a competi\u0163iei. <a href=\"https:\/\/adevarul.ro\/sport\/barca-feminina-de-81-a-romaniei-a-castigat-titlul-2552984.html\">Barca noastr\u0103 a fost cronometrat\u0103<\/a> \u00een 5:35,75.<\/p>\n<p>Aflat\u0103 pe pe culoarul 1, ambarca\u021biunea noastr\u0103 a trecut prima la 500 de metri, fiind mai rapid\u0103 cu 49 de sutimi de secund\u0103 fa\u021b\u0103 de aceea american\u0103. Mai apoi, sportivii no\u0219tri s-au men\u021binut la conducere \u0219i au terminat primii. \u201eChiar spuneam c\u0103 e ca la Snagov. A fost o curs\u0103 epic\u0103. Sunt foarte m\u00e2ndru s\u0103 fiu aici \u00eentr-un moment istoric pentru echipa noastr\u0103\u201d, a spus Ciprian Tudos\u0103 dup\u0103 final\u0103.<\/p>\n<p>De precizat c\u0103 Cristina Drug\u0103, Amalia Chelaru, Adriana Adam, Simona Radi\u015f \u015fi Victoria Petreanu au urcat \u00een barca de mixt imediat dup\u0103 ce au primit medaliile de aur pentru finala feminin\u0103 de 8+1. <\/p>\n<p>Este de remarcat, totodat\u0103, c\u0103 Simona Radi\u0219 \u0219i Adriana Adam sunt primele canotoare din istoria care c\u00e2\u0219tig\u0103 trei titluri mondiale la aceea\u0219i edi\u021bie. \u00cen plus, Simona este cea dint\u00e2i care ob\u021bine cel pu\u021bin dou\u0103 medalii de aur la trei edi\u021bii consecutive ale CM de canotaj.<\/p>\n<p>Cu 3 titluri mondiale, <a href=\"https:\/\/adevarul.ro\/sport\/barca-feminina-de-patru-rame-a-fost-pe-4-2552904.html\">Rom\u00e2nia a ocupat locul 4<\/a> \u00een clasamentul pe na\u021biuni.   <\/p>\n<p><\/main><\/p>\n<footer class=\"svelte-x63bga\">\n<div class=\"related-wrap related-footer svelte-78g0vl\"><span class=\"related-label svelte-78g0vl\">Cite\u0219te \u0219i<\/span><a class=\"related svelte-78g0vl\" data-gtrack=\"{&quot;event&quot;:&quot;utm_click&quot;,&quot;data&quot;:{&quot;event_category&quot;:&quot;article_related&quot;}}\" href=\"https:\/\/adevarul.ro\/sport\/ionela-si-marius-cozmiuc-i-au-premiat-pe-juniorii-2550532.html\" title=\"Alt articol de interes pentru tine\"><img decoding=\"async\" class=\"thumb svelte-78g0vl\" src=\"https:\/\/cdn.adh.reperio.news\/image-8\/810f42b1-6b74-449d-ab93-d1d3db28631a\/index.jpeg?p=f%3Dwebp%26w%3D120%26h%3D80%26r%3Dcover%26a%3D0\" alt loading=\"lazy\" width=\"80\" height=\"54\"><span class=\"title svelte-78g0vl\">Ionela \u0219i Marius Cozmiuc i-au premiat pe juniorii care au excelat la CN de canotaj<\/span><\/a><a class=\"related svelte-78g0vl\" data-gtrack=\"{&quot;event&quot;:&quot;utm_click&quot;,&quot;data&quot;:{&quot;event_category&quot;:&quot;article_related&quot;}}\" href=\"https:\/\/adevarul.ro\/sport\/simona-radis-si-adriana-adam-au-cucerit-titlul-2552783.html\" title=\"Alt articol de interes pentru tine\"><img decoding=\"async\" class=\"thumb svelte-78g0vl\" src=\"https:\/\/cdn.adh.reperio.news\/image-e\/ed914851-250e-422e-8ebb-0a741f505b26\/index.png?p=f%3Dwebp%26w%3D120%26h%3D80%26r%3Dcover%26a%3D0\" alt loading=\"lazy\" width=\"80\" height=\"54\"><span class=\"title svelte-78g0vl\">Simona Radi\u0219 \u0219i Adriana Adam au cucerit titlul mondial la dublu rame<\/span><\/a><a class=\"related svelte-78g0vl\" data-gtrack=\"{&quot;event&quot;:&quot;utm_click&quot;,&quot;data&quot;:{&quot;event_category&quot;:&quot;article_related&quot;}}\" href=\"https:\/\/adevarul.ro\/sport\/barca-feminina-de-81-a-romaniei-a-castigat-titlul-2552984.html\" title=\"Alt articol de interes pentru tine\"><img decoding=\"async\" class=\"thumb svelte-78g0vl\" src=\"https:\/\/cdn.adh.reperio.news\/image-5\/52681efb-4535-46c6-b4a1-fe07fc8273a0\/index.jpeg?p=f%3Dwebp%26w%3D120%26h%3D80%26r%3Dcover%26a%3D0\" alt loading=\"lazy\" width=\"80\" height=\"54\"><span class=\"title svelte-78g0vl\">Barca feminin\u0103 de 8+1 a Rom\u00e2niei a c\u00e2\u0219tigat titlul mondial la Amsterdam \u0219i a b\u0103tut un nou record<\/span><\/a><\/div>\n<div class=\"meta svelte-x63bga\">\n<div class=\"authors svelte-x63bga\"><span class=\"names svelte-x63bga\"><a href=\"https:\/\/adevarul.ro\/author\/2133\" rel=\"author\" class=\"svelte-x63bga\">Valentin-Marian Burlacu<\/a><\/span><\/p>\n<div class=\"_hydratable\" data-props=\"%7B%22showLive%22%3Atrue%7D\" data-context=\"%7B%22parentBlockColumnCount%22%3A%7B%22value%22%3A0%2C%22type%22%3A%22store%2Freadable%22%7D%2C%22parentBlockBackgroundColor%22%3A%7B%22type%22%3A%22store%2Freadable%22%7D%7D\" data-component=\"ShareButton\">\n<div class=\"shareButtons svelte-itwbrr\">\n<div class=\"liveSessions metaFont svelte-1maxmbf\"><span class=\"value svelte-1maxmbf\">1<\/span> live <\/div>\n<\/div>\n<\/div>\n<\/div>\n<div class=\"tags svelte-1l3vwp1\"><span class=\"tags-label metaFont svelte-1l3vwp1\">Cite\u0219te mai multe despre<\/span><\/p>\n<div class=\"tags-list svelte-1l3vwp1\"><a href=\"https:\/\/adevarul.ro\/tag\/canotaj\" title=\"Ultimele \u0219tiri despre canotaj\" class=\"tag-pill svelte-1l3vwp1\">canotaj<\/a><a href=\"https:\/\/adevarul.ro\/tag\/amsterdam\" title=\"Ultimele \u0219tiri despre amsterdam\" class=\"tag-pill svelte-1l3vwp1\">amsterdam<\/a><a href=\"https:\/\/adevarul.ro\/tag\/simona%20radi%C8%99\" title=\"Ultimele \u0219tiri despre simona radi\u0219\" class=\"tag-pill svelte-1l3vwp1\">simona radi\u0219<\/a><a href=\"https:\/\/adevarul.ro\/tag\/campionatul%20mondial%20de%20canotaj\" title=\"Ultimele \u0219tiri despre campionatul mondial de canotaj\" class=\"tag-pill svelte-1l3vwp1\">campionatul mondial de canotaj<\/a><\/div>\n<\/div>\n<\/div>\n<p><a class=\"moreFromCategory svelte-x63bga\" href=\"https:\/\/adevarul.ro\/sport\" title=\"Sport\">Mai multe din <strong class=\"svelte-x63bga\">Sport<\/strong> \u203a<\/a><\/footer>\n<\/article>\n<p>[analyse_source url=&#8221;https:\/\/adevarul.ro\/sport\/romania-locul-4-pe-natiuni-la-cm-de-canotaj-2552999.html&#8221;]<\/p>\n","protected":false},"excerpt":{"rendered":"<p>[analyse_image type=&#8221;featured&#8221; src=&#8221;https:\/\/cdn.adh.reperio.news\/image-7\/7ecc143a-74a1-4eca-8de9-10ea16ab8a0d\/index.jpeg?p=f%3Djpeg%26w%3D1200%26h%3D630%26r%3Dcover&#8221;] Home Sport Rom\u00e2nia, locul 4 pe na\u021biuni la CM de canotaj, Simona Radi\u0219 \u0219i Adriana Adam au intrat \u00een istorie Rom\u00e2nia a c\u00e2\u0219tigat al treilea aur mondial la Campionatul Mondial de canotaj de la Amsterdam, prin barca de 8+1 mixt. Simona Radi\u0219 \u0219i Adriana Adam au scris istorie, fiind primele sportive care [&hellip;]<\/p>\n","protected":false},"author":1,"featured_media":0,"comment_status":"open","ping_status":"","sticky":false,"template":"","format":"standard","meta":{"footnotes":""},"categories":[89],"tags":[19,226],"class_list":["post-2119938","post","type-post","status-publish","format-standard","hentry","category-romania","tag-adevarul","tag-crawlmanager"],"_links":{"self":[{"href":"https:\/\/analyse.optim.biz\/index.php?rest_route=\/wp\/v2\/posts\/2119938","targetHints":{"allow":["GET"]}}],"collection":[{"href":"https:\/\/analyse.optim.biz\/index.php?rest_route=\/wp\/v2\/posts"}],"about":[{"href":"https:\/\/analyse.optim.biz\/index.php?rest_route=\/wp\/v2\/types\/post"}],"author":[{"embeddable":true,"href":"https:\/\/analyse.optim.biz\/index.php?rest_route=\/wp\/v2\/users\/1"}],"replies":[{"embeddable":true,"href":"https:\/\/analyse.optim.biz\/index.php?rest_route=%2Fwp%2Fv2%2Fcomments&post=2119938"}],"version-history":[{"count":0,"href":"https:\/\/analyse.optim.biz\/index.php?rest_route=\/wp\/v2\/posts\/2119938\/revisions"}],"wp:attachment":[{"href":"https:\/\/analyse.optim.biz\/index.php?rest_route=%2Fwp%2Fv2%2Fmedia&parent=2119938"}],"wp:term":[{"taxonomy":"category","embeddable":true,"href":"https:\/\/analyse.optim.biz\/index.php?rest_route=%2Fwp%2Fv2%2Fcategories&post=2119938"},{"taxonomy":"post_tag","embeddable":true,"href":"https:\/\/analyse.optim.biz\/index.php?rest_route=%2Fwp%2Fv2%2Ftags&post=2119938"}],"curies":[{"name":"wp","href":"https:\/\/api.w.org\/{rel}","templated":true}]}}