{"id":2119935,"date":"2026-08-31T04:00:56","date_gmt":"2026-08-31T01:00:56","guid":{"rendered":"https:\/\/analyse.optim.biz\/?p=2119935"},"modified":"2026-08-31T04:00:56","modified_gmt":"2026-08-31T01:00:56","slug":"radu-miruta-nu-cred-ca-exista-vreo-intentie-ca-rusia-sa-atace-vreo-tara-membra-nato-uzura-incepe-sa-nu","status":"publish","type":"post","link":"https:\/\/analyse.optim.biz\/?p=2119935","title":{"rendered":"Radu Miru\u0163\u0103: Nu cred c\u0103 exist\u0103 vreo inten\u0163ie ca Rusia s\u0103 atace vreo \u0163ar\u0103 membr\u0103 NATO. Uzura \u00eencepe s\u0103 nu&#8230;"},"content":{"rendered":"<p>[analyse_image type=&#8221;featured&#8221; src=&#8221;https:\/\/s.iw.ro\/gateway\/g\/ZmlsZVNvdXJjZT1odHRwJTNBJTJGJTJG\/c3RvcmFnZTA4dHJhbnNjb2Rlci5yY3Mt\/cmRzLnJvJTJGc3RvcmFnZSUyRjIwMjYl\/MkYwMiUyRjEzJTJGMjU5MDczN18yNTkw\/NzM3X1JhZHUtTWlydXRhLW1pbmlzdHJ1\/bC1BcGFyYXJpaV8tRm90by1Qcm9maW1l\/ZGlhLmpwZyZ3PTEyMDAmaD02MzAmemM9\/MSZoYXNoPTI3OWE1YmNmZjQ0NzQxZGViODY4ZDJkYzFmNWUyZDA1.thumb.jpg&#8221;]<\/p>\n<div class=\"entry data-app-meta data-app-meta-article\" data-embed-base-url-canonical=\"https:\/\/www.digi24.ro\/embed\/stiri\/actualitate\/politica\/radu-miruta-nu-cred-ca-exista-vreo-intentie-ca-rusia-sa-atace-vreo-tara-membra-nato-uzura-incepe-sa-nu-mai-produca-rezultate-3927831\">\n<p data-index=\"1\"><strong>Ministrul interimar al Ap\u0103r\u0103rii, Radu Miru\u0163\u0103, a declarat duminic\u0103, despre r\u0103zboiul din Ucraina, c\u0103 nu crede c\u0103 exist\u0103 vreo inten\u0163ie ca Rusia s\u0103 atace vreo \u0163ar\u0103 membr\u0103 NATO, el preciz\u00e2nd c\u0103 modul \u00een care se poart\u0103 r\u0103zboiul Rusiei \u00een Ucraina a \u00eenceput s\u0103 ajung\u0103 \u00eentr-o nou\u0103 etap\u0103, \u00een care Rusia nu mai avanseaz\u0103 \u015fi uzura \u00eencepe s\u0103 nu mai produc\u0103 rezultate.<\/strong><\/p>\n<p data-index=\"2\">\u201eNu cred c\u0103 exist\u0103 vreo inten\u0163ie ca Rusia s\u0103 atace vreo \u0163ar\u0103 membre NATO \u015fi exist\u0103 discu\u0163ii \u00een permanen\u0163\u0103. S\u0103 nu crede\u0163i c\u0103 \u0163\u0103rile membre NATO nu sunt conectate, nu-\u015fi conecteaz\u0103 datele din serviciile de informa\u0163ii, nu coroboreaz\u0103 tot felul de analize. \u00cen urma acestor analize coroborate, nu doar la nivelul Rom\u00e2niei, ci \u015fi dac\u0103 vre\u0163i ca un backup la nivelul partenerilor care fac analize asem\u0103n\u0103toare, nu exist\u0103 vreun indiciu, ast\u0103zi\u201d, a spus Radu Miru\u0163\u0103, la Digi24.<\/p>\n<p data-index=\"3\">El a precizat c\u0103, dimpotriv\u0103, modul \u00een care se poart\u0103 r\u0103zboiul Rusiei \u00een Ucraina, a \u00eenceput s\u0103 ajung\u0103 \u00eentr-o nou\u0103 etap\u0103, \u00een care Rusia nu mai avanseaz\u0103.<\/p>\n<p data-index=\"4\">\u201eAcea uzur\u0103 de care se vorbea, \u00eencepe s\u0103 nu mai produc\u0103 rezultate. Am v\u0103zut c\u0103 \u015fi suprama\u0163ia asta aerian\u0103 \u00eencepe s\u0103 fie \u015fi aerodat\u0103. Acum o lun\u0103 \u015fi jum\u0103tate, un avion F-16 din Ucraina a dobor\u00eet \u00een lupta aer-aer, un avion rusesc. Nu s-au \u00eent\u00e2mplat lucrurile astea p\u00e2n\u0103 acum. Am v\u0103zut atacuri cu dron\u0103 \u00een ad\u00e2ncime \u00een Rusia, din Ucraina. Pare c\u0103 lucrurile, cel pu\u0163in pentru moment, sunt \u00eentr-o stagnare pe toat\u0103 linia frontului\u201d, a mai spus el.<\/p>\n<p> Editor : <a href=\"https:\/\/www.digi24.ro\/autor\/liviu-cojan\"> Liviu Cojan <\/a><\/p>\n<\/div>\n<p>[analyse_source url=&#8221;https:\/\/www.digi24.ro\/stiri\/actualitate\/politica\/radu-miruta-nu-cred-ca-exista-vreo-intentie-ca-rusia-sa-atace-vreo-tara-membra-nato-uzura-incepe-sa-nu-mai-produca-rezultate-3927831&#8243;]<\/p>\n","protected":false},"excerpt":{"rendered":"<p>[analyse_image type=&#8221;featured&#8221; src=&#8221;https:\/\/s.iw.ro\/gateway\/g\/ZmlsZVNvdXJjZT1odHRwJTNBJTJGJTJG\/c3RvcmFnZTA4dHJhbnNjb2Rlci5yY3Mt\/cmRzLnJvJTJGc3RvcmFnZSUyRjIwMjYl\/MkYwMiUyRjEzJTJGMjU5MDczN18yNTkw\/NzM3X1JhZHUtTWlydXRhLW1pbmlzdHJ1\/bC1BcGFyYXJpaV8tRm90by1Qcm9maW1l\/ZGlhLmpwZyZ3PTEyMDAmaD02MzAmemM9\/MSZoYXNoPTI3OWE1YmNmZjQ0NzQxZGViODY4ZDJkYzFmNWUyZDA1.thumb.jpg&#8221;] Ministrul interimar al Ap\u0103r\u0103rii, Radu Miru\u0163\u0103, a declarat duminic\u0103, despre r\u0103zboiul din Ucraina, c\u0103 nu crede c\u0103 exist\u0103 vreo inten\u0163ie ca Rusia s\u0103 atace vreo \u0163ar\u0103 membr\u0103 NATO, el preciz\u00e2nd c\u0103 modul \u00een care se poart\u0103 r\u0103zboiul Rusiei \u00een Ucraina a \u00eenceput s\u0103 ajung\u0103 \u00eentr-o nou\u0103 etap\u0103, \u00een care Rusia nu mai [&hellip;]<\/p>\n","protected":false},"author":1,"featured_media":0,"comment_status":"open","ping_status":"","sticky":false,"template":"","format":"standard","meta":{"footnotes":""},"categories":[89],"tags":[226,11],"class_list":["post-2119935","post","type-post","status-publish","format-standard","hentry","category-romania","tag-crawlmanager","tag-digi24"],"_links":{"self":[{"href":"https:\/\/analyse.optim.biz\/index.php?rest_route=\/wp\/v2\/posts\/2119935","targetHints":{"allow":["GET"]}}],"collection":[{"href":"https:\/\/analyse.optim.biz\/index.php?rest_route=\/wp\/v2\/posts"}],"about":[{"href":"https:\/\/analyse.optim.biz\/index.php?rest_route=\/wp\/v2\/types\/post"}],"author":[{"embeddable":true,"href":"https:\/\/analyse.optim.biz\/index.php?rest_route=\/wp\/v2\/users\/1"}],"replies":[{"embeddable":true,"href":"https:\/\/analyse.optim.biz\/index.php?rest_route=%2Fwp%2Fv2%2Fcomments&post=2119935"}],"version-history":[{"count":0,"href":"https:\/\/analyse.optim.biz\/index.php?rest_route=\/wp\/v2\/posts\/2119935\/revisions"}],"wp:attachment":[{"href":"https:\/\/analyse.optim.biz\/index.php?rest_route=%2Fwp%2Fv2%2Fmedia&parent=2119935"}],"wp:term":[{"taxonomy":"category","embeddable":true,"href":"https:\/\/analyse.optim.biz\/index.php?rest_route=%2Fwp%2Fv2%2Fcategories&post=2119935"},{"taxonomy":"post_tag","embeddable":true,"href":"https:\/\/analyse.optim.biz\/index.php?rest_route=%2Fwp%2Fv2%2Ftags&post=2119935"}],"curies":[{"name":"wp","href":"https:\/\/api.w.org\/{rel}","templated":true}]}}