{"id":2119902,"date":"2026-08-27T08:00:11","date_gmt":"2026-08-27T05:00:11","guid":{"rendered":"https:\/\/analyse.optim.biz\/?p=2119902"},"modified":"2026-08-27T08:00:11","modified_gmt":"2026-08-27T05:00:11","slug":"covor-asfaltic-de-3-milioane-de-lei-pe-drumul-spre-satul-artistilor-din-banatul-montan","status":"publish","type":"post","link":"https:\/\/analyse.optim.biz\/?p=2119902","title":{"rendered":"Covor asfaltic de 3 milioane de lei pe drumul spre satul arti\u0219tilor din Banatul Montan!"},"content":{"rendered":"<p>[analyse_image type=&#8221;featured&#8221; src=&#8221;https:\/\/cdn.expressdebanat.ro\/wp-content\/uploads\/2026\/08\/hurduzeu_silviu.jpg&#8221;]<\/p>\n<div id=\"post-area\" class=\"post-981672 post type-post status-publish format-standard has-post-thumbnail hentry category-administratie category-caras category-oravita tag-caras-severin tag-consiliul-judetean tag-dj571 tag-drum-judetean-socolari tag-important tag-presedinte-silviu-hurduzeu tag-reabilitare-drum-judetean\">\n<div id=\"social-box\">\n<ul class=\"post-social\">\n<li class=\"social-share-button\">\n<li class=\"social-share-button\">\n<li class=\"social-share-button\"><\/ul>\n<\/div>\n<div id=\"content-area\">\n<div class=\"post-image\"><img loading=\"lazy\" decoding=\"async\" width=\"620\" height=\"400\" src=\"https:\/\/cdn.expressdebanat.ro\/wp-content\/uploads\/2026\/08\/hurduzeu_silviu-620x400.jpg\" class=\"attachment-post-thumb size-post-thumb wp-post-image perfmatters-lazy\" alt=\"hurduzeu silviu\"><img loading=\"lazy\" decoding=\"async\" width=\"620\" height=\"400\" src=\"https:\/\/cdn.expressdebanat.ro\/wp-content\/uploads\/2026\/08\/hurduzeu_silviu-620x400.jpg\" class=\"attachment-post-thumb size-post-thumb wp-post-image\" alt=\"hurduzeu silviu\"><\/div>\n<div class=\"pydbb6a94da41e2597\"><a href=\"https:\/\/www.facebook.com\/clinicavestmed\"><img loading=\"lazy\" decoding=\"async\" class=\"size-full wp-image-961300 perfmatters-lazy\" src=\"https:\/\/cdn.expressdebanat.ro\/wp-content\/uploads\/2026\/02\/WhatsApp-Image-2026-02-03-at-11.55.13.jpeg\" alt=\"vestmed 1000x200\" width=\"1000\" height=\"200\"><img loading=\"lazy\" decoding=\"async\" class=\"size-full wp-image-961300\" src=\"https:\/\/cdn.expressdebanat.ro\/wp-content\/uploads\/2026\/02\/WhatsApp-Image-2026-02-03-at-11.55.13.jpeg\" alt=\"vestmed 1000x200\" width=\"1000\" height=\"200\"><\/a><a href=\"https:\/\/www.cei.ro\/\" target=\"_blank\" rel=\"noopener noreferrer sponsored ugc\" title=\"Publicitate in ziar online Express de Banat, \u0218tiri din Timi\u0219oara \u0219i Re\u0219i\u021ba\"><source data-srcset=\"https:\/\/cdn.expressdebanat.ro\/wp-content\/uploads\/2020\/11\/1000-100.webp \" type=\"image\/webp\" \/><\/a><\/div>\n<p><strong>Consiliul Jude\u021bean Cara\u0219-Severin reabiliteaz\u0103 drumul jude\u021bean DJ 571C, Ciclova \u2013 Socolari. Nu neap\u0103rat pentru c\u0103 oamenii au protestat public, ci pentru c\u0103 efectiv tronsonul respectiv nu-\u0219i merita statutul de drum. Cu at\u00e2t mai pu\u021bin de drum jude\u021bean!<\/strong><\/p>\n<p>Pre\u0219edintele Silviu Hurduzeu a semnat raportul de demarare a procedurii de achizi\u021bie public\u0103 pentru o investi\u021bie evaluat\u0103 la 2,9 milioane de lei, demers ini\u021biat administrativ \u00eenc\u0103 de acum dou\u0103 s\u0103pt\u0103m\u00e2ni.<\/p>\n<p>Investi\u021bia vine \u00een contextul \u00een care starea carosabilului a generat nemul\u021bumiri \u0219i ac\u021biuni de protest din partea comunit\u0103\u021bii locale, reprezentan\u021bii administra\u021biei jude\u021bene purt\u00e2nd deja discu\u021bii prealabile cu organizatorii pentru a le prezenta calendarul etapelor tehnice \u0219i legale.<\/p>\n<p>\u200b\u201e<em>Vom demara achizi\u021bia. Colegii mei din cadrul Serviciului de Drumuri Jude\u021bene din cadrul Direc\u021biei de Dezvoltare a Consiliului Jude\u021bean au luat leg\u0103tura cu organizatorii protestului \u00eenainte de a se desf\u0103\u0219ura acest protest, explic\u00e2ndu-le care sunt pa\u0219ii pe care Consiliul Jude\u021bean \u00eei face<\/em>\u201d, a explicat Silviu Hurduzeu.<\/p>\n<div class=\"gbjty6a94da41e25f0\"><a href=\"https:\/\/www.facebook.com\/profile.php?id=100093207818602\" target=\"_blank\" title=\"Stiri Timisoara si Resita Publicitate online\" rel=\"noopener nofollow ugc sponsored\"><img loading=\"lazy\" decoding=\"async\" class=\"size-full wp-image-843025 perfmatters-lazy\" src=\"https:\/\/cdn.expressdebanat.ro\/wp-content\/uploads\/2024\/07\/WhatsApp-Image-2024-07-05-at-14.36.18.jpeg\" alt=\"Stiri Timisoara si Resita publicitate online dacus 05 iulie 2024\" width=\"1000\" height=\"100\"><img loading=\"lazy\" decoding=\"async\" class=\"size-full wp-image-843025\" src=\"https:\/\/cdn.expressdebanat.ro\/wp-content\/uploads\/2024\/07\/WhatsApp-Image-2024-07-05-at-14.36.18.jpeg\" alt=\"Stiri Timisoara si Resita publicitate online dacus 05 iulie 2024\" width=\"1000\" height=\"100\"><\/a><a href=\"https:\/\/www.brantner.com\/en\/group\/international-locations\/romania\/brantner-servicii-ecoogice-srl-resita.html\" target=\"_blank\" title=\"Stiri Timisoara si Resita Publicitate online\" rel=\"noopener nofollow ugc sponsored\"><img loading=\"lazy\" decoding=\"async\" class=\"size-full wp-image-804798 perfmatters-lazy\" src=\"https:\/\/cdn.expressdebanat.ro\/wp-content\/uploads\/2024\/02\/WhatsApp-Image-2024-02-05-at-11.32.01.jpeg\" alt=\"Stiri Timisoara Publicitate online Brantner 1000x100px\" width=\"970\" height=\"90\"><img loading=\"lazy\" decoding=\"async\" class=\"size-full wp-image-804798\" src=\"https:\/\/cdn.expressdebanat.ro\/wp-content\/uploads\/2024\/02\/WhatsApp-Image-2024-02-05-at-11.32.01.jpeg\" alt=\"Stiri Timisoara Publicitate online Brantner 1000x100px\" width=\"970\" height=\"90\"><\/a><\/div>\n<p>\u0218eful administra\u021biei jude\u021bene a subliniat c\u0103 proiectul se afla deja pe circuitul intern de avizare, procedurile premerg\u0103toare fiind declan\u0219ate independent de manifesta\u021biile publice din zon\u0103.<\/p>\n<p>\u200b\u201e<em>Aceast\u0103 procedur\u0103 a fost ini\u021biat\u0103 cu cel pu\u021bin dou\u0103 s\u0103pt\u0103m\u00e2ni \u00een urm\u0103. \u0218i cu protest, \u0219i f\u0103r\u0103 protest, aceast\u0103 investi\u021bie se va realiza<\/em>\u201d, a conchis liderul administra\u021biei jude\u021bene.<\/p>\n<p>\u200bOdat\u0103 cu finalizarea procedurii de achizi\u021bie \u0219i atribuirea contractului de execu\u021bie, lucr\u0103rile pe tronsonul DJ 571C vor asigura condi\u021bii optime \u0219i sigure de trafic pentru locuitorii \u0219i \u0219oferii care tranziteaz\u0103 zona.<\/p>\n<div class=\"lrmtz6a94da41e264a\"><a href=\"https:\/\/maxagro.ro\/\" target=\"_blank\" rel=\"noopener noreferrer sponsored ugc\" title=\"Stiri Timisoara si Resita Promovare online in Express de Banat\"><img loading=\"lazy\" decoding=\"async\" width=\"1500\" height=\"300\" class=\"size-full wp-image-752850 perfmatters-lazy\" src=\"https:\/\/cdn.expressdebanat.ro\/wp-content\/uploads\/2023\/05\/banner-maxagro.jpg\" alt=\"stiri Timisoara publicitate si promovare online banner maxagro\"><img loading=\"lazy\" decoding=\"async\" width=\"1500\" height=\"300\" class=\"size-full wp-image-752850\" src=\"https:\/\/cdn.expressdebanat.ro\/wp-content\/uploads\/2023\/05\/banner-maxagro.jpg\" alt=\"stiri Timisoara publicitate si promovare online banner maxagro\"><\/a><\/div>\n<\/div>\n<div id=\"social-box\">\n<ul class=\"post-social\">\n<li class=\"fb-line\">\n<li><a href=\"http:\/\/twitter.com\/share\" class=\"twitter-share-button\" data-lang=\"en\" data-count=\"horizontal\">Tweet<\/a><\/li>\n<li>\n<li><a href=\"http:\/\/pinterest.com\/pin\/create\/button\/?url=https%3A%2F%2Fexpressdebanat.ro%2Fcovor-asfaltic-de-3-milioane-de-lei-pe-drumul-spre-satul-artistilor-din-banatul-montan%2F&amp;media=https:\/\/cdn.expressdebanat.ro\/wp-content\/uploads\/2026\/08\/hurduzeu_silviu.jpg&amp;description=Covor%20asfaltic%20de%203%20milioane%20de%20lei%20pe%20drumul%20spre%20satul%20arti%C8%99tilor%20din%20Banatul%20Montan!\" class=\"pin-it-button\">Pin It<\/a><\/li>\n<\/ul>\n<\/div>\n<\/div>\n<div id=\"content-area\">\n<div class=\"post-image\"><img loading=\"lazy\" decoding=\"async\" width=\"620\" height=\"400\" src=\"https:\/\/cdn.expressdebanat.ro\/wp-content\/uploads\/2026\/08\/hurduzeu_silviu-620x400.jpg\" class=\"attachment-post-thumb size-post-thumb wp-post-image perfmatters-lazy\" alt=\"hurduzeu silviu\"><img loading=\"lazy\" decoding=\"async\" width=\"620\" height=\"400\" src=\"https:\/\/cdn.expressdebanat.ro\/wp-content\/uploads\/2026\/08\/hurduzeu_silviu-620x400.jpg\" class=\"attachment-post-thumb size-post-thumb wp-post-image\" alt=\"hurduzeu silviu\"><\/div>\n<div class=\"pydbb6a94da41e2597\"><a href=\"https:\/\/www.facebook.com\/clinicavestmed\"><img loading=\"lazy\" decoding=\"async\" class=\"size-full wp-image-961300 perfmatters-lazy\" src=\"https:\/\/cdn.expressdebanat.ro\/wp-content\/uploads\/2026\/02\/WhatsApp-Image-2026-02-03-at-11.55.13.jpeg\" alt=\"vestmed 1000x200\" width=\"1000\" height=\"200\"><img loading=\"lazy\" decoding=\"async\" class=\"size-full wp-image-961300\" src=\"https:\/\/cdn.expressdebanat.ro\/wp-content\/uploads\/2026\/02\/WhatsApp-Image-2026-02-03-at-11.55.13.jpeg\" alt=\"vestmed 1000x200\" width=\"1000\" height=\"200\"><\/a><a href=\"https:\/\/www.cei.ro\/\" target=\"_blank\" rel=\"noopener noreferrer sponsored ugc\" title=\"Publicitate in ziar online Express de Banat, \u0218tiri din Timi\u0219oara \u0219i Re\u0219i\u021ba\"><source data-srcset=\"https:\/\/cdn.expressdebanat.ro\/wp-content\/uploads\/2020\/11\/1000-100.webp \" type=\"image\/webp\" \/><\/a><\/div>\n<p><strong>Consiliul Jude\u021bean Cara\u0219-Severin reabiliteaz\u0103 drumul jude\u021bean DJ 571C, Ciclova \u2013 Socolari. Nu neap\u0103rat pentru c\u0103 oamenii au protestat public, ci pentru c\u0103 efectiv tronsonul respectiv nu-\u0219i merita statutul de drum. Cu at\u00e2t mai pu\u021bin de drum jude\u021bean!<\/strong><\/p>\n<p>Pre\u0219edintele Silviu Hurduzeu a semnat raportul de demarare a procedurii de achizi\u021bie public\u0103 pentru o investi\u021bie evaluat\u0103 la 2,9 milioane de lei, demers ini\u021biat administrativ \u00eenc\u0103 de acum dou\u0103 s\u0103pt\u0103m\u00e2ni.<\/p>\n<p>Investi\u021bia vine \u00een contextul \u00een care starea carosabilului a generat nemul\u021bumiri \u0219i ac\u021biuni de protest din partea comunit\u0103\u021bii locale, reprezentan\u021bii administra\u021biei jude\u021bene purt\u00e2nd deja discu\u021bii prealabile cu organizatorii pentru a le prezenta calendarul etapelor tehnice \u0219i legale.<\/p>\n<p>\u200b\u201e<em>Vom demara achizi\u021bia. Colegii mei din cadrul Serviciului de Drumuri Jude\u021bene din cadrul Direc\u021biei de Dezvoltare a Consiliului Jude\u021bean au luat leg\u0103tura cu organizatorii protestului \u00eenainte de a se desf\u0103\u0219ura acest protest, explic\u00e2ndu-le care sunt pa\u0219ii pe care Consiliul Jude\u021bean \u00eei face<\/em>\u201d, a explicat Silviu Hurduzeu.<\/p>\n<div class=\"gbjty6a94da41e25f0\"><a href=\"https:\/\/www.facebook.com\/profile.php?id=100093207818602\" target=\"_blank\" title=\"Stiri Timisoara si Resita Publicitate online\" rel=\"noopener nofollow ugc sponsored\"><img loading=\"lazy\" decoding=\"async\" class=\"size-full wp-image-843025 perfmatters-lazy\" src=\"https:\/\/cdn.expressdebanat.ro\/wp-content\/uploads\/2024\/07\/WhatsApp-Image-2024-07-05-at-14.36.18.jpeg\" alt=\"Stiri Timisoara si Resita publicitate online dacus 05 iulie 2024\" width=\"1000\" height=\"100\"><img loading=\"lazy\" decoding=\"async\" class=\"size-full wp-image-843025\" src=\"https:\/\/cdn.expressdebanat.ro\/wp-content\/uploads\/2024\/07\/WhatsApp-Image-2024-07-05-at-14.36.18.jpeg\" alt=\"Stiri Timisoara si Resita publicitate online dacus 05 iulie 2024\" width=\"1000\" height=\"100\"><\/a><a href=\"https:\/\/www.brantner.com\/en\/group\/international-locations\/romania\/brantner-servicii-ecoogice-srl-resita.html\" target=\"_blank\" title=\"Stiri Timisoara si Resita Publicitate online\" rel=\"noopener nofollow ugc sponsored\"><img loading=\"lazy\" decoding=\"async\" class=\"size-full wp-image-804798 perfmatters-lazy\" src=\"https:\/\/cdn.expressdebanat.ro\/wp-content\/uploads\/2024\/02\/WhatsApp-Image-2024-02-05-at-11.32.01.jpeg\" alt=\"Stiri Timisoara Publicitate online Brantner 1000x100px\" width=\"970\" height=\"90\"><img loading=\"lazy\" decoding=\"async\" class=\"size-full wp-image-804798\" src=\"https:\/\/cdn.expressdebanat.ro\/wp-content\/uploads\/2024\/02\/WhatsApp-Image-2024-02-05-at-11.32.01.jpeg\" alt=\"Stiri Timisoara Publicitate online Brantner 1000x100px\" width=\"970\" height=\"90\"><\/a><\/div>\n<p>\u0218eful administra\u021biei jude\u021bene a subliniat c\u0103 proiectul se afla deja pe circuitul intern de avizare, procedurile premerg\u0103toare fiind declan\u0219ate independent de manifesta\u021biile publice din zon\u0103.<\/p>\n<p>\u200b\u201e<em>Aceast\u0103 procedur\u0103 a fost ini\u021biat\u0103 cu cel pu\u021bin dou\u0103 s\u0103pt\u0103m\u00e2ni \u00een urm\u0103. \u0218i cu protest, \u0219i f\u0103r\u0103 protest, aceast\u0103 investi\u021bie se va realiza<\/em>\u201d, a conchis liderul administra\u021biei jude\u021bene.<\/p>\n<p>\u200bOdat\u0103 cu finalizarea procedurii de achizi\u021bie \u0219i atribuirea contractului de execu\u021bie, lucr\u0103rile pe tronsonul DJ 571C vor asigura condi\u021bii optime \u0219i sigure de trafic pentru locuitorii \u0219i \u0219oferii care tranziteaz\u0103 zona.<\/p>\n<div class=\"lrmtz6a94da41e264a\"><a href=\"https:\/\/maxagro.ro\/\" target=\"_blank\" rel=\"noopener noreferrer sponsored ugc\" title=\"Stiri Timisoara si Resita Promovare online in Express de Banat\"><img loading=\"lazy\" decoding=\"async\" width=\"1500\" height=\"300\" class=\"size-full wp-image-752850 perfmatters-lazy\" src=\"https:\/\/cdn.expressdebanat.ro\/wp-content\/uploads\/2023\/05\/banner-maxagro.jpg\" alt=\"stiri Timisoara publicitate si promovare online banner maxagro\"><img loading=\"lazy\" decoding=\"async\" width=\"1500\" height=\"300\" class=\"size-full wp-image-752850\" src=\"https:\/\/cdn.expressdebanat.ro\/wp-content\/uploads\/2023\/05\/banner-maxagro.jpg\" alt=\"stiri Timisoara publicitate si promovare online banner maxagro\"><\/a><\/div>\n<\/div>\n<p>[analyse_source url=&#8221;https:\/\/expressdebanat.ro\/covor-asfaltic-de-3-milioane-de-lei-pe-drumul-spre-satul-artistilor-din-banatul-montan\/&#8221;]<\/p>\n","protected":false},"excerpt":{"rendered":"<p>[analyse_image type=&#8221;featured&#8221; src=&#8221;https:\/\/cdn.expressdebanat.ro\/wp-content\/uploads\/2026\/08\/hurduzeu_silviu.jpg&#8221;] Consiliul Jude\u021bean Cara\u0219-Severin reabiliteaz\u0103 drumul jude\u021bean DJ 571C, Ciclova \u2013 Socolari. Nu neap\u0103rat pentru c\u0103 oamenii au protestat public, ci pentru c\u0103 efectiv tronsonul respectiv nu-\u0219i merita statutul de drum. Cu at\u00e2t mai pu\u021bin de drum jude\u021bean! Pre\u0219edintele Silviu Hurduzeu a semnat raportul de demarare a procedurii de achizi\u021bie public\u0103 pentru o [&hellip;]<\/p>\n","protected":false},"author":1,"featured_media":0,"comment_status":"open","ping_status":"","sticky":false,"template":"","format":"standard","meta":{"footnotes":""},"categories":[89],"tags":[226,196],"class_list":["post-2119902","post","type-post","status-publish","format-standard","hentry","category-romania","tag-crawlmanager","tag-expressdebanat-ro"],"_links":{"self":[{"href":"https:\/\/analyse.optim.biz\/index.php?rest_route=\/wp\/v2\/posts\/2119902","targetHints":{"allow":["GET"]}}],"collection":[{"href":"https:\/\/analyse.optim.biz\/index.php?rest_route=\/wp\/v2\/posts"}],"about":[{"href":"https:\/\/analyse.optim.biz\/index.php?rest_route=\/wp\/v2\/types\/post"}],"author":[{"embeddable":true,"href":"https:\/\/analyse.optim.biz\/index.php?rest_route=\/wp\/v2\/users\/1"}],"replies":[{"embeddable":true,"href":"https:\/\/analyse.optim.biz\/index.php?rest_route=%2Fwp%2Fv2%2Fcomments&post=2119902"}],"version-history":[{"count":0,"href":"https:\/\/analyse.optim.biz\/index.php?rest_route=\/wp\/v2\/posts\/2119902\/revisions"}],"wp:attachment":[{"href":"https:\/\/analyse.optim.biz\/index.php?rest_route=%2Fwp%2Fv2%2Fmedia&parent=2119902"}],"wp:term":[{"taxonomy":"category","embeddable":true,"href":"https:\/\/analyse.optim.biz\/index.php?rest_route=%2Fwp%2Fv2%2Fcategories&post=2119902"},{"taxonomy":"post_tag","embeddable":true,"href":"https:\/\/analyse.optim.biz\/index.php?rest_route=%2Fwp%2Fv2%2Ftags&post=2119902"}],"curies":[{"name":"wp","href":"https:\/\/api.w.org\/{rel}","templated":true}]}}