{"id":2119901,"date":"2026-08-27T06:52:04","date_gmt":"2026-08-27T03:52:04","guid":{"rendered":"https:\/\/analyse.optim.biz\/?p=2119901"},"modified":"2026-08-27T06:52:04","modified_gmt":"2026-08-27T03:52:04","slug":"turcii-de-la-eti-bakir-penetreaza-mai-greu-legislatia-decat-zacamintele-de-cupru-de-la-moldova-noua","status":"publish","type":"post","link":"https:\/\/analyse.optim.biz\/?p=2119901","title":{"rendered":"Turcii de la Eti Bakir penetreaz\u0103 mai greu legisla\u021bia dec\u00e2t z\u0103c\u0103mintele de cupru de la Moldova Nou\u0103!"},"content":{"rendered":"<p>[analyse_image type=&#8221;featured&#8221; src=&#8221;https:\/\/cdn.expressdebanat.ro\/wp-content\/uploads\/2025\/06\/torma_adrian.jpg&#8221;]<\/p>\n<div id=\"post-area\" class=\"post-981244 post type-post status-publish format-standard has-post-thumbnail hentry category-business category-caras category-moldova-noua tag-adrian-torma tag-articol-principal tag-cuprumold-mining-sa tag-cuprumold-moldova-noua tag-express-de-banat tag-important tag-investitii tag-primaria-moldova-noua tag-stiri-caras-severin\">\n<div id=\"social-box\">\n<ul class=\"post-social\">\n<li class=\"social-share-button\">\n<li class=\"social-share-button\">\n<li class=\"social-share-button\"><\/ul>\n<\/div>\n<div id=\"content-area\">\n<div class=\"post-image\"><img loading=\"lazy\" decoding=\"async\" width=\"620\" height=\"400\" src=\"https:\/\/cdn.expressdebanat.ro\/wp-content\/uploads\/2025\/06\/torma_adrian-620x400.jpg\" class=\"attachment-post-thumb size-post-thumb wp-post-image perfmatters-lazy\" alt=\"torma adrian\"><img loading=\"lazy\" decoding=\"async\" width=\"620\" height=\"400\" src=\"https:\/\/cdn.expressdebanat.ro\/wp-content\/uploads\/2025\/06\/torma_adrian-620x400.jpg\" class=\"attachment-post-thumb size-post-thumb wp-post-image\" alt=\"torma adrian\"><\/div>\n<div class=\"qjufn6a94ae6daa84f\"><a href=\"https:\/\/www.facebook.com\/profile.php?id=100093207818602\" target=\"_blank\" title=\"Stiri Timisoara Resita publicitate online\" rel=\"noopener noreferrer sponsored ugc\"><img loading=\"lazy\" decoding=\"async\" class=\"size-full wp-image-843025 perfmatters-lazy\" src=\"https:\/\/cdn.expressdebanat.ro\/wp-content\/uploads\/2024\/07\/WhatsApp-Image-2024-07-05-at-14.36.18.jpeg\" alt=\"stiri Timisoara si Resita dacus 05 iulie 2024\" width=\"1000\" height=\"100\"><img loading=\"lazy\" decoding=\"async\" class=\"size-full wp-image-843025\" src=\"https:\/\/cdn.expressdebanat.ro\/wp-content\/uploads\/2024\/07\/WhatsApp-Image-2024-07-05-at-14.36.18.jpeg\" alt=\"stiri Timisoara si Resita dacus 05 iulie 2024\" width=\"1000\" height=\"100\"><\/a><a href=\"https:\/\/www.facebook.com\/clinicavestmed\"><img loading=\"lazy\" decoding=\"async\" class=\"size-full wp-image-961300 perfmatters-lazy\" src=\"https:\/\/cdn.expressdebanat.ro\/wp-content\/uploads\/2026\/02\/WhatsApp-Image-2026-02-03-at-11.55.13.jpeg\" alt=\"vestmed 1000x200\" width=\"1000\" height=\"200\"><img loading=\"lazy\" decoding=\"async\" class=\"size-full wp-image-961300\" src=\"https:\/\/cdn.expressdebanat.ro\/wp-content\/uploads\/2026\/02\/WhatsApp-Image-2026-02-03-at-11.55.13.jpeg\" alt=\"vestmed 1000x200\" width=\"1000\" height=\"200\"><\/a><\/div>\n<p><strong>Investi\u021bia companiei turce\u0219ti Cuprumold Mining, parte a Eti Bakir, la Moldova Nou\u0103 face pa\u0219i concre\u021bi, \u00een ciuda anilor trecu\u021bi de la preluare. <\/strong><\/p>\n<p>Primarul Adrian Torma spune c\u0103 investitorii \u00ee\u0219i men\u021bin angajamentul serios fa\u021b\u0103 de redeschiderea activit\u0103\u021bii \u00een zon\u0103, \u00een prezent lucr\u00e2ndu-se la documenta\u021biile necesare \u00eenceperii efective a exploat\u0103rii:<\/p>\n<p><em>\u201eTurcii au cerut primul certificat de urbanism, au venit \u0219i cu al doilea pentru anumite aviz\u0103ri. Au pl\u0103tit ni\u0219te sume destul de serioase pentru acele avize, \u00een acela\u0219i timp au f\u0103cut c\u00e2teva foraje \u00een anumite zone unde este z\u0103c\u0103m\u00e2ntul, \u021bin constant leg\u0103tura cu ei, ei spun c\u0103 ei sunt foarte serio\u0219i, sper\u0103 s\u0103 nu mai apar\u0103 modific\u0103ri geopolitice sau de legisla\u021bie \u00een Rom\u00e2nia, \u0219tiu c\u0103 au mers \u0219i la Guvernul Rom\u00e2niei, la mini\u0219tri\u2026 dar au g\u0103sit deschidere \u0219i \u00een\u021belegere\u201d<\/em>, a declarat primarul Adrian Torma.<\/p>\n<div class=\"ofury6a94ae6daa8ad\"><img loading=\"lazy\" decoding=\"async\" class=\"size-full wp-image-947090 perfmatters-lazy\" src=\"https:\/\/cdn.expressdebanat.ro\/wp-content\/uploads\/2025\/10\/banner-1164-x-200-px.jpg\" alt=\"banner 1164 x 200 px\" width=\"1000\" height=\"171\"><img loading=\"lazy\" decoding=\"async\" class=\"size-full wp-image-947090\" src=\"https:\/\/cdn.expressdebanat.ro\/wp-content\/uploads\/2025\/10\/banner-1164-x-200-px.jpg\" alt=\"banner 1164 x 200 px\" width=\"1000\" height=\"171\"><\/div>\n<p>Chiar dac\u0103 ritmul este influen\u021bat de proceduri \u0219i contextul general, conducerea ora\u0219ului prive\u0219te spre viitor cu speran\u021b\u0103. Primarul subliniaz\u0103 c\u0103 finalizarea acestui proiect este vital\u0103 pentru comunitate, obiectivul principal fiind crearea de locuri de munc\u0103 pentru a opri plecarea tinerilor din ora\u0219:<\/p>\n<p><em>\u201eOpinia mea este c\u0103 mai devreme sau mai t\u00e2rziu se va \u00eent\u00e2mpla. Evident, noi ne dorim c\u00e2t mai rapid, pentru c\u0103 ne dorim s\u0103 men\u021binem tinerii acas\u0103 \u0219i s\u0103 nu ajungem \u00een situa\u021bie critic\u0103 \u00een care vor veni locuri de munc\u0103 \u0219i nu o s\u0103 mai fie tineri care s\u0103 munceasc\u0103\u201d<\/em>, a conchis edilul.<\/p>\n<\/div>\n<div id=\"social-box\">\n<ul class=\"post-social\">\n<li class=\"fb-line\">\n<li><a href=\"http:\/\/twitter.com\/share\" class=\"twitter-share-button\" data-lang=\"en\" data-count=\"horizontal\">Tweet<\/a><\/li>\n<li>\n<li><a href=\"http:\/\/pinterest.com\/pin\/create\/button\/?url=https%3A%2F%2Fexpressdebanat.ro%2Fturcii-de-la-eti-bakir-penetreaza-mai-greu-legislatia-decat-zacamintele-de-cupru-de-la-moldova-noua%2F&amp;media=https:\/\/cdn.expressdebanat.ro\/wp-content\/uploads\/2025\/06\/torma_adrian.jpg&amp;description=Turcii%20de%20la%20Eti%20Bakir%20penetreaz%C4%83%20mai%20greu%20legisla%C8%9Bia%20dec%C3%A2t%20z%C4%83c%C4%83mintele%20de%20cupru%20de%20la%20Moldova%20Nou%C4%83!\" class=\"pin-it-button\">Pin It<\/a><\/li>\n<\/ul>\n<\/div>\n<\/div>\n<div id=\"content-area\">\n<div class=\"post-image\"><img loading=\"lazy\" decoding=\"async\" width=\"620\" height=\"400\" src=\"https:\/\/cdn.expressdebanat.ro\/wp-content\/uploads\/2025\/06\/torma_adrian-620x400.jpg\" class=\"attachment-post-thumb size-post-thumb wp-post-image perfmatters-lazy\" alt=\"torma adrian\"><img loading=\"lazy\" decoding=\"async\" width=\"620\" height=\"400\" src=\"https:\/\/cdn.expressdebanat.ro\/wp-content\/uploads\/2025\/06\/torma_adrian-620x400.jpg\" class=\"attachment-post-thumb size-post-thumb wp-post-image\" alt=\"torma adrian\"><\/div>\n<div class=\"qjufn6a94ae6daa84f\"><a href=\"https:\/\/www.facebook.com\/profile.php?id=100093207818602\" target=\"_blank\" title=\"Stiri Timisoara Resita publicitate online\" rel=\"noopener noreferrer sponsored ugc\"><img loading=\"lazy\" decoding=\"async\" class=\"size-full wp-image-843025 perfmatters-lazy\" src=\"https:\/\/cdn.expressdebanat.ro\/wp-content\/uploads\/2024\/07\/WhatsApp-Image-2024-07-05-at-14.36.18.jpeg\" alt=\"stiri Timisoara si Resita dacus 05 iulie 2024\" width=\"1000\" height=\"100\"><img loading=\"lazy\" decoding=\"async\" class=\"size-full wp-image-843025\" src=\"https:\/\/cdn.expressdebanat.ro\/wp-content\/uploads\/2024\/07\/WhatsApp-Image-2024-07-05-at-14.36.18.jpeg\" alt=\"stiri Timisoara si Resita dacus 05 iulie 2024\" width=\"1000\" height=\"100\"><\/a><a href=\"https:\/\/www.facebook.com\/clinicavestmed\"><img loading=\"lazy\" decoding=\"async\" class=\"size-full wp-image-961300 perfmatters-lazy\" src=\"https:\/\/cdn.expressdebanat.ro\/wp-content\/uploads\/2026\/02\/WhatsApp-Image-2026-02-03-at-11.55.13.jpeg\" alt=\"vestmed 1000x200\" width=\"1000\" height=\"200\"><img loading=\"lazy\" decoding=\"async\" class=\"size-full wp-image-961300\" src=\"https:\/\/cdn.expressdebanat.ro\/wp-content\/uploads\/2026\/02\/WhatsApp-Image-2026-02-03-at-11.55.13.jpeg\" alt=\"vestmed 1000x200\" width=\"1000\" height=\"200\"><\/a><\/div>\n<p><strong>Investi\u021bia companiei turce\u0219ti Cuprumold Mining, parte a Eti Bakir, la Moldova Nou\u0103 face pa\u0219i concre\u021bi, \u00een ciuda anilor trecu\u021bi de la preluare. <\/strong><\/p>\n<p>Primarul Adrian Torma spune c\u0103 investitorii \u00ee\u0219i men\u021bin angajamentul serios fa\u021b\u0103 de redeschiderea activit\u0103\u021bii \u00een zon\u0103, \u00een prezent lucr\u00e2ndu-se la documenta\u021biile necesare \u00eenceperii efective a exploat\u0103rii:<\/p>\n<p><em>\u201eTurcii au cerut primul certificat de urbanism, au venit \u0219i cu al doilea pentru anumite aviz\u0103ri. Au pl\u0103tit ni\u0219te sume destul de serioase pentru acele avize, \u00een acela\u0219i timp au f\u0103cut c\u00e2teva foraje \u00een anumite zone unde este z\u0103c\u0103m\u00e2ntul, \u021bin constant leg\u0103tura cu ei, ei spun c\u0103 ei sunt foarte serio\u0219i, sper\u0103 s\u0103 nu mai apar\u0103 modific\u0103ri geopolitice sau de legisla\u021bie \u00een Rom\u00e2nia, \u0219tiu c\u0103 au mers \u0219i la Guvernul Rom\u00e2niei, la mini\u0219tri\u2026 dar au g\u0103sit deschidere \u0219i \u00een\u021belegere\u201d<\/em>, a declarat primarul Adrian Torma.<\/p>\n<div class=\"ofury6a94ae6daa8ad\"><img loading=\"lazy\" decoding=\"async\" class=\"size-full wp-image-947090 perfmatters-lazy\" src=\"https:\/\/cdn.expressdebanat.ro\/wp-content\/uploads\/2025\/10\/banner-1164-x-200-px.jpg\" alt=\"banner 1164 x 200 px\" width=\"1000\" height=\"171\"><img loading=\"lazy\" decoding=\"async\" class=\"size-full wp-image-947090\" src=\"https:\/\/cdn.expressdebanat.ro\/wp-content\/uploads\/2025\/10\/banner-1164-x-200-px.jpg\" alt=\"banner 1164 x 200 px\" width=\"1000\" height=\"171\"><\/div>\n<p>Chiar dac\u0103 ritmul este influen\u021bat de proceduri \u0219i contextul general, conducerea ora\u0219ului prive\u0219te spre viitor cu speran\u021b\u0103. Primarul subliniaz\u0103 c\u0103 finalizarea acestui proiect este vital\u0103 pentru comunitate, obiectivul principal fiind crearea de locuri de munc\u0103 pentru a opri plecarea tinerilor din ora\u0219:<\/p>\n<p><em>\u201eOpinia mea este c\u0103 mai devreme sau mai t\u00e2rziu se va \u00eent\u00e2mpla. Evident, noi ne dorim c\u00e2t mai rapid, pentru c\u0103 ne dorim s\u0103 men\u021binem tinerii acas\u0103 \u0219i s\u0103 nu ajungem \u00een situa\u021bie critic\u0103 \u00een care vor veni locuri de munc\u0103 \u0219i nu o s\u0103 mai fie tineri care s\u0103 munceasc\u0103\u201d<\/em>, a conchis edilul.<\/p>\n<\/div>\n<p>[analyse_source url=&#8221;https:\/\/expressdebanat.ro\/turcii-de-la-eti-bakir-penetreaza-mai-greu-legislatia-decat-zacamintele-de-cupru-de-la-moldova-noua\/&#8221;]<\/p>\n","protected":false},"excerpt":{"rendered":"<p>[analyse_image type=&#8221;featured&#8221; src=&#8221;https:\/\/cdn.expressdebanat.ro\/wp-content\/uploads\/2025\/06\/torma_adrian.jpg&#8221;] Investi\u021bia companiei turce\u0219ti Cuprumold Mining, parte a Eti Bakir, la Moldova Nou\u0103 face pa\u0219i concre\u021bi, \u00een ciuda anilor trecu\u021bi de la preluare. Primarul Adrian Torma spune c\u0103 investitorii \u00ee\u0219i men\u021bin angajamentul serios fa\u021b\u0103 de redeschiderea activit\u0103\u021bii \u00een zon\u0103, \u00een prezent lucr\u00e2ndu-se la documenta\u021biile necesare \u00eenceperii efective a exploat\u0103rii: \u201eTurcii au cerut primul [&hellip;]<\/p>\n","protected":false},"author":1,"featured_media":0,"comment_status":"open","ping_status":"","sticky":false,"template":"","format":"standard","meta":{"footnotes":""},"categories":[89],"tags":[226,196],"class_list":["post-2119901","post","type-post","status-publish","format-standard","hentry","category-romania","tag-crawlmanager","tag-expressdebanat-ro"],"_links":{"self":[{"href":"https:\/\/analyse.optim.biz\/index.php?rest_route=\/wp\/v2\/posts\/2119901","targetHints":{"allow":["GET"]}}],"collection":[{"href":"https:\/\/analyse.optim.biz\/index.php?rest_route=\/wp\/v2\/posts"}],"about":[{"href":"https:\/\/analyse.optim.biz\/index.php?rest_route=\/wp\/v2\/types\/post"}],"author":[{"embeddable":true,"href":"https:\/\/analyse.optim.biz\/index.php?rest_route=\/wp\/v2\/users\/1"}],"replies":[{"embeddable":true,"href":"https:\/\/analyse.optim.biz\/index.php?rest_route=%2Fwp%2Fv2%2Fcomments&post=2119901"}],"version-history":[{"count":0,"href":"https:\/\/analyse.optim.biz\/index.php?rest_route=\/wp\/v2\/posts\/2119901\/revisions"}],"wp:attachment":[{"href":"https:\/\/analyse.optim.biz\/index.php?rest_route=%2Fwp%2Fv2%2Fmedia&parent=2119901"}],"wp:term":[{"taxonomy":"category","embeddable":true,"href":"https:\/\/analyse.optim.biz\/index.php?rest_route=%2Fwp%2Fv2%2Fcategories&post=2119901"},{"taxonomy":"post_tag","embeddable":true,"href":"https:\/\/analyse.optim.biz\/index.php?rest_route=%2Fwp%2Fv2%2Ftags&post=2119901"}],"curies":[{"name":"wp","href":"https:\/\/api.w.org\/{rel}","templated":true}]}}