{"id":2119900,"date":"2026-08-26T10:07:57","date_gmt":"2026-08-26T07:07:57","guid":{"rendered":"https:\/\/analyse.optim.biz\/?p=2119900"},"modified":"2026-08-26T10:07:57","modified_gmt":"2026-08-26T07:07:57","slug":"presedinta-renew-europe-spune-ca-psd-si-aur-au-responsabilitatea-de-a-respinge-legea-ani","status":"publish","type":"post","link":"https:\/\/analyse.optim.biz\/?p=2119900","title":{"rendered":"Pre\u0219edinta Renew Europe spune c\u0103 \u201ePSD \u0219i AUR au responsabilitatea de a respinge legea ANI\u201d"},"content":{"rendered":"<p>[analyse_image type=&#8221;featured&#8221; src=&#8221;https:\/\/cdn.expressdebanat.ro\/wp-content\/uploads\/2026\/08\/eu.jpg&#8221;]<\/p>\n<div id=\"post-area\" class=\"post-981748 post type-post status-publish format-standard has-post-thumbnail hentry category-arad category-caras category-hunedoara category-national category-timis\">\n<div id=\"social-box\">\n<ul class=\"post-social\">\n<li class=\"social-share-button\">\n<li class=\"social-share-button\">\n<li class=\"social-share-button\"><\/ul>\n<\/div>\n<div id=\"content-area\">\n<div class=\"post-image\"><img loading=\"lazy\" decoding=\"async\" width=\"620\" height=\"400\" src=\"https:\/\/cdn.expressdebanat.ro\/wp-content\/uploads\/2026\/08\/eu-620x400.jpg\" class=\"attachment-post-thumb size-post-thumb wp-post-image perfmatters-lazy\" alt=\"eu\"><img loading=\"lazy\" decoding=\"async\" width=\"620\" height=\"400\" src=\"https:\/\/cdn.expressdebanat.ro\/wp-content\/uploads\/2026\/08\/eu-620x400.jpg\" class=\"attachment-post-thumb size-post-thumb wp-post-image\" alt=\"eu\"><\/div>\n<p><strong>Pre\u0219edinta Renew Europe, Val\u00e9rie Hayer, cere Senatului s\u0103 resping\u0103 \u201eamendamentul Fritz\u201d, avertiz\u00e2nd c\u0103, \u00een caz contrar, Rom\u00e2nia risc\u0103 s\u0103 piard\u0103 770 de milioane de euro din PNRR.<\/strong><\/p>\n<p>Pre\u0219edinta Renew Europe, Val\u00e9rie Hayer, a declarat miercuri c\u0103 Senatul Rom\u00e2niei are responsabilitatea de a respinge legea ANI \u00een forma care include amendamentul ce \u00eel vizeaz\u0103 pe primarul Timi\u0219oarei, Dominic Fritz. \u00cen caz contrar, sus\u021bine lidera Renew Europe, fondurile aferente din PNRR nu ar trebui virate.<\/p>\n<p><em>\u201eSenatul Rom\u00e2niei, \u00een special PSD \u0219i AUR, au responsabilitatea de a respinge legea ANI cu amendamentul antidemocratic care \u00eel vizeaz\u0103 pe primarul Timi\u0219oarei, Dominic Fritz. \u00cen caz contrar, fondurile aderente din PNRR nu ar trebui virate. UE nu are voie s\u0103 finan\u021beze vendete politice, care contravin tuturor standardelor \u0219i valorilor europene\u201d<\/em>, a sus\u021binut Val\u00e9rie Hayer \u00eentr-o postare pe X.<\/p>\n<p>Val\u00e9rie Hayer a mai precizat \u0219i c\u0103 \u201eUSR a depus o variant\u0103 cu adev\u0103rat european\u0103 a legii de reform\u0103 ANI care \u00eentrune\u0219te condi\u021biile de \u00eendeplinire a jalonului PNRR\u201d.<\/p>\n<p>Declara\u021biile vin dup\u0103 ce Partidul Popular European (PPE) \u0219i Renew Europe i-au cerut pre\u0219edintei Comisiei Europene, Ursula von der Leyen, s\u0103 blocheze cei 770 de milioane de euro din PNRR destina\u021bi Rom\u00e2niei, invoc\u00e2nd probleme legate de statul de drept, potrivit unei scrisori publicate de POLITICO.<\/p>\n<p>Cei doi lideri europeni sus\u021bin c\u0103 acordarea tran\u0219ei de 770 de milioane de euro ar putea afecta statul de drept, \u00een contextul modific\u0103rilor aduse Legii integrit\u0103\u021bii. Manfred Weber \u0219i Val\u00e9rie Hayer i-au cerut Ursulei von der Leyen \u201es\u0103 clarifice f\u0103r\u0103 echivoc\u201d c\u0103 fondurile europene nu vor fi acordate dac\u0103 Rom\u00e2nia continu\u0103 modificarea legii.<\/p>\n<p>Ulterior, premierul Ilie Bolojan a declarat mar\u021bi sear\u0103, la Digi24, c\u0103 legea integrit\u0103\u021bii trebuie votat\u0103 chiar \u0219i \u00een forma care con\u021bine \u201eamendamentul Fritz\u201d, pentru ca Rom\u00e2nia s\u0103 poat\u0103 \u00eendeplini jalonul din PNRR. \u201eApoi vom \u00eencerca s\u0103 elimin\u0103m amendamentul\u201d, a spus premierul.<\/p>\n<p>\u00cen acela\u0219i timp, Petri\u0219or Peiu, liderul senatorilor AUR, a anun\u021bat mar\u021bi sear\u0103 pentru G4Media c\u0103 nu va participa miercuri la votul din Senat asupra legii integrit\u0103\u021bii care include \u201eamendamentul Fritz\u201d, introdus de PSD cu sprijinul AUR. Amendamentul ar putea duce la pierderea mandatului de primar al lui Dominic Fritz.<\/p>\n<\/div>\n<div id=\"social-box\">\n<ul class=\"post-social\">\n<li class=\"fb-line\">\n<li><a href=\"http:\/\/twitter.com\/share\" class=\"twitter-share-button\" data-lang=\"en\" data-count=\"horizontal\">Tweet<\/a><\/li>\n<li>\n<li><a href=\"http:\/\/pinterest.com\/pin\/create\/button\/?url=https%3A%2F%2Fexpressdebanat.ro%2Fpresedinta-renew-europe-spune-ca-psd-si-aur-au-responsabilitatea-de-a-respinge-legea-ani%2F&amp;media=https:\/\/cdn.expressdebanat.ro\/wp-content\/uploads\/2026\/08\/eu.jpg&amp;description=Pre%C8%99edinta%20Renew%20Europe%20spune%20c%C4%83%20%E2%80%9EPSD%20%C8%99i%20AUR%20au%20responsabilitatea%20de%20a%20respinge%20legea%20ANI%E2%80%9D\" class=\"pin-it-button\">Pin It<\/a><\/li>\n<\/ul>\n<\/div>\n<\/div>\n<div id=\"content-area\">\n<div class=\"post-image\"><img loading=\"lazy\" decoding=\"async\" width=\"620\" height=\"400\" src=\"https:\/\/cdn.expressdebanat.ro\/wp-content\/uploads\/2026\/08\/eu-620x400.jpg\" class=\"attachment-post-thumb size-post-thumb wp-post-image perfmatters-lazy\" alt=\"eu\"><img loading=\"lazy\" decoding=\"async\" width=\"620\" height=\"400\" src=\"https:\/\/cdn.expressdebanat.ro\/wp-content\/uploads\/2026\/08\/eu-620x400.jpg\" class=\"attachment-post-thumb size-post-thumb wp-post-image\" alt=\"eu\"><\/div>\n<p><strong>Pre\u0219edinta Renew Europe, Val\u00e9rie Hayer, cere Senatului s\u0103 resping\u0103 \u201eamendamentul Fritz\u201d, avertiz\u00e2nd c\u0103, \u00een caz contrar, Rom\u00e2nia risc\u0103 s\u0103 piard\u0103 770 de milioane de euro din PNRR.<\/strong><\/p>\n<p>Pre\u0219edinta Renew Europe, Val\u00e9rie Hayer, a declarat miercuri c\u0103 Senatul Rom\u00e2niei are responsabilitatea de a respinge legea ANI \u00een forma care include amendamentul ce \u00eel vizeaz\u0103 pe primarul Timi\u0219oarei, Dominic Fritz. \u00cen caz contrar, sus\u021bine lidera Renew Europe, fondurile aferente din PNRR nu ar trebui virate.<\/p>\n<p><em>\u201eSenatul Rom\u00e2niei, \u00een special PSD \u0219i AUR, au responsabilitatea de a respinge legea ANI cu amendamentul antidemocratic care \u00eel vizeaz\u0103 pe primarul Timi\u0219oarei, Dominic Fritz. \u00cen caz contrar, fondurile aderente din PNRR nu ar trebui virate. UE nu are voie s\u0103 finan\u021beze vendete politice, care contravin tuturor standardelor \u0219i valorilor europene\u201d<\/em>, a sus\u021binut Val\u00e9rie Hayer \u00eentr-o postare pe X.<\/p>\n<p>Val\u00e9rie Hayer a mai precizat \u0219i c\u0103 \u201eUSR a depus o variant\u0103 cu adev\u0103rat european\u0103 a legii de reform\u0103 ANI care \u00eentrune\u0219te condi\u021biile de \u00eendeplinire a jalonului PNRR\u201d.<\/p>\n<p>Declara\u021biile vin dup\u0103 ce Partidul Popular European (PPE) \u0219i Renew Europe i-au cerut pre\u0219edintei Comisiei Europene, Ursula von der Leyen, s\u0103 blocheze cei 770 de milioane de euro din PNRR destina\u021bi Rom\u00e2niei, invoc\u00e2nd probleme legate de statul de drept, potrivit unei scrisori publicate de POLITICO.<\/p>\n<p>Cei doi lideri europeni sus\u021bin c\u0103 acordarea tran\u0219ei de 770 de milioane de euro ar putea afecta statul de drept, \u00een contextul modific\u0103rilor aduse Legii integrit\u0103\u021bii. Manfred Weber \u0219i Val\u00e9rie Hayer i-au cerut Ursulei von der Leyen \u201es\u0103 clarifice f\u0103r\u0103 echivoc\u201d c\u0103 fondurile europene nu vor fi acordate dac\u0103 Rom\u00e2nia continu\u0103 modificarea legii.<\/p>\n<p>Ulterior, premierul Ilie Bolojan a declarat mar\u021bi sear\u0103, la Digi24, c\u0103 legea integrit\u0103\u021bii trebuie votat\u0103 chiar \u0219i \u00een forma care con\u021bine \u201eamendamentul Fritz\u201d, pentru ca Rom\u00e2nia s\u0103 poat\u0103 \u00eendeplini jalonul din PNRR. \u201eApoi vom \u00eencerca s\u0103 elimin\u0103m amendamentul\u201d, a spus premierul.<\/p>\n<p>\u00cen acela\u0219i timp, Petri\u0219or Peiu, liderul senatorilor AUR, a anun\u021bat mar\u021bi sear\u0103 pentru G4Media c\u0103 nu va participa miercuri la votul din Senat asupra legii integrit\u0103\u021bii care include \u201eamendamentul Fritz\u201d, introdus de PSD cu sprijinul AUR. Amendamentul ar putea duce la pierderea mandatului de primar al lui Dominic Fritz.<\/p>\n<\/div>\n<p>[analyse_source url=&#8221;https:\/\/expressdebanat.ro\/presedinta-renew-europe-spune-ca-psd-si-aur-au-responsabilitatea-de-a-respinge-legea-ani\/&#8221;]<\/p>\n","protected":false},"excerpt":{"rendered":"<p>[analyse_image type=&#8221;featured&#8221; src=&#8221;https:\/\/cdn.expressdebanat.ro\/wp-content\/uploads\/2026\/08\/eu.jpg&#8221;] Pre\u0219edinta Renew Europe, Val\u00e9rie Hayer, cere Senatului s\u0103 resping\u0103 \u201eamendamentul Fritz\u201d, avertiz\u00e2nd c\u0103, \u00een caz contrar, Rom\u00e2nia risc\u0103 s\u0103 piard\u0103 770 de milioane de euro din PNRR. Pre\u0219edinta Renew Europe, Val\u00e9rie Hayer, a declarat miercuri c\u0103 Senatul Rom\u00e2niei are responsabilitatea de a respinge legea ANI \u00een forma care include amendamentul ce \u00eel [&hellip;]<\/p>\n","protected":false},"author":1,"featured_media":0,"comment_status":"open","ping_status":"","sticky":false,"template":"","format":"standard","meta":{"footnotes":""},"categories":[89],"tags":[226,196],"class_list":["post-2119900","post","type-post","status-publish","format-standard","hentry","category-romania","tag-crawlmanager","tag-expressdebanat-ro"],"_links":{"self":[{"href":"https:\/\/analyse.optim.biz\/index.php?rest_route=\/wp\/v2\/posts\/2119900","targetHints":{"allow":["GET"]}}],"collection":[{"href":"https:\/\/analyse.optim.biz\/index.php?rest_route=\/wp\/v2\/posts"}],"about":[{"href":"https:\/\/analyse.optim.biz\/index.php?rest_route=\/wp\/v2\/types\/post"}],"author":[{"embeddable":true,"href":"https:\/\/analyse.optim.biz\/index.php?rest_route=\/wp\/v2\/users\/1"}],"replies":[{"embeddable":true,"href":"https:\/\/analyse.optim.biz\/index.php?rest_route=%2Fwp%2Fv2%2Fcomments&post=2119900"}],"version-history":[{"count":0,"href":"https:\/\/analyse.optim.biz\/index.php?rest_route=\/wp\/v2\/posts\/2119900\/revisions"}],"wp:attachment":[{"href":"https:\/\/analyse.optim.biz\/index.php?rest_route=%2Fwp%2Fv2%2Fmedia&parent=2119900"}],"wp:term":[{"taxonomy":"category","embeddable":true,"href":"https:\/\/analyse.optim.biz\/index.php?rest_route=%2Fwp%2Fv2%2Fcategories&post=2119900"},{"taxonomy":"post_tag","embeddable":true,"href":"https:\/\/analyse.optim.biz\/index.php?rest_route=%2Fwp%2Fv2%2Ftags&post=2119900"}],"curies":[{"name":"wp","href":"https:\/\/api.w.org\/{rel}","templated":true}]}}