{"id":2119899,"date":"2026-08-26T08:49:12","date_gmt":"2026-08-26T05:49:12","guid":{"rendered":"https:\/\/analyse.optim.biz\/?p=2119899"},"modified":"2026-08-26T08:49:12","modified_gmt":"2026-08-26T05:49:12","slug":"anunt-oprire-apa-in-otelu-rosu-avarie-26-08-2026-str-progresului","status":"publish","type":"post","link":"https:\/\/analyse.optim.biz\/?p=2119899","title":{"rendered":"ANUN\u021a OPRIRE AP\u0102 \u00een O\u021belu Ro\u0219u \u2013 avarie \u2013\u00a026.08.2026\u00a0\u2013 str. Progresului"},"content":{"rendered":"<p>[analyse_image type=&#8221;featured&#8221; src=&#8221;https:\/\/cdn.expressdebanat.ro\/wp-content\/uploads\/2023\/10\/se-opreste-apa.jpg&#8221;]<\/p>\n<div id=\"post-area\" class=\"post-981738 post type-post status-publish format-standard has-post-thumbnail hentry category-caras category-otelu-rosu-2 category-utile tag-anunt-oprire-apa tag-oprire-apa-otelu-rosu\">\n<div id=\"social-box\">\n<ul class=\"post-social\">\n<li class=\"social-share-button\">\n<li class=\"social-share-button\">\n<li class=\"social-share-button\"><\/ul>\n<\/div>\n<div id=\"content-area\">\n<div class=\"post-image\"><img loading=\"lazy\" decoding=\"async\" width=\"619\" height=\"400\" src=\"https:\/\/cdn.expressdebanat.ro\/wp-content\/uploads\/2023\/10\/se-opreste-apa-619x400.jpg\" class=\"attachment-post-thumb size-post-thumb wp-post-image perfmatters-lazy\" alt=\"anunt public oprire apa in Resita\"><img loading=\"lazy\" decoding=\"async\" width=\"619\" height=\"400\" src=\"https:\/\/cdn.expressdebanat.ro\/wp-content\/uploads\/2023\/10\/se-opreste-apa-619x400.jpg\" class=\"attachment-post-thumb size-post-thumb wp-post-image\" alt=\"anunt public oprire apa in Resita\"><\/div>\n<div class=\"blibd6a94a0a3de848\"><img loading=\"lazy\" decoding=\"async\" class=\"size-full wp-image-947090 perfmatters-lazy\" src=\"https:\/\/cdn.expressdebanat.ro\/wp-content\/uploads\/2025\/10\/banner-1164-x-200-px.jpg\" alt=\"banner 1164 x 200 px\" width=\"1000\" height=\"171\"><img loading=\"lazy\" decoding=\"async\" class=\"size-full wp-image-947090\" src=\"https:\/\/cdn.expressdebanat.ro\/wp-content\/uploads\/2025\/10\/banner-1164-x-200-px.jpg\" alt=\"banner 1164 x 200 px\" width=\"1000\" height=\"171\"><\/div>\n<p>ANUN\u021a OPRIRE AP\u0102 \u00een O\u021belu Ro\u0219u \u2013 avarie \u2013\u00a026.08.2026\u00a0\u2013 str. Progresului<br \/>\n\u2013 interval orar 11:40-13:40<\/p>\n<p>\u00cen vederea remedierii unei avarii ap\u0103rute spontan la re\u021beaua de ap\u0103,<br \/>\nsuntem nevoi\u021bi s\u0103 \u00eentrerupem furnizarea apei potabile \u00een data de<br \/>\n26.08.2026<br \/>\nde la ora 11:40 la ora 13:40<br \/>\nVor fi afecta\u021bi consumatorii de pe str. Progresului.<\/p>\n<p>Ne cerem scuze consumatorilor afecta\u021bi, de aceast\u0103 oprire. La reluarea<br \/>\nserviciului de alimentare cu ap\u0103 potabil\u0103, este posibil s\u0103 apar\u0103 ap\u0103<br \/>\ntulbure la robinetele consumatorilor din zona men\u0163ionat\u0103. Dac\u0103 situa\u0163ia<br \/>\npersist\u0103 v\u0103 rug\u0103m s\u0103 contacta\u021bi Dispeceratul Central al SC AQUACARA\u0218 SA<br \/>\nla tel. 0255\/215643 \u0219i 0766341274 sau Punctul de Lucru O\u021belu Ro\u0219u la nr.<br \/>\nde telefon: 0255\/530201<br \/>\nMul\u0163umim cet\u0103\u0163enilor pentru \u00een\u0163elegere<\/p>\n<p>CONDUCEREA SC AQUACARA\u0218 SA<\/p>\n<div class=\"qoarj6a94a0a3de87b\"><a href=\"https:\/\/www.brantner.com\/en\/group\/international-locations\/romania\/brantner-servicii-ecoogice-srl-resita.html\" title=\"Stiri Timisoara si Resita publicitate online\" target=\"_blank\" rel=\"noopener noreferrer ugc sponsored\"><img loading=\"lazy\" decoding=\"async\" class=\"size-full wp-image-804798 perfmatters-lazy\" src=\"https:\/\/cdn.expressdebanat.ro\/wp-content\/uploads\/2024\/02\/WhatsApp-Image-2024-02-05-at-11.32.01.jpeg\" alt=\"Stiri Timisoara si Resita publicitate online Brantner 1000x100px\" width=\"970\" height=\"90\"><img loading=\"lazy\" decoding=\"async\" class=\"size-full wp-image-804798\" src=\"https:\/\/cdn.expressdebanat.ro\/wp-content\/uploads\/2024\/02\/WhatsApp-Image-2024-02-05-at-11.32.01.jpeg\" alt=\"Stiri Timisoara si Resita publicitate online Brantner 1000x100px\" width=\"970\" height=\"90\"><\/a><\/div>\n<\/div>\n<div id=\"social-box\">\n<ul class=\"post-social\">\n<li class=\"fb-line\">\n<li><a href=\"http:\/\/twitter.com\/share\" class=\"twitter-share-button\" data-lang=\"en\" data-count=\"horizontal\">Tweet<\/a><\/li>\n<li>\n<li><a href=\"http:\/\/pinterest.com\/pin\/create\/button\/?url=https%3A%2F%2Fexpressdebanat.ro%2Fanunt-oprire-apa-in-otelu-rosu-avarie-26-08-2026-str-progresului%2F&amp;media=https:\/\/cdn.expressdebanat.ro\/wp-content\/uploads\/2023\/10\/se-opreste-apa.jpg&amp;description=ANUN%C8%9A%20OPRIRE%20AP%C4%82%20%C3%AEn%20O%C8%9Belu%20Ro%C8%99u%20%E2%80%93%20avarie%20%E2%80%93%C2%A026.08.2026%C2%A0%E2%80%93%20str.%20Progresului\" class=\"pin-it-button\">Pin It<\/a><\/li>\n<\/ul>\n<\/div>\n<\/div>\n<div id=\"content-area\">\n<div class=\"post-image\"><img loading=\"lazy\" decoding=\"async\" width=\"619\" height=\"400\" src=\"https:\/\/cdn.expressdebanat.ro\/wp-content\/uploads\/2023\/10\/se-opreste-apa-619x400.jpg\" class=\"attachment-post-thumb size-post-thumb wp-post-image perfmatters-lazy\" alt=\"anunt public oprire apa in Resita\"><img loading=\"lazy\" decoding=\"async\" width=\"619\" height=\"400\" src=\"https:\/\/cdn.expressdebanat.ro\/wp-content\/uploads\/2023\/10\/se-opreste-apa-619x400.jpg\" class=\"attachment-post-thumb size-post-thumb wp-post-image\" alt=\"anunt public oprire apa in Resita\"><\/div>\n<div class=\"blibd6a94a0a3de848\"><img loading=\"lazy\" decoding=\"async\" class=\"size-full wp-image-947090 perfmatters-lazy\" src=\"https:\/\/cdn.expressdebanat.ro\/wp-content\/uploads\/2025\/10\/banner-1164-x-200-px.jpg\" alt=\"banner 1164 x 200 px\" width=\"1000\" height=\"171\"><img loading=\"lazy\" decoding=\"async\" class=\"size-full wp-image-947090\" src=\"https:\/\/cdn.expressdebanat.ro\/wp-content\/uploads\/2025\/10\/banner-1164-x-200-px.jpg\" alt=\"banner 1164 x 200 px\" width=\"1000\" height=\"171\"><\/div>\n<p>ANUN\u021a OPRIRE AP\u0102 \u00een O\u021belu Ro\u0219u \u2013 avarie \u2013\u00a026.08.2026\u00a0\u2013 str. Progresului<br \/>\n\u2013 interval orar 11:40-13:40<\/p>\n<p>\u00cen vederea remedierii unei avarii ap\u0103rute spontan la re\u021beaua de ap\u0103,<br \/>\nsuntem nevoi\u021bi s\u0103 \u00eentrerupem furnizarea apei potabile \u00een data de<br \/>\n26.08.2026<br \/>\nde la ora 11:40 la ora 13:40<br \/>\nVor fi afecta\u021bi consumatorii de pe str. Progresului.<\/p>\n<p>Ne cerem scuze consumatorilor afecta\u021bi, de aceast\u0103 oprire. La reluarea<br \/>\nserviciului de alimentare cu ap\u0103 potabil\u0103, este posibil s\u0103 apar\u0103 ap\u0103<br \/>\ntulbure la robinetele consumatorilor din zona men\u0163ionat\u0103. Dac\u0103 situa\u0163ia<br \/>\npersist\u0103 v\u0103 rug\u0103m s\u0103 contacta\u021bi Dispeceratul Central al SC AQUACARA\u0218 SA<br \/>\nla tel. 0255\/215643 \u0219i 0766341274 sau Punctul de Lucru O\u021belu Ro\u0219u la nr.<br \/>\nde telefon: 0255\/530201<br \/>\nMul\u0163umim cet\u0103\u0163enilor pentru \u00een\u0163elegere<\/p>\n<p>CONDUCEREA SC AQUACARA\u0218 SA<\/p>\n<div class=\"qoarj6a94a0a3de87b\"><a href=\"https:\/\/www.brantner.com\/en\/group\/international-locations\/romania\/brantner-servicii-ecoogice-srl-resita.html\" title=\"Stiri Timisoara si Resita publicitate online\" target=\"_blank\" rel=\"noopener noreferrer ugc sponsored\"><img loading=\"lazy\" decoding=\"async\" class=\"size-full wp-image-804798 perfmatters-lazy\" src=\"https:\/\/cdn.expressdebanat.ro\/wp-content\/uploads\/2024\/02\/WhatsApp-Image-2024-02-05-at-11.32.01.jpeg\" alt=\"Stiri Timisoara si Resita publicitate online Brantner 1000x100px\" width=\"970\" height=\"90\"><img loading=\"lazy\" decoding=\"async\" class=\"size-full wp-image-804798\" src=\"https:\/\/cdn.expressdebanat.ro\/wp-content\/uploads\/2024\/02\/WhatsApp-Image-2024-02-05-at-11.32.01.jpeg\" alt=\"Stiri Timisoara si Resita publicitate online Brantner 1000x100px\" width=\"970\" height=\"90\"><\/a><\/div>\n<\/div>\n<p>[analyse_source url=&#8221;https:\/\/expressdebanat.ro\/anunt-oprire-apa-in-otelu-rosu-avarie-26-08-2026-str-progresului\/&#8221;]<\/p>\n","protected":false},"excerpt":{"rendered":"<p>[analyse_image type=&#8221;featured&#8221; src=&#8221;https:\/\/cdn.expressdebanat.ro\/wp-content\/uploads\/2023\/10\/se-opreste-apa.jpg&#8221;] ANUN\u021a OPRIRE AP\u0102 \u00een O\u021belu Ro\u0219u \u2013 avarie \u2013\u00a026.08.2026\u00a0\u2013 str. Progresului \u2013 interval orar 11:40-13:40 \u00cen vederea remedierii unei avarii ap\u0103rute spontan la re\u021beaua de ap\u0103, suntem nevoi\u021bi s\u0103 \u00eentrerupem furnizarea apei potabile \u00een data de 26.08.2026 de la ora 11:40 la ora 13:40 Vor fi afecta\u021bi consumatorii de pe str. Progresului. [&hellip;]<\/p>\n","protected":false},"author":1,"featured_media":0,"comment_status":"open","ping_status":"","sticky":false,"template":"","format":"standard","meta":{"footnotes":""},"categories":[89],"tags":[226,196],"class_list":["post-2119899","post","type-post","status-publish","format-standard","hentry","category-romania","tag-crawlmanager","tag-expressdebanat-ro"],"_links":{"self":[{"href":"https:\/\/analyse.optim.biz\/index.php?rest_route=\/wp\/v2\/posts\/2119899","targetHints":{"allow":["GET"]}}],"collection":[{"href":"https:\/\/analyse.optim.biz\/index.php?rest_route=\/wp\/v2\/posts"}],"about":[{"href":"https:\/\/analyse.optim.biz\/index.php?rest_route=\/wp\/v2\/types\/post"}],"author":[{"embeddable":true,"href":"https:\/\/analyse.optim.biz\/index.php?rest_route=\/wp\/v2\/users\/1"}],"replies":[{"embeddable":true,"href":"https:\/\/analyse.optim.biz\/index.php?rest_route=%2Fwp%2Fv2%2Fcomments&post=2119899"}],"version-history":[{"count":0,"href":"https:\/\/analyse.optim.biz\/index.php?rest_route=\/wp\/v2\/posts\/2119899\/revisions"}],"wp:attachment":[{"href":"https:\/\/analyse.optim.biz\/index.php?rest_route=%2Fwp%2Fv2%2Fmedia&parent=2119899"}],"wp:term":[{"taxonomy":"category","embeddable":true,"href":"https:\/\/analyse.optim.biz\/index.php?rest_route=%2Fwp%2Fv2%2Fcategories&post=2119899"},{"taxonomy":"post_tag","embeddable":true,"href":"https:\/\/analyse.optim.biz\/index.php?rest_route=%2Fwp%2Fv2%2Ftags&post=2119899"}],"curies":[{"name":"wp","href":"https:\/\/api.w.org\/{rel}","templated":true}]}}