{"id":2119898,"date":"2026-08-26T07:13:51","date_gmt":"2026-08-26T04:13:51","guid":{"rendered":"https:\/\/analyse.optim.biz\/?p=2119898"},"modified":"2026-08-26T07:13:51","modified_gmt":"2026-08-26T04:13:51","slug":"anunt-oprire-apa-in-oravita-26-08-2026-avarie-str-andrei-saguna-str-cimitirului-si-str-eftimie-murgu-partial","status":"publish","type":"post","link":"https:\/\/analyse.optim.biz\/?p=2119898","title":{"rendered":"ANUN\u0162 OPRIRE AP\u0102 \u00een ORAVI\u021aA \u2013\u00a026.08.2026\u00a0\u2013 avarie \u2013 str. Andrei \u0218aguna, str. Cimitirului \u0219i str. Eftimie Murgu (par\u021bial)"},"content":{"rendered":"<p>[analyse_image type=&#8221;featured&#8221; src=&#8221;https:\/\/cdn.expressdebanat.ro\/wp-content\/uploads\/2023\/10\/se-opreste-apa.jpg&#8221;]<\/p>\n<div id=\"post-area\" class=\"post-981711 post type-post status-publish format-standard has-post-thumbnail hentry category-caras category-oravita category-utile tag-anunt-oprire-apa tag-anunt-oprire-apa-oravita\">\n<div id=\"social-box\">\n<ul class=\"post-social\">\n<li class=\"social-share-button\">\n<li class=\"social-share-button\">\n<li class=\"social-share-button\"><\/ul>\n<\/div>\n<div id=\"content-area\">\n<div class=\"post-image\"><img loading=\"lazy\" decoding=\"async\" width=\"619\" height=\"400\" src=\"https:\/\/cdn.expressdebanat.ro\/wp-content\/uploads\/2023\/10\/se-opreste-apa-619x400.jpg\" class=\"attachment-post-thumb size-post-thumb wp-post-image perfmatters-lazy\" alt=\"anunt public oprire apa in Resita\"><img loading=\"lazy\" decoding=\"async\" width=\"619\" height=\"400\" src=\"https:\/\/cdn.expressdebanat.ro\/wp-content\/uploads\/2023\/10\/se-opreste-apa-619x400.jpg\" class=\"attachment-post-thumb size-post-thumb wp-post-image\" alt=\"anunt public oprire apa in Resita\"><\/div>\n<div class=\"vyrie6a941bf356248\"><img loading=\"lazy\" decoding=\"async\" class=\"size-full wp-image-947090 perfmatters-lazy\" src=\"https:\/\/cdn.expressdebanat.ro\/wp-content\/uploads\/2025\/10\/banner-1164-x-200-px.jpg\" alt=\"banner 1164 x 200 px\" width=\"1000\" height=\"171\"><img loading=\"lazy\" decoding=\"async\" class=\"size-full wp-image-947090\" src=\"https:\/\/cdn.expressdebanat.ro\/wp-content\/uploads\/2025\/10\/banner-1164-x-200-px.jpg\" alt=\"banner 1164 x 200 px\" width=\"1000\" height=\"171\"><\/div>\n<p>ANUN\u0162 OPRIRE AP\u0102 \u00een ORAVI\u021aA \u2013\u00a026.08.2026\u00a0\u2013 avarie \u2013 str. Andrei \u0218aguna,<br \/>\nstr. Cimitirului \u0219i str. Eftimie Murgu (par\u021bial) \u2013 interval orar 10:10<br \/>\np\u00e2n\u0103 la remediere<br \/>\n\u00cen vederea remedierii unei avarii ap\u0103rute spontan la conducta principal\u0103<br \/>\nde ap\u0103, suntem nevoi\u021bi s\u0103 \u00eentrerupem furnizarea apei potabile ast\u0103zi:<br \/>\n26.08.2026<br \/>\nDe la ora 10:10 p\u00e2n\u0103 la remediere<br \/>\nVor fi afecta\u021bi to\u021bi consumatorii de pe str. Andrei \u0218aguna, str.<br \/>\nCimitirului \u0219i str. Eftimie Murgu (par\u021bial).<br \/>\nLucrarea va fi executat\u0103 \u00een intervalul orar specificat de c\u0103tre<br \/>\npersonalul SC AQUACARA\u0218 S.A. \u2013 Punctul de Lucru Oravi\u021ba.<br \/>\nNe cerem scuze consumatorilor pentru disconfortul creat, de aceast\u0103<br \/>\noprire. La reluarea serviciului de alimentare cu ap\u0103 potabil\u0103, este<br \/>\nposibil s\u0103 apar\u0103 ap\u0103 tulbure la robinetele consumatorilor din zonele<br \/>\nmen\u0163ionate. Dac\u0103 situa\u0163ia persist\u0103 v\u0103 rug\u0103m s\u0103 contacta\u021bi AQUACARA\u0218 S.A.<br \/>\n\u2013 Dispecerat Central la numerele de telefon 0255-215643 sau 0766341274<br \/>\n\u0219i Punct de Lucru Oravi\u021ba \u2013 0255574235 sau 0787874444<br \/>\nMul\u0163umim cet\u0103\u0163enilor pentru \u00een\u0163elegere.<br \/>\nCONDUCEREA SC AQUACARA\u0218 SA<\/p>\n<div class=\"trils6a941bf35627c\"><a href=\"https:\/\/www.brantner.com\/en\/group\/international-locations\/romania\/brantner-servicii-ecoogice-srl-resita.html\" title=\"Stiri Timisoara si Resita publicitate online\" target=\"_blank\" rel=\"noopener noreferrer ugc sponsored\"><img loading=\"lazy\" decoding=\"async\" class=\"size-full wp-image-804798 perfmatters-lazy\" src=\"https:\/\/cdn.expressdebanat.ro\/wp-content\/uploads\/2024\/02\/WhatsApp-Image-2024-02-05-at-11.32.01.jpeg\" alt=\"Stiri Timisoara si Resita publicitate online Brantner 1000x100px\" width=\"970\" height=\"90\"><img loading=\"lazy\" decoding=\"async\" class=\"size-full wp-image-804798\" src=\"https:\/\/cdn.expressdebanat.ro\/wp-content\/uploads\/2024\/02\/WhatsApp-Image-2024-02-05-at-11.32.01.jpeg\" alt=\"Stiri Timisoara si Resita publicitate online Brantner 1000x100px\" width=\"970\" height=\"90\"><\/a><\/div>\n<\/div>\n<div id=\"social-box\">\n<ul class=\"post-social\">\n<li class=\"fb-line\">\n<li><a href=\"http:\/\/twitter.com\/share\" class=\"twitter-share-button\" data-lang=\"en\" data-count=\"horizontal\">Tweet<\/a><\/li>\n<li>\n<li><a href=\"http:\/\/pinterest.com\/pin\/create\/button\/?url=https%3A%2F%2Fexpressdebanat.ro%2Fanunt-oprire-apa-in-oravita-26-08-2026-avarie-str-andrei-saguna-str-cimitirului-si-str-eftimie-murgu-partial%2F&amp;media=https:\/\/cdn.expressdebanat.ro\/wp-content\/uploads\/2023\/10\/se-opreste-apa.jpg&amp;description=ANUN%C5%A2%20OPRIRE%20AP%C4%82%20%C3%AEn%20ORAVI%C8%9AA%20%E2%80%93%C2%A026.08.2026%C2%A0%E2%80%93%20avarie%20%E2%80%93%20str.%20Andrei%20%C8%98aguna,%20str.%20Cimitirului%20%C8%99i%20str.%20Eftimie%20Murgu%20(par%C8%9Bial)\" class=\"pin-it-button\">Pin It<\/a><\/li>\n<\/ul>\n<\/div>\n<\/div>\n<div id=\"content-area\">\n<div class=\"post-image\"><img loading=\"lazy\" decoding=\"async\" width=\"619\" height=\"400\" src=\"https:\/\/cdn.expressdebanat.ro\/wp-content\/uploads\/2023\/10\/se-opreste-apa-619x400.jpg\" class=\"attachment-post-thumb size-post-thumb wp-post-image perfmatters-lazy\" alt=\"anunt public oprire apa in Resita\"><img loading=\"lazy\" decoding=\"async\" width=\"619\" height=\"400\" src=\"https:\/\/cdn.expressdebanat.ro\/wp-content\/uploads\/2023\/10\/se-opreste-apa-619x400.jpg\" class=\"attachment-post-thumb size-post-thumb wp-post-image\" alt=\"anunt public oprire apa in Resita\"><\/div>\n<div class=\"vyrie6a941bf356248\"><img loading=\"lazy\" decoding=\"async\" class=\"size-full wp-image-947090 perfmatters-lazy\" src=\"https:\/\/cdn.expressdebanat.ro\/wp-content\/uploads\/2025\/10\/banner-1164-x-200-px.jpg\" alt=\"banner 1164 x 200 px\" width=\"1000\" height=\"171\"><img loading=\"lazy\" decoding=\"async\" class=\"size-full wp-image-947090\" src=\"https:\/\/cdn.expressdebanat.ro\/wp-content\/uploads\/2025\/10\/banner-1164-x-200-px.jpg\" alt=\"banner 1164 x 200 px\" width=\"1000\" height=\"171\"><\/div>\n<p>ANUN\u0162 OPRIRE AP\u0102 \u00een ORAVI\u021aA \u2013\u00a026.08.2026\u00a0\u2013 avarie \u2013 str. Andrei \u0218aguna,<br \/>\nstr. Cimitirului \u0219i str. Eftimie Murgu (par\u021bial) \u2013 interval orar 10:10<br \/>\np\u00e2n\u0103 la remediere<br \/>\n\u00cen vederea remedierii unei avarii ap\u0103rute spontan la conducta principal\u0103<br \/>\nde ap\u0103, suntem nevoi\u021bi s\u0103 \u00eentrerupem furnizarea apei potabile ast\u0103zi:<br \/>\n26.08.2026<br \/>\nDe la ora 10:10 p\u00e2n\u0103 la remediere<br \/>\nVor fi afecta\u021bi to\u021bi consumatorii de pe str. Andrei \u0218aguna, str.<br \/>\nCimitirului \u0219i str. Eftimie Murgu (par\u021bial).<br \/>\nLucrarea va fi executat\u0103 \u00een intervalul orar specificat de c\u0103tre<br \/>\npersonalul SC AQUACARA\u0218 S.A. \u2013 Punctul de Lucru Oravi\u021ba.<br \/>\nNe cerem scuze consumatorilor pentru disconfortul creat, de aceast\u0103<br \/>\noprire. La reluarea serviciului de alimentare cu ap\u0103 potabil\u0103, este<br \/>\nposibil s\u0103 apar\u0103 ap\u0103 tulbure la robinetele consumatorilor din zonele<br \/>\nmen\u0163ionate. Dac\u0103 situa\u0163ia persist\u0103 v\u0103 rug\u0103m s\u0103 contacta\u021bi AQUACARA\u0218 S.A.<br \/>\n\u2013 Dispecerat Central la numerele de telefon 0255-215643 sau 0766341274<br \/>\n\u0219i Punct de Lucru Oravi\u021ba \u2013 0255574235 sau 0787874444<br \/>\nMul\u0163umim cet\u0103\u0163enilor pentru \u00een\u0163elegere.<br \/>\nCONDUCEREA SC AQUACARA\u0218 SA<\/p>\n<div class=\"trils6a941bf35627c\"><a href=\"https:\/\/www.brantner.com\/en\/group\/international-locations\/romania\/brantner-servicii-ecoogice-srl-resita.html\" title=\"Stiri Timisoara si Resita publicitate online\" target=\"_blank\" rel=\"noopener noreferrer ugc sponsored\"><img loading=\"lazy\" decoding=\"async\" class=\"size-full wp-image-804798 perfmatters-lazy\" src=\"https:\/\/cdn.expressdebanat.ro\/wp-content\/uploads\/2024\/02\/WhatsApp-Image-2024-02-05-at-11.32.01.jpeg\" alt=\"Stiri Timisoara si Resita publicitate online Brantner 1000x100px\" width=\"970\" height=\"90\"><img loading=\"lazy\" decoding=\"async\" class=\"size-full wp-image-804798\" src=\"https:\/\/cdn.expressdebanat.ro\/wp-content\/uploads\/2024\/02\/WhatsApp-Image-2024-02-05-at-11.32.01.jpeg\" alt=\"Stiri Timisoara si Resita publicitate online Brantner 1000x100px\" width=\"970\" height=\"90\"><\/a><\/div>\n<\/div>\n<p>[analyse_source url=&#8221;https:\/\/expressdebanat.ro\/anunt-oprire-apa-in-oravita-26-08-2026-avarie-str-andrei-saguna-str-cimitirului-si-str-eftimie-murgu-partial\/&#8221;]<\/p>\n","protected":false},"excerpt":{"rendered":"<p>[analyse_image type=&#8221;featured&#8221; src=&#8221;https:\/\/cdn.expressdebanat.ro\/wp-content\/uploads\/2023\/10\/se-opreste-apa.jpg&#8221;] ANUN\u0162 OPRIRE AP\u0102 \u00een ORAVI\u021aA \u2013\u00a026.08.2026\u00a0\u2013 avarie \u2013 str. Andrei \u0218aguna, str. Cimitirului \u0219i str. Eftimie Murgu (par\u021bial) \u2013 interval orar 10:10 p\u00e2n\u0103 la remediere \u00cen vederea remedierii unei avarii ap\u0103rute spontan la conducta principal\u0103 de ap\u0103, suntem nevoi\u021bi s\u0103 \u00eentrerupem furnizarea apei potabile ast\u0103zi: 26.08.2026 De la ora 10:10 p\u00e2n\u0103 la [&hellip;]<\/p>\n","protected":false},"author":1,"featured_media":0,"comment_status":"open","ping_status":"","sticky":false,"template":"","format":"standard","meta":{"footnotes":""},"categories":[89],"tags":[226,196],"class_list":["post-2119898","post","type-post","status-publish","format-standard","hentry","category-romania","tag-crawlmanager","tag-expressdebanat-ro"],"_links":{"self":[{"href":"https:\/\/analyse.optim.biz\/index.php?rest_route=\/wp\/v2\/posts\/2119898","targetHints":{"allow":["GET"]}}],"collection":[{"href":"https:\/\/analyse.optim.biz\/index.php?rest_route=\/wp\/v2\/posts"}],"about":[{"href":"https:\/\/analyse.optim.biz\/index.php?rest_route=\/wp\/v2\/types\/post"}],"author":[{"embeddable":true,"href":"https:\/\/analyse.optim.biz\/index.php?rest_route=\/wp\/v2\/users\/1"}],"replies":[{"embeddable":true,"href":"https:\/\/analyse.optim.biz\/index.php?rest_route=%2Fwp%2Fv2%2Fcomments&post=2119898"}],"version-history":[{"count":0,"href":"https:\/\/analyse.optim.biz\/index.php?rest_route=\/wp\/v2\/posts\/2119898\/revisions"}],"wp:attachment":[{"href":"https:\/\/analyse.optim.biz\/index.php?rest_route=%2Fwp%2Fv2%2Fmedia&parent=2119898"}],"wp:term":[{"taxonomy":"category","embeddable":true,"href":"https:\/\/analyse.optim.biz\/index.php?rest_route=%2Fwp%2Fv2%2Fcategories&post=2119898"},{"taxonomy":"post_tag","embeddable":true,"href":"https:\/\/analyse.optim.biz\/index.php?rest_route=%2Fwp%2Fv2%2Ftags&post=2119898"}],"curies":[{"name":"wp","href":"https:\/\/api.w.org\/{rel}","templated":true}]}}