{"id":2119897,"date":"2026-08-26T04:19:06","date_gmt":"2026-08-26T01:19:06","guid":{"rendered":"https:\/\/analyse.optim.biz\/?p=2119897"},"modified":"2026-08-26T04:19:06","modified_gmt":"2026-08-26T01:19:06","slug":"primarul-iablanitei-a-iesit-curat-ca-lacrima","status":"publish","type":"post","link":"https:\/\/analyse.optim.biz\/?p=2119897","title":{"rendered":"Primarul Iablani\u021bei a ie\u0219it curat ca lacrima!"},"content":{"rendered":"<p>[analyse_image type=&#8221;featured&#8221; src=&#8221;https:\/\/cdn.expressdebanat.ro\/wp-content\/uploads\/2021\/07\/victor-terteleaca.jpg&#8221;]<\/p>\n<div id=\"post-area\" class=\"post-981700 post type-post status-publish format-standard has-post-thumbnail hentry category-administratie category-baile-herculane category-caransebes category-caras category-justitie tag-amenintari-cu-moartea tag-controale-aba-banat tag-garda-forestiera tag-important tag-mafie-locala tag-petru-balan tag-primar-iablanita tag-stiri-caras-severin tag-victor-terteleaca\">\n<div id=\"social-box\">\n<ul class=\"post-social\">\n<li class=\"social-share-button\">\n<li class=\"social-share-button\">\n<li class=\"social-share-button\"><\/ul>\n<\/div>\n<div id=\"content-area\">\n<div class=\"post-image\"><source data-srcset=\"https:\/\/cdn.expressdebanat.ro\/wp-content\/uploads\/2021\/07\/victor-terteleaca-620x400.webp 620w,https:\/\/cdn.expressdebanat.ro\/wp-content\/uploads\/2021\/07\/victor-terteleaca-300x194.webp 300w,https:\/\/cdn.expressdebanat.ro\/wp-content\/uploads\/2021\/07\/victor-terteleaca-85x54.webp 85w\" data-sizes=\"(max-width: 620px) 100vw, 620px\" type=\"image\/webp\" \/><\/div>\n<p><strong>Victor Terteleac\u0103 a fost reclamat organelor de cercetare penal\u0103 de c\u0103tre un consilier local, dar pune pe mas\u0103 documente emise de Garda Forestier\u0103 \u0219i ABA Banat care s\u0103-i probeze nevinov\u0103\u021bia.<\/strong><\/p>\n<p>Edilul-\u0219ef al comunei Iablani\u021ba arat\u0103 c\u0103, \u00een urma controalelor efectuate dup\u0103 sesiz\u0103rile formulate de Petru B\u0103lan, nu au fost constatate fapte pentru care administra\u021bia public\u0103 local\u0103 s\u0103 fi fost sanc\u021bionat\u0103.<\/p>\n<p><em>\u201e\u00cen urma sesiz\u0103rilor formulate de domnul Petru B\u0103lan cu privire la lucr\u0103rile desf\u0103\u0219urate de UAT Comuna Iablani\u021ba, au fost efectuate verific\u0103ri de c\u0103tre institu\u021biile competente, inclusiv Garda Forestier\u0103 \u0219i Administra\u021bia Bazinal\u0103 de Ap\u0103 Banat \u2013 Apele Rom\u00e2ne. Garda Forestier\u0103 a verificat aspectele sesizate privind lucr\u0103rile de exploatare \u0219i valorificare a masei lemnoase, f\u0103r\u0103 a constata fapte care s\u0103 conduc\u0103 la aplicarea unor sanc\u021biuni UAT Comuna Iablani\u021ba. A.B.A. Banat \u2013 Apele Rom\u00e2ne, prin Procesul-verbal de constatare nr. 3440\/19.08.2026, a verificat situa\u021bia sesizat\u0103 privind existen\u021ba unei forma\u021biuni naturale de scurgere a apelor. \u00cen urma controlului A.B.A. Banat s-a consemnat \u00een mod expres c\u0103 nu au fost aplicate sanc\u021biuni contraven\u021bionale din punct de vedere al gospod\u0103ririi apelor.\u201d<\/em>, a anun\u021bat primarul Terteleac\u0103.<\/p>\n<p>Potrivit edilului s-a constatat c\u0103 forma\u021biunea identificat\u0103 este un oga\u0219 cu caracter nepermanent, care la momentul controlului era uscat, f\u0103r\u0103 debit de ap\u0103, \u0219i care nu era identificat \u00een eviden\u021bele cadastrale \u0219i nici \u00een h\u0103r\u021bile hidrografice consultate.<\/p>\n<p>Primarul Iablani\u021bei spune c\u0103 e important ca opinia public\u0103 s\u0103 cunoasc\u0103 rezultatul efectiv al controalelor, nu doar con\u021binutul unor sesiz\u0103ri \u0219i d\u0103 \u00eenc\u0103 o dat\u0103 asigur\u0103ri c\u0103 administra\u021bia local\u0103 \u00ee\u0219i desf\u0103\u0219oar\u0103 activitatea cu respectarea prevederilor legale.<\/p>\n<p><em>\u201eConsider\u0103m c\u0103 orice sesizare este un drept al cet\u0103\u021beanului, \u00eens\u0103 concluziile trebuie trase pe baza constat\u0103rilor oficiale ale institu\u021biilor competente, nu pe baza unor afirma\u021bii sau interpret\u0103ri personale.\u201d<\/em>, a mai transmis primarul comunit\u0103\u021bii.<\/p>\n<p>Consilierul Pentru B\u0103lan acuz\u0103 \u00een continuare existen\u021ba unei adev\u0103rate mafii locale, care ar pr\u0103dui bugetul \u0219i patrimoniul comunei Iablani\u021ba, dar \u0219i c\u0103, \u00een urma deselor sale sesiz\u0103ri, ar fi fost amenin\u021bat cu moartea.<\/p>\n<\/div>\n<div id=\"social-box\">\n<ul class=\"post-social\">\n<li class=\"fb-line\">\n<li><a href=\"http:\/\/twitter.com\/share\" class=\"twitter-share-button\" data-lang=\"en\" data-count=\"horizontal\">Tweet<\/a><\/li>\n<li>\n<li><a href=\"http:\/\/pinterest.com\/pin\/create\/button\/?url=https%3A%2F%2Fexpressdebanat.ro%2Fprimarul-iablanitei-a-iesit-curat-ca-lacrima%2F&amp;media=https:\/\/cdn.expressdebanat.ro\/wp-content\/uploads\/2021\/07\/victor-terteleaca.jpg&amp;description=Primarul%20Iablani%C8%9Bei%20a%20ie%C8%99it%20curat%20ca%20lacrima!\" class=\"pin-it-button\">Pin It<\/a><\/li>\n<\/ul>\n<\/div>\n<\/div>\n<div id=\"content-area\">\n<div class=\"post-image\"><source data-srcset=\"https:\/\/cdn.expressdebanat.ro\/wp-content\/uploads\/2021\/07\/victor-terteleaca-620x400.webp 620w,https:\/\/cdn.expressdebanat.ro\/wp-content\/uploads\/2021\/07\/victor-terteleaca-300x194.webp 300w,https:\/\/cdn.expressdebanat.ro\/wp-content\/uploads\/2021\/07\/victor-terteleaca-85x54.webp 85w\" data-sizes=\"(max-width: 620px) 100vw, 620px\" type=\"image\/webp\" \/><\/div>\n<p><strong>Victor Terteleac\u0103 a fost reclamat organelor de cercetare penal\u0103 de c\u0103tre un consilier local, dar pune pe mas\u0103 documente emise de Garda Forestier\u0103 \u0219i ABA Banat care s\u0103-i probeze nevinov\u0103\u021bia.<\/strong><\/p>\n<p>Edilul-\u0219ef al comunei Iablani\u021ba arat\u0103 c\u0103, \u00een urma controalelor efectuate dup\u0103 sesiz\u0103rile formulate de Petru B\u0103lan, nu au fost constatate fapte pentru care administra\u021bia public\u0103 local\u0103 s\u0103 fi fost sanc\u021bionat\u0103.<\/p>\n<p><em>\u201e\u00cen urma sesiz\u0103rilor formulate de domnul Petru B\u0103lan cu privire la lucr\u0103rile desf\u0103\u0219urate de UAT Comuna Iablani\u021ba, au fost efectuate verific\u0103ri de c\u0103tre institu\u021biile competente, inclusiv Garda Forestier\u0103 \u0219i Administra\u021bia Bazinal\u0103 de Ap\u0103 Banat \u2013 Apele Rom\u00e2ne. Garda Forestier\u0103 a verificat aspectele sesizate privind lucr\u0103rile de exploatare \u0219i valorificare a masei lemnoase, f\u0103r\u0103 a constata fapte care s\u0103 conduc\u0103 la aplicarea unor sanc\u021biuni UAT Comuna Iablani\u021ba. A.B.A. Banat \u2013 Apele Rom\u00e2ne, prin Procesul-verbal de constatare nr. 3440\/19.08.2026, a verificat situa\u021bia sesizat\u0103 privind existen\u021ba unei forma\u021biuni naturale de scurgere a apelor. \u00cen urma controlului A.B.A. Banat s-a consemnat \u00een mod expres c\u0103 nu au fost aplicate sanc\u021biuni contraven\u021bionale din punct de vedere al gospod\u0103ririi apelor.\u201d<\/em>, a anun\u021bat primarul Terteleac\u0103.<\/p>\n<p>Potrivit edilului s-a constatat c\u0103 forma\u021biunea identificat\u0103 este un oga\u0219 cu caracter nepermanent, care la momentul controlului era uscat, f\u0103r\u0103 debit de ap\u0103, \u0219i care nu era identificat \u00een eviden\u021bele cadastrale \u0219i nici \u00een h\u0103r\u021bile hidrografice consultate.<\/p>\n<p>Primarul Iablani\u021bei spune c\u0103 e important ca opinia public\u0103 s\u0103 cunoasc\u0103 rezultatul efectiv al controalelor, nu doar con\u021binutul unor sesiz\u0103ri \u0219i d\u0103 \u00eenc\u0103 o dat\u0103 asigur\u0103ri c\u0103 administra\u021bia local\u0103 \u00ee\u0219i desf\u0103\u0219oar\u0103 activitatea cu respectarea prevederilor legale.<\/p>\n<p><em>\u201eConsider\u0103m c\u0103 orice sesizare este un drept al cet\u0103\u021beanului, \u00eens\u0103 concluziile trebuie trase pe baza constat\u0103rilor oficiale ale institu\u021biilor competente, nu pe baza unor afirma\u021bii sau interpret\u0103ri personale.\u201d<\/em>, a mai transmis primarul comunit\u0103\u021bii.<\/p>\n<p>Consilierul Pentru B\u0103lan acuz\u0103 \u00een continuare existen\u021ba unei adev\u0103rate mafii locale, care ar pr\u0103dui bugetul \u0219i patrimoniul comunei Iablani\u021ba, dar \u0219i c\u0103, \u00een urma deselor sale sesiz\u0103ri, ar fi fost amenin\u021bat cu moartea.<\/p>\n<\/div>\n<p>[analyse_source url=&#8221;https:\/\/expressdebanat.ro\/primarul-iablanitei-a-iesit-curat-ca-lacrima\/&#8221;]<\/p>\n","protected":false},"excerpt":{"rendered":"<p>[analyse_image type=&#8221;featured&#8221; src=&#8221;https:\/\/cdn.expressdebanat.ro\/wp-content\/uploads\/2021\/07\/victor-terteleaca.jpg&#8221;] Victor Terteleac\u0103 a fost reclamat organelor de cercetare penal\u0103 de c\u0103tre un consilier local, dar pune pe mas\u0103 documente emise de Garda Forestier\u0103 \u0219i ABA Banat care s\u0103-i probeze nevinov\u0103\u021bia. Edilul-\u0219ef al comunei Iablani\u021ba arat\u0103 c\u0103, \u00een urma controalelor efectuate dup\u0103 sesiz\u0103rile formulate de Petru B\u0103lan, nu au fost constatate fapte pentru [&hellip;]<\/p>\n","protected":false},"author":1,"featured_media":0,"comment_status":"open","ping_status":"","sticky":false,"template":"","format":"standard","meta":{"footnotes":""},"categories":[89],"tags":[226,196],"class_list":["post-2119897","post","type-post","status-publish","format-standard","hentry","category-romania","tag-crawlmanager","tag-expressdebanat-ro"],"_links":{"self":[{"href":"https:\/\/analyse.optim.biz\/index.php?rest_route=\/wp\/v2\/posts\/2119897","targetHints":{"allow":["GET"]}}],"collection":[{"href":"https:\/\/analyse.optim.biz\/index.php?rest_route=\/wp\/v2\/posts"}],"about":[{"href":"https:\/\/analyse.optim.biz\/index.php?rest_route=\/wp\/v2\/types\/post"}],"author":[{"embeddable":true,"href":"https:\/\/analyse.optim.biz\/index.php?rest_route=\/wp\/v2\/users\/1"}],"replies":[{"embeddable":true,"href":"https:\/\/analyse.optim.biz\/index.php?rest_route=%2Fwp%2Fv2%2Fcomments&post=2119897"}],"version-history":[{"count":0,"href":"https:\/\/analyse.optim.biz\/index.php?rest_route=\/wp\/v2\/posts\/2119897\/revisions"}],"wp:attachment":[{"href":"https:\/\/analyse.optim.biz\/index.php?rest_route=%2Fwp%2Fv2%2Fmedia&parent=2119897"}],"wp:term":[{"taxonomy":"category","embeddable":true,"href":"https:\/\/analyse.optim.biz\/index.php?rest_route=%2Fwp%2Fv2%2Fcategories&post=2119897"},{"taxonomy":"post_tag","embeddable":true,"href":"https:\/\/analyse.optim.biz\/index.php?rest_route=%2Fwp%2Fv2%2Ftags&post=2119897"}],"curies":[{"name":"wp","href":"https:\/\/api.w.org\/{rel}","templated":true}]}}