{"id":2119843,"date":"2026-08-30T21:00:00","date_gmt":"2026-08-30T18:00:00","guid":{"rendered":"https:\/\/analyse.optim.biz\/?p=2119843"},"modified":"2026-08-30T21:00:00","modified_gmt":"2026-08-30T18:00:00","slug":"revolutionarii-din-vrancea-cer-presedintelui-romaniei-adevar-istoric-si-eliminarea-aparatului-represiv-din-functiile-statului","status":"publish","type":"post","link":"https:\/\/analyse.optim.biz\/?p=2119843","title":{"rendered":"Revolu\u021bionarii din Vrancea cer Pre\u0219edintelui Rom\u00e2niei \u201eadev\u0103r istoric \u0219i eliminarea aparatului represiv din func\u021biile statului\u201d\u00a0"},"content":{"rendered":"<p>[analyse_image type=&#8221;featured&#8221; src=&#8221;https:\/\/www.monitoruldevrancea.ro\/wp-content\/uploads\/2026\/08\/revolutionari-vn.jpeg&#8221;]<\/p>\n<div class=\"td_block_wrap tdb_single_content tdi_123 td-pb-border-top td_block_template_1 td-post-content tagdiv-type\" data-td-block-uid=\"tdi_123\">\n<div class=\"tdb-block-inner td-fix-index\">\n<p>COMUNICAT DE PRES\u0102<br \/><strong>Ref: <\/strong>Solidaritate total\u0103 cu victimele represiunii. Filiala Vrancea solicit\u0103 Pre\u0219edintelui Rom\u00e2niei adev\u0103r istoric \u0219i eliminarea aparatului represiv din func\u021biile statului.<br \/><strong>Data:<\/strong> 29 August 2026<\/p>\n<p><strong>Emitent: <\/strong>Asocia\u021bia Lupt\u0103torilor, Invalizilor, R\u0103ni\u021bilor \u0219i Urma\u0219ii celor Deceda\u021bi \u00een Revolu\u021bia din decembrie 1989 \u2013 Vrancea<\/p>\n<p>Urmare a apelului public lansat ast\u0103zi, de c\u0103tre \u201dVictime ale torturii din Decembrie 1989, reprezentan\u021bi ai Asocia\u021biilor de Revolu\u021bionari \u0219i cet\u0103\u021benii care nu uit\u0103\u201d, Asocia\u021bia Lupt\u0103torilor, Invalizilor, R\u0103ni\u021bilor \u0219i Urma\u0219ii celor Deceda\u021bi \u00een Revolu\u021bia din decembrie 1989 \u2013 Vrancea \u00ee\u0219i declar\u0103 sus\u021binerea total\u0103, ferm\u0103 \u0219i necondi\u021bionat\u0103 fa\u021b\u0103 de protestul legitim al victimelor care au s\u00e2ngerat la Baricada de la Intercontinental \u0219i \u00een beciurile represiunii comuniste.<br \/>\u00a0 Noi, cei din Vrancea \u2013 r\u0103ni\u021bi, invalizi \u0219i familii care purt\u0103m \u00een suflet \u0219i pe trup urmele gloan\u021belor din Decembrie 1989 \u2013, refuz\u0103m s\u0103 asist\u0103m t\u0103cu\u021bi la cosmetizarea istoriei. Subscriem \u00een totalitate fiec\u0103rui punct din documentul adresat Pre\u0219edintelui Rom\u00e2niei, domnul Nicu\u0219or Dan.<br \/>\u00a0 Consider\u0103m o jignire de nedescris catalogarea jertfei noastre drept \u201eacele evenimente\u201d. \u00cen 1989 nu au avut loc simple incidente administrative, ci o Revolu\u021bie Radical\u0103, pl\u0103tit\u0103 cu pre\u021bul s\u00e2ngelui. Ocolirea acestui termen reprezint\u0103 o tentativ\u0103 clar\u0103 de normalizare a uit\u0103rii \u0219i o tr\u0103dare a celor care au d\u0103r\u00e2mat dictatura.<br \/>\u00a0 Suntem profund revolta\u021bi de transformarea cinic\u0103 a c\u0103l\u0103ilor \u00een \u201emartiri\u201d. Este strig\u0103tor la cer ca structuri ale aparatului represiv (inclusiv USLA) s\u0103 fie a\u0219ezate \u00een Cimitirul Eroilor al\u0103turi de copiii pe care chiar sistemul lor i-a strivit sub \u0219enile. Protejarea \u0219i men\u021binerea \u00een func\u021bii cheie a unor personaje precum Lucian Pahon\u021bu, crescute \u00een \u0219coala Securit\u0103\u021bii, demonstreaz\u0103 c\u0103 sistemul \u00ee\u0219i ap\u0103r\u0103 \u00een continuare trecutul p\u0103tat.<br \/>\u00a0 \u00cen numele demnit\u0103\u021bii \u0219i al memoriei celor c\u0103zu\u021bi, Asocia\u021bia Lupt\u0103torilor, Invalizilor, R\u0103ni\u021bilor \u0219i Urma\u0219ii celor Deceda\u021bi \u00een Revolu\u021bia din decembrie 1989 \u2013 Vrancea, solicit\u0103 ferm Pre\u0219edintelui Rom\u00e2niei:<br \/>1. Rectificarea public\u0103 imediat\u0103 \u0219i asumarea f\u0103r\u0103 ocoli\u0219uri a termenului de Revolu\u021bie Rom\u00e2n\u0103.<br \/>2. Demiterea \u0219i \u00eendep\u0103rtarea definitiv\u0103 din toate structurile de decizie ale statului a persoanelor provenite din fostul aparat represiv comunist.<br \/>3. Stoparea imediat\u0103 a profan\u0103rii memoriei prin rescrierea istoriei oficiale \u00een favoarea fostelor trupe de Securitate \u0219i Mili\u021bie.<br \/>Adev\u0103rul nu se negociaz\u0103! S\u00e2ngele martirilor nu se \u0219terge cu discursuri de complezen\u021b\u0103!<br \/>\u00a0Asocia\u021bia Lupt\u0103torilor, Invalizilor, R\u0103ni\u021bilor \u0219i Urma\u0219ii celor Deceda\u021bi \u00een Revolu\u021bia din decembrie 1989 \u2013 Vrancea, anun\u021b\u0103 c\u0103 se al\u0103tur\u0103 ac\u021biunilor publice de protest \u0219i va mobiliza membrii din teritoriu pentru a bloca definitiv aceast\u0103 tentativ\u0103 de restaurare a influen\u021bei vechii Securit\u0103\u021bi.<\/p>\n<p>Consiliul Director,<br \/>Asocia\u021bia Lupt\u0103torilor, Invalizilor, R\u0103ni\u021bilor \u0219i Urma\u0219ii celor Deceda\u021bi \u00een Revolu\u021bia din decembrie 1989 \u2013 Vrancea<\/p>\n<\/div>\n<\/div>\n<p>[analyse_source url=&#8221;https:\/\/www.monitoruldevrancea.ro\/2026\/08\/31\/revolutionarii-din-vrancea-cer-presedintelui-romaniei-adevar-istoric-si-eliminarea-aparatului-represiv-din-functiile-statului\/&#8221;]<\/p>\n","protected":false},"excerpt":{"rendered":"<p>[analyse_image type=&#8221;featured&#8221; src=&#8221;https:\/\/www.monitoruldevrancea.ro\/wp-content\/uploads\/2026\/08\/revolutionari-vn.jpeg&#8221;] COMUNICAT DE PRES\u0102Ref: Solidaritate total\u0103 cu victimele represiunii. Filiala Vrancea solicit\u0103 Pre\u0219edintelui Rom\u00e2niei adev\u0103r istoric \u0219i eliminarea aparatului represiv din func\u021biile statului.Data: 29 August 2026 Emitent: Asocia\u021bia Lupt\u0103torilor, Invalizilor, R\u0103ni\u021bilor \u0219i Urma\u0219ii celor Deceda\u021bi \u00een Revolu\u021bia din decembrie 1989 \u2013 Vrancea Urmare a apelului public lansat ast\u0103zi, de c\u0103tre \u201dVictime ale torturii [&hellip;]<\/p>\n","protected":false},"author":1,"featured_media":0,"comment_status":"open","ping_status":"","sticky":false,"template":"","format":"standard","meta":{"footnotes":""},"categories":[89],"tags":[226,209],"class_list":["post-2119843","post","type-post","status-publish","format-standard","hentry","category-romania","tag-crawlmanager","tag-monitoruldevrancea-ro"],"_links":{"self":[{"href":"https:\/\/analyse.optim.biz\/index.php?rest_route=\/wp\/v2\/posts\/2119843","targetHints":{"allow":["GET"]}}],"collection":[{"href":"https:\/\/analyse.optim.biz\/index.php?rest_route=\/wp\/v2\/posts"}],"about":[{"href":"https:\/\/analyse.optim.biz\/index.php?rest_route=\/wp\/v2\/types\/post"}],"author":[{"embeddable":true,"href":"https:\/\/analyse.optim.biz\/index.php?rest_route=\/wp\/v2\/users\/1"}],"replies":[{"embeddable":true,"href":"https:\/\/analyse.optim.biz\/index.php?rest_route=%2Fwp%2Fv2%2Fcomments&post=2119843"}],"version-history":[{"count":0,"href":"https:\/\/analyse.optim.biz\/index.php?rest_route=\/wp\/v2\/posts\/2119843\/revisions"}],"wp:attachment":[{"href":"https:\/\/analyse.optim.biz\/index.php?rest_route=%2Fwp%2Fv2%2Fmedia&parent=2119843"}],"wp:term":[{"taxonomy":"category","embeddable":true,"href":"https:\/\/analyse.optim.biz\/index.php?rest_route=%2Fwp%2Fv2%2Fcategories&post=2119843"},{"taxonomy":"post_tag","embeddable":true,"href":"https:\/\/analyse.optim.biz\/index.php?rest_route=%2Fwp%2Fv2%2Ftags&post=2119843"}],"curies":[{"name":"wp","href":"https:\/\/api.w.org\/{rel}","templated":true}]}}