{"id":2119829,"date":"2026-08-30T17:34:45","date_gmt":"2026-08-30T14:34:45","guid":{"rendered":"https:\/\/analyse.optim.biz\/?p=2119829"},"modified":"2026-08-30T17:34:45","modified_gmt":"2026-08-30T14:34:45","slug":"vasluianca-adriana-adam-scrie-istorie-trei-medalii-de-aur-la-mondialele-de-la-amsterdam","status":"publish","type":"post","link":"https:\/\/analyse.optim.biz\/?p=2119829","title":{"rendered":"Vasluianca Adriana Adam scrie istorie: trei medalii de AUR la Mondialele de la Amsterdam"},"content":{"rendered":"<p>[analyse_image type=&#8221;featured&#8221; src=&#8221;https:\/\/vasluianul.ro\/wp-content\/uploads\/2026\/08\/787341527_1828614894643462_3123762131818391778_n-1024&#215;683.jpg&#8221;]<\/p>\n<div class=\"tdb-block-inner td-fix-index\"><time class=\"entry-date updated td-module-date\" datetime=\"2026-08-30T20:34:45+03:00\">august 30, 2026<\/time><\/div>\n<div class=\"tdb-block-inner td-fix-index\"><span>Updated:<\/span><time class=\"entry-date updated td-module-date\" datetime=\"2026-08-30T20:34:45+03:00\">august 30, 2026<\/time><\/div>\n<div class=\"tdb-block-inner td-fix-index\">\n<h1 class=\"tdb-title-text\">Vasluianca Adriana Adam scrie istorie: trei medalii de AUR la Mondialele de la Amsterdam<\/h1>\n<\/div>\n<div class=\"tdb-block-inner td-fix-index\"><a class=\"tdb-author-photo\" href=\"https:\/\/vasluianul.ro\/author\/danieltanasuc\/\" title=\"Daniel T\u0103n\u0103suc\"><img loading=\"lazy\" decoding=\"async\" alt=\"Daniel T\u0103n\u0103suc\" src=\"https:\/\/secure.gravatar.com\/avatar\/96f8aa4cf2ea1d57d33381e0a38eedb556fd3ed3dc125a709e0d706eada9b43f?s=34&amp;d=identicon&amp;r=g\" class=\"avatar avatar-34 photo\" height=\"34\" width=\"34\" data-eio=\"l\"><\/a><\/p>\n<div class=\"tdb-author-name-wrap\"><span class=\"tdb-author-by\">By<\/span><a class=\"tdb-author-name\" href=\"https:\/\/vasluianul.ro\/author\/danieltanasuc\/\">Daniel T\u0103n\u0103suc<\/a><\/div>\n<\/div>\n<div class=\"tdb-block-inner td-fix-index\"><a href=\"https:\/\/vasluianul.ro\/wp-content\/uploads\/2026\/08\/787341527_1828614894643462_3123762131818391778_n.jpg\" data-caption><img loading=\"lazy\" decoding=\"async\" width=\"1068\" height=\"712\" class=\"entry-thumb td-modal-image\" src=\"https:\/\/vasluianul.ro\/wp-content\/uploads\/2026\/08\/787341527_1828614894643462_3123762131818391778_n-1068x712.jpg.webp\" alt title=\"787341527_1828614894643462_3123762131818391778_n\" data-eio=\"l\"><\/a><\/div>\n<div class=\"td_block_wrap tdb_single_content tdi_75 td-pb-border-top td_block_template_1 td-post-content tagdiv-type\" data-td-block-uid=\"tdi_75\">\n<div class=\"tdb-block-inner td-fix-index\">\n<div class=\"vtp-article-views\" aria-label=\"Num\u0103r vizualiz\u0103ri articol\"><span class=\"vtp-eye\" aria-hidden=\"true\">\ud83d\udc41<\/span><strong>52<\/strong> vizualiz\u0103ri<\/div>\n<p class=\"isSelectedEnd\"><span><strong>PERFORMAN\u021a\u0102\u2026 Vasluianca Adriana Adam \u00eencheie Campionatele Mondiale de Canotaj de la Amsterdam cu o performan\u021b\u0103 extraordinar\u0103: trei medalii de aur la aceea\u0219i edi\u021bie a competi\u021biei. Dup\u0103 titlul mondial cucerit al\u0103turi de Simona Radi\u0219 \u00een proba de dublu rame feminin, sportiva a mai urcat de dou\u0103 ori pe cea mai \u00eenalt\u0103 treapt\u0103 a podiumului, \u00een ultima zi a Mondialelor, cu echipajele Rom\u00e2niei de 8+1 feminin \u0219i 8+1 mixt.<\/strong><\/span><\/p>\n<div class=\"code-block code-block-1\"><a href=\"https:\/\/vasluianul.ro\/adriana-adam-trei-medalii-aur-mondiale-canotaj\/DESTINATION\"><img decoding=\"async\" src=\"https:\/\/vasluianul.ro\/wp-content\/uploads\/2022\/06\/reclama-vechia-roma-2.jpeg%0A\" data-eio=\"l\"><\/a><\/div>\n<p class=\"isSelectedEnd\"><span>Prima victorie a zilei a venit \u00een proba de 8+1 feminin. Echipajul format din Cristina Drug\u0103, Geanina Juncanariu, Ancu\u021ba Bodnar, Maria Lehaci, Magdalena Rusu, Amalia Chelaru, Adriana Adam, Simona Radi\u0219 \u0219i Victoria Petreanu, c\u00e2rmaci, a condus cursa \u0219i a trecut primul linia de sosire.<\/span><\/p>\n<p><img loading=\"lazy\" decoding=\"async\" class=\"alignnone size-full wp-image-85113\" src=\"https:\/\/vasluianul.ro\/wp-content\/uploads\/2026\/08\/adriana-adam-44.jpg.webp\" alt=\"adriana adam 44\" width=\"1920\" height=\"1280\" title=\"Vasluianca Adriana Adam scrie istorie: trei medalii de AUR la Mondialele de la Amsterdam 1\" data-eio=\"l\"><\/p>\n<div class=\"vam4-ad vam4-device-all\" data-ad-id=\"1\">\n<div class=\"vam4-label\">PUBLICITATE<\/div>\n<div class=\"vam4-frame\"><a class=\"vam4-click\" href=\"https:\/\/www.facebook.com\/SilverMallVaslui\" target=\"_blank\" rel=\"sponsored noopener\"><img decoding=\"async\" src=\"https:\/\/vasluianul.ro\/wp-content\/uploads\/2026\/08\/fillis-AI-002.png.webp\" alt=\"Silver Mall\" loading=\"lazy\" data-eio=\"l\"><\/a><\/div>\n<\/div>\n<p class=\"isSelectedEnd\"><span>Rom\u00e2nia a c\u00e2\u0219tigat finala \u00een 5:51.88, rezultat care a adus nu doar medalia de aur, ci \u0219i un nou record mondial. Marea Britanie a \u00eencheiat pe locul secund, iar Statele Unite au ocupat pozi\u021bia a treia.<\/span><\/p>\n<aside class=\"vva-wrap\" aria-label=\"PUBLICITATE\">\n<div class=\"vva-label\">PUBLICITATE<\/div>\n<p><a class=\"vva-link\" href=\"https:\/\/www.facebook.com\/FamiliaSafir\" target=\"_blank\" rel=\"noopener sponsored\"><video class=\"vva-video\" data-max-seconds=\"21\" playsinline preload=\"metadata\" autoplay muted controls><source src=\"https:\/\/vasluianul.ro\/wp-content\/uploads\/2026\/07\/safir-campanie-iulie-2026.mp4\" \/><\/video><\/a><\/aside>\n<p class=\"isSelectedEnd\"><span>Adriana Adam a revenit apoi pe ap\u0103 pentru finala probei de 8+1 mixt, al\u0103turi de Cristina Drug\u0103, Amalia Chelaru, Florin Lehaci, Cosmin Iulian Ple\u0219escu, Ciprian Tudos\u0103, \u0218tefan Berariu, Simona Radi\u0219 \u0219i c\u00e2rmaciul Victoria Petreanu.<\/span><\/p>\n<p class=\"isSelectedEnd\"><span>Rom\u00e2nia s-a impus \u0219i \u00een aceast\u0103 final\u0103, cu timpul de 5:35.75, \u00een fa\u021ba echipajelor din \u021a\u0103rile de Jos \u0219i Statele Unite.<\/span><\/p>\n<p class=\"isSelectedEnd\"><span>Pentru Adriana Adam \u0219i Simona Radi\u0219, aurul din proba mixt\u0103 a \u00eensemnat \u00eens\u0103 mult mai mult. Cele dou\u0103 au \u00eencheiat Campionatele Mondiale de la Amsterdam cu c\u00e2te <strong>trei titluri mondiale<\/strong>, performan\u021b\u0103 f\u0103r\u0103 precedent la o singur\u0103 edi\u021bie a Campionatelor Mondiale de Canotaj.<\/span><\/p>\n<aside class=\"vcs-box vcs-style-red vcs-layout-vertical\" aria-label=\"Cite\u0219te \u0219i\"><a class=\"vcs-link\" href=\"https:\/\/vasluianul.ro\/vasluianca-adriana-adam-si-simona-radis-sunt-campioane-mondiale-aur-si-o-cursa-fabuloasa-la-amsterdam\/\"><span class=\"vcs-photo\"><img decoding=\"async\" src=\"https:\/\/vasluianul.ro\/wp-content\/uploads\/2026\/08\/789507741_28987321637535449_5537099758971972451_n.jpg.webp\" alt=\"Vasluianca Adriana Adam \u0219i Simona Radi\u0219 sunt campioane mondiale! Aur \u0219i o curs\u0103 fabuloas\u0103 la Amsterdam\" loading=\"lazy\" title=\"Vasluianca Adriana Adam scrie istorie: trei medalii de AUR la Mondialele de la Amsterdam 2\" data-eio=\"l\"><\/span><span class=\"vcs-content\"><span class=\"vcs-label\">CITE\u0218TE \u0218I<\/span><span class=\"vcs-title\">Vasluianca Adriana Adam \u0219i Simona Radi\u0219 sunt campioane mondiale! Aur \u0219i o curs\u0103 fabuloas\u0103 la Amsterdam<\/span><\/span><\/a><\/aside>\n<p class=\"isSelectedEnd\"><span>Adriana Adam a cucerit aurul la Amsterdam \u00een:<\/span><\/p>\n<div class=\"vam4-ad vam4-device-all\" data-ad-id=\"2\">\n<div class=\"vam4-label\">PUBLICITATE<\/div>\n<div class=\"vam4-frame\"><a class=\"vam4-click\" href=\"https:\/\/www.facebook.com\/filliscoffeeshop\" target=\"_blank\" rel=\"sponsored noopener\"><img decoding=\"async\" src=\"https:\/\/vasluianul.ro\/wp-content\/uploads\/2026\/07\/silver-mall-AI.jpg.webp\" alt=\"Filli`s\" loading=\"lazy\" data-eio=\"l\"><\/a><\/div>\n<\/div>\n<ul data-spread=\"false\">\n<li><strong><span>dublu rame feminin, al\u0103turi de Simona Radi\u0219;<\/span><\/strong><\/li>\n<li><strong><span>8+1 feminin;<\/span><\/strong><\/li>\n<li><strong><span>8+1 mixt.<\/span><\/strong><\/li>\n<\/ul>\n<p class=\"isSelectedEnd\"><span>Sportiva vasluian\u0103 pleac\u0103 astfel de la Amsterdam cu un bilan\u021b perfect: trei finale \u0219i trei medalii de aur, una dintre ele \u00eenso\u021bit\u0103 de un nou record mondial.<\/span><\/p>\n<p><span>Este una dintre cele mai importante performan\u021be ale carierei Adrianei Adam \u0219i un rezultat de excep\u021bie pentru canotajul rom\u00e2nesc. <\/span><\/p>\n<p><span>Felicit\u0103ri, Adriana!<\/span><\/p>\n<\/div>\n<\/div>\n<div class=\"tdb-block-inner td-fix-index\">\n<div class=\"vtp-article-views\" aria-label=\"Num\u0103r vizualiz\u0103ri articol\"><span class=\"vtp-eye\" aria-hidden=\"true\">\ud83d\udc41<\/span><strong>52<\/strong> vizualiz\u0103ri<\/div>\n<p class=\"isSelectedEnd\"><span><strong>PERFORMAN\u021a\u0102\u2026 Vasluianca Adriana Adam \u00eencheie Campionatele Mondiale de Canotaj de la Amsterdam cu o performan\u021b\u0103 extraordinar\u0103: trei medalii de aur la aceea\u0219i edi\u021bie a competi\u021biei. Dup\u0103 titlul mondial cucerit al\u0103turi de Simona Radi\u0219 \u00een proba de dublu rame feminin, sportiva a mai urcat de dou\u0103 ori pe cea mai \u00eenalt\u0103 treapt\u0103 a podiumului, \u00een ultima zi a Mondialelor, cu echipajele Rom\u00e2niei de 8+1 feminin \u0219i 8+1 mixt.<\/strong><\/span><\/p>\n<div class=\"code-block code-block-1\"><a href=\"https:\/\/vasluianul.ro\/adriana-adam-trei-medalii-aur-mondiale-canotaj\/DESTINATION\"><img decoding=\"async\" src=\"https:\/\/vasluianul.ro\/wp-content\/uploads\/2022\/06\/reclama-vechia-roma-2.jpeg%0A\" data-eio=\"l\"><\/a><\/div>\n<p class=\"isSelectedEnd\"><span>Prima victorie a zilei a venit \u00een proba de 8+1 feminin. Echipajul format din Cristina Drug\u0103, Geanina Juncanariu, Ancu\u021ba Bodnar, Maria Lehaci, Magdalena Rusu, Amalia Chelaru, Adriana Adam, Simona Radi\u0219 \u0219i Victoria Petreanu, c\u00e2rmaci, a condus cursa \u0219i a trecut primul linia de sosire.<\/span><\/p>\n<p><img loading=\"lazy\" decoding=\"async\" class=\"alignnone size-full wp-image-85113\" src=\"https:\/\/vasluianul.ro\/wp-content\/uploads\/2026\/08\/adriana-adam-44.jpg.webp\" alt=\"adriana adam 44\" width=\"1920\" height=\"1280\" title=\"Vasluianca Adriana Adam scrie istorie: trei medalii de AUR la Mondialele de la Amsterdam 1\" data-eio=\"l\"><\/p>\n<div class=\"vam4-ad vam4-device-all\" data-ad-id=\"1\">\n<div class=\"vam4-label\">PUBLICITATE<\/div>\n<div class=\"vam4-frame\"><a class=\"vam4-click\" href=\"https:\/\/www.facebook.com\/SilverMallVaslui\" target=\"_blank\" rel=\"sponsored noopener\"><img decoding=\"async\" src=\"https:\/\/vasluianul.ro\/wp-content\/uploads\/2026\/08\/fillis-AI-002.png.webp\" alt=\"Silver Mall\" loading=\"lazy\" data-eio=\"l\"><\/a><\/div>\n<\/div>\n<p class=\"isSelectedEnd\"><span>Rom\u00e2nia a c\u00e2\u0219tigat finala \u00een 5:51.88, rezultat care a adus nu doar medalia de aur, ci \u0219i un nou record mondial. Marea Britanie a \u00eencheiat pe locul secund, iar Statele Unite au ocupat pozi\u021bia a treia.<\/span><\/p>\n<aside class=\"vva-wrap\" aria-label=\"PUBLICITATE\">\n<div class=\"vva-label\">PUBLICITATE<\/div>\n<p><a class=\"vva-link\" href=\"https:\/\/www.facebook.com\/FamiliaSafir\" target=\"_blank\" rel=\"noopener sponsored\"><video class=\"vva-video\" data-max-seconds=\"21\" playsinline preload=\"metadata\" autoplay muted controls><source src=\"https:\/\/vasluianul.ro\/wp-content\/uploads\/2026\/07\/safir-campanie-iulie-2026.mp4\" \/><\/video><\/a><\/aside>\n<p class=\"isSelectedEnd\"><span>Adriana Adam a revenit apoi pe ap\u0103 pentru finala probei de 8+1 mixt, al\u0103turi de Cristina Drug\u0103, Amalia Chelaru, Florin Lehaci, Cosmin Iulian Ple\u0219escu, Ciprian Tudos\u0103, \u0218tefan Berariu, Simona Radi\u0219 \u0219i c\u00e2rmaciul Victoria Petreanu.<\/span><\/p>\n<p class=\"isSelectedEnd\"><span>Rom\u00e2nia s-a impus \u0219i \u00een aceast\u0103 final\u0103, cu timpul de 5:35.75, \u00een fa\u021ba echipajelor din \u021a\u0103rile de Jos \u0219i Statele Unite.<\/span><\/p>\n<p class=\"isSelectedEnd\"><span>Pentru Adriana Adam \u0219i Simona Radi\u0219, aurul din proba mixt\u0103 a \u00eensemnat \u00eens\u0103 mult mai mult. Cele dou\u0103 au \u00eencheiat Campionatele Mondiale de la Amsterdam cu c\u00e2te <strong>trei titluri mondiale<\/strong>, performan\u021b\u0103 f\u0103r\u0103 precedent la o singur\u0103 edi\u021bie a Campionatelor Mondiale de Canotaj.<\/span><\/p>\n<aside class=\"vcs-box vcs-style-red vcs-layout-vertical\" aria-label=\"Cite\u0219te \u0219i\"><a class=\"vcs-link\" href=\"https:\/\/vasluianul.ro\/vasluianca-adriana-adam-si-simona-radis-sunt-campioane-mondiale-aur-si-o-cursa-fabuloasa-la-amsterdam\/\"><span class=\"vcs-photo\"><img decoding=\"async\" src=\"https:\/\/vasluianul.ro\/wp-content\/uploads\/2026\/08\/789507741_28987321637535449_5537099758971972451_n.jpg.webp\" alt=\"Vasluianca Adriana Adam \u0219i Simona Radi\u0219 sunt campioane mondiale! Aur \u0219i o curs\u0103 fabuloas\u0103 la Amsterdam\" loading=\"lazy\" title=\"Vasluianca Adriana Adam scrie istorie: trei medalii de AUR la Mondialele de la Amsterdam 2\" data-eio=\"l\"><\/span><span class=\"vcs-content\"><span class=\"vcs-label\">CITE\u0218TE \u0218I<\/span><span class=\"vcs-title\">Vasluianca Adriana Adam \u0219i Simona Radi\u0219 sunt campioane mondiale! Aur \u0219i o curs\u0103 fabuloas\u0103 la Amsterdam<\/span><\/span><\/a><\/aside>\n<p class=\"isSelectedEnd\"><span>Adriana Adam a cucerit aurul la Amsterdam \u00een:<\/span><\/p>\n<div class=\"vam4-ad vam4-device-all\" data-ad-id=\"2\">\n<div class=\"vam4-label\">PUBLICITATE<\/div>\n<div class=\"vam4-frame\"><a class=\"vam4-click\" href=\"https:\/\/www.facebook.com\/filliscoffeeshop\" target=\"_blank\" rel=\"sponsored noopener\"><img decoding=\"async\" src=\"https:\/\/vasluianul.ro\/wp-content\/uploads\/2026\/07\/silver-mall-AI.jpg.webp\" alt=\"Filli`s\" loading=\"lazy\" data-eio=\"l\"><\/a><\/div>\n<\/div>\n<ul data-spread=\"false\">\n<li><strong><span>dublu rame feminin, al\u0103turi de Simona Radi\u0219;<\/span><\/strong><\/li>\n<li><strong><span>8+1 feminin;<\/span><\/strong><\/li>\n<li><strong><span>8+1 mixt.<\/span><\/strong><\/li>\n<\/ul>\n<p class=\"isSelectedEnd\"><span>Sportiva vasluian\u0103 pleac\u0103 astfel de la Amsterdam cu un bilan\u021b perfect: trei finale \u0219i trei medalii de aur, una dintre ele \u00eenso\u021bit\u0103 de un nou record mondial.<\/span><\/p>\n<p><span>Este una dintre cele mai importante performan\u021be ale carierei Adrianei Adam \u0219i un rezultat de excep\u021bie pentru canotajul rom\u00e2nesc. <\/span><\/p>\n<p><span>Felicit\u0103ri, Adriana!<\/span><\/p>\n<\/div>\n<div class=\"tdb-block-inner td-fix-index\"><a href=\"https:\/\/vasluianul.ro\/author\/danieltanasuc\/\" class=\"tdb-author-photo\" title=\"Daniel T\u0103n\u0103suc\"><img loading=\"lazy\" decoding=\"async\" alt=\"Daniel T\u0103n\u0103suc\" src=\"https:\/\/secure.gravatar.com\/avatar\/96f8aa4cf2ea1d57d33381e0a38eedb556fd3ed3dc125a709e0d706eada9b43f?s=96&amp;d=identicon&amp;r=g\" class=\"avatar avatar-96 photo\" height=\"96\" width=\"96\" data-eio=\"l\"><\/a><\/p>\n<div class=\"tdb-author-info\"><a href=\"https:\/\/vasluianul.ro\/author\/danieltanasuc\/\" class=\"tdb-author-name\">Daniel T\u0103n\u0103suc<\/a><a href=\"http:\/\/www.vasluianul.ro\" class=\"tdb-author-url\">http:\/\/www.vasluianul.ro<\/a><\/div>\n<\/div>\n<div class=\"tdb-block-inner td-fix-index\">\n<div class=\"comments\" id=\"comments\">\n<div id=\"respond\" class=\"comment-respond\">\n<h3 id=\"reply-title\" class=\"comment-reply-title\">L\u0102SA\u021aI UN MESAJ <small><a rel=\"nofollow\" id=\"cancel-comment-reply-link\" href=\"https:\/\/vasluianul.ro\/adriana-adam-trei-medalii-aur-mondiale-canotaj\/#respond\">Renun\u021ba\u021bi la r\u0103spuns<\/a><\/small><\/h3>\n<div class=\"comment-form-input-wrap td-form-comment\">\n<div class=\"td-warning-comment\">V\u0103 rug\u0103m s\u0103 introduce\u021bi comentariul dvs.!<\/div>\n<\/div>\n<div class=\"comment-form-input-wrap td-form-author\">\n<div class=\"td-warning-author\">Introduce\u021bi aici numele dvs.<\/div>\n<\/div>\n<div class=\"comment-form-input-wrap td-form-email\">\n<div class=\"td-warning-email-error\">A\u021bi introdus o adres\u0103 de e-mail incorect\u0103!<\/div>\n<div class=\"td-warning-email\">V\u0103 rug\u0103m s\u0103 introduce\u021bi adresa dvs. de e-mail aici<\/div>\n<\/div>\n<\/div>\n<\/div>\n<\/div>\n<p>[analyse_source url=&#8221;https:\/\/vasluianul.ro\/adriana-adam-trei-medalii-aur-mondiale-canotaj\/#new_tab&#8221;]<\/p>\n","protected":false},"excerpt":{"rendered":"<p>[analyse_image type=&#8221;featured&#8221; src=&#8221;https:\/\/vasluianul.ro\/wp-content\/uploads\/2026\/08\/787341527_1828614894643462_3123762131818391778_n-1024&#215;683.jpg&#8221;] august 30, 2026 Updated:august 30, 2026 Vasluianca Adriana Adam scrie istorie: trei medalii de AUR la Mondialele de la Amsterdam ByDaniel T\u0103n\u0103suc \ud83d\udc4152 vizualiz\u0103ri PERFORMAN\u021a\u0102\u2026 Vasluianca Adriana Adam \u00eencheie Campionatele Mondiale de Canotaj de la Amsterdam cu o performan\u021b\u0103 extraordinar\u0103: trei medalii de aur la aceea\u0219i edi\u021bie a competi\u021biei. Dup\u0103 titlul mondial [&hellip;]<\/p>\n","protected":false},"author":1,"featured_media":0,"comment_status":"open","ping_status":"","sticky":false,"template":"","format":"standard","meta":{"footnotes":""},"categories":[89],"tags":[226,217],"class_list":["post-2119829","post","type-post","status-publish","format-standard","hentry","category-romania","tag-crawlmanager","tag-vaslui-robo-stiri-ro"],"_links":{"self":[{"href":"https:\/\/analyse.optim.biz\/index.php?rest_route=\/wp\/v2\/posts\/2119829","targetHints":{"allow":["GET"]}}],"collection":[{"href":"https:\/\/analyse.optim.biz\/index.php?rest_route=\/wp\/v2\/posts"}],"about":[{"href":"https:\/\/analyse.optim.biz\/index.php?rest_route=\/wp\/v2\/types\/post"}],"author":[{"embeddable":true,"href":"https:\/\/analyse.optim.biz\/index.php?rest_route=\/wp\/v2\/users\/1"}],"replies":[{"embeddable":true,"href":"https:\/\/analyse.optim.biz\/index.php?rest_route=%2Fwp%2Fv2%2Fcomments&post=2119829"}],"version-history":[{"count":0,"href":"https:\/\/analyse.optim.biz\/index.php?rest_route=\/wp\/v2\/posts\/2119829\/revisions"}],"wp:attachment":[{"href":"https:\/\/analyse.optim.biz\/index.php?rest_route=%2Fwp%2Fv2%2Fmedia&parent=2119829"}],"wp:term":[{"taxonomy":"category","embeddable":true,"href":"https:\/\/analyse.optim.biz\/index.php?rest_route=%2Fwp%2Fv2%2Fcategories&post=2119829"},{"taxonomy":"post_tag","embeddable":true,"href":"https:\/\/analyse.optim.biz\/index.php?rest_route=%2Fwp%2Fv2%2Ftags&post=2119829"}],"curies":[{"name":"wp","href":"https:\/\/api.w.org\/{rel}","templated":true}]}}