{"id":2119817,"date":"2026-08-30T10:31:00","date_gmt":"2026-08-30T07:31:00","guid":{"rendered":"https:\/\/analyse.optim.biz\/?p=2119817"},"modified":"2026-08-30T10:31:00","modified_gmt":"2026-08-30T07:31:00","slug":"ajofm-timis-sprijina-angajatii-si-angajatorii-din-judet-prin-doua-proiecte-care-pun-accent-pe-ucenicie-la-locul-de-munca","status":"publish","type":"post","link":"https:\/\/analyse.optim.biz\/?p=2119817","title":{"rendered":"AJOFM Timi\u0219 sprijin\u0103 angaja\u021bii \u0219i angajatorii din jude\u021b, prin dou\u0103 proiecte care pun accent pe ucenicie la locul de munc\u0103"},"content":{"rendered":"<p>[analyse_image type=&#8221;featured&#8221; src=&#8221;https:\/\/www.sursadevest.ro\/wp-content\/uploads\/2025\/12\/ajofm.jpg&#8221;]<\/p>\n<p><main id=\"tm-main\"><\/p>\n<div class=\"uk-section-default uk-section\">\n<div class=\"uk-grid-margin uk-container uk-container-xsmall\">\n<div class=\"uk-grid tm-grid-expand uk-child-width-1-1\">\n<div class=\"uk-width-1-1\">\n<h1 class=\"uk-h2 uk-margin uk-text-center\">\n<p>                    AJOFM Timi\u0219 sprijin\u0103 angaja\u021bii \u0219i angajatorii din jude\u021b, prin dou\u0103 proiecte care pun accent pe ucenicie la locul de munc\u0103        <\/p>\n<\/h1>\n<div class=\"uk-panel uk-margin uk-text-center\"><time datetime=\"2026-08-30T12:31:00+02:00\">30 august, 2026<\/time> | <a href=\"https:\/\/www.sursadevest.ro\/author\/petronela\/\">Sursa de Vest<\/a> | <a href=\"https:\/\/www.sursadevest.ro\/categorie\/stiri\/eveniment\/\" rel=\"tag\">Eveniment<\/a>, <a href=\"https:\/\/www.sursadevest.ro\/categorie\/stiri\/\" rel=\"tag\">\u0218tiri<\/a> | <a href=\"https:\/\/www.sursadevest.ro\/ajofm-timis-sprijina-angajatii-si-angajatorii-din-judet-prin-doua-proiecte-care-pun-accent-pe-ucenicie-la-locul-de-munca\/#respond\">Niciun comentariu<span class=\"screen-reader-text\"> la AJOFM Timi\u0219 sprijin\u0103 angaja\u021bii \u0219i angajatorii din jude\u021b, prin dou\u0103 proiecte care pun accent pe ucenicie la locul de munc\u0103<\/span><\/a><\/div>\n<\/div>\n<\/div>\n<\/div>\n<div class=\"uk-container uk-margin-large\">\n<div class=\"uk-grid tm-grid-expand uk-grid-column-large\">\n<div class=\"uk-width-2-3@m\">\n<nav aria-label=\"Breadcrumb\" class=\"uk-margin-small\">\n<ul class=\"uk-breadcrumb uk-margin-remove-bottom\">\n<li><\/li>\n<li><a href=\"https:\/\/www.sursadevest.ro\/categorie\/stiri\/\"><span>\u0218tiri<\/span><\/a><\/li>\n<li><a href=\"https:\/\/www.sursadevest.ro\/categorie\/stiri\/eveniment\/\"><span>Eveniment<\/span><\/a><\/li>\n<\/ul>\n<\/nav>\n<div class=\"uk-margin\"><source type=\"image\/webp\" srcset=\"\/wp-content\/uploads\/yootheme\/cache\/8b\/ajofm-8b5049da.webp 800w\" sizes=\"(min-width: 800px) 800px\" \/><\/div>\n<div class=\"uk-margin-remove-vertical uk-hidden@m\">\n<div class=\"uk-grid uk-child-width-1-1 uk-child-width-1-2@s uk-grid-small uk-grid-match\">\n<div>\n<div class=\"el-item uk-panel\"><a href=\"https:\/\/retim.ro\/eticheta\" target=\"_blank\"><\/p>\n<div class=\"uk-inline-clip uk-transition-toggle\"><img loading=\"lazy\" decoding=\"async\" class=\"el-image uk-transition-scale-down uk-transition-opaque\" src=\"https:\/\/www.sursadevest.ro\/wp-content\/uploads\/2025\/07\/ReTIM-banner-press-300x300px.gif\" alt width=\"300\" height=\"300\"><\/div>\n<p><\/a><\/p>\n<div class=\"uk-padding-small uk-margin-remove-first-child\">\n<div class=\"el-meta uk-text-meta uk-margin-small-top\">Retim Ecologic Service<\/div>\n<div class=\"uk-margin-small-top\"><a href=\"https:\/\/retim.ro\/eticheta\" target=\"_blank\" class=\"el-link uk-button uk-button-text\">Vezi detalii<\/a><\/div>\n<\/div>\n<\/div>\n<\/div>\n<\/div>\n<\/div>\n<div class=\"uk-panel uk-margin-remove-top uk-margin-medium-bottom\">\n<p class=\"wp-block-paragraph\">Agen\u021bia Jude\u021bean\u0103 pentru Ocuparea For\u021bei de Munc\u0103 Timi\u0219 anun\u021b\u0103 implementarea unor proiecte menite s\u0103 vin\u0103 \u00een sprijinul \u0219omerilor care \u00ee\u0219i doresc s\u0103 dob\u00e2ndeasc\u0103 o calificare profesional\u0103.<\/p>\n<p class=\"wp-block-paragraph\">Totodat\u0103, angajatorii care aleg s\u0103 se al\u0103ture acestor proiecte beneficiaz\u0103 de sprijin financiar pentru fiecare persoan\u0103 \u00eencadrat\u0103. <\/p>\n<p class=\"wp-block-paragraph\">Mai exact, este vorba despre dou\u0103 proiecte ale Agen\u021biei Na\u021bionale pentru Ocuparea For\u021bei de Munc\u0103: \u201eSTART \u2013 Investe\u0219te \u00een calificare pentru viitor!\u201d \u0219i \u201d FORMACTIV \u2013 Dezvolt\u0103m noi competen\u021be pentru cre\u0219terea ocup\u0103rii pe pia\u021ba muncii \u201e, \u00een valoare total\u0103 de 93 de milioane de euro, care urmeaz\u0103 a fi implementate p\u00e2n\u0103 la data de 31 decembrie 2029.<\/p>\n<p class=\"wp-block-paragraph\"><em>\u201eSTART \u2013 Prin acest program le deschidem tinerilor sub 30 de ani drumul pentru un \u00eenceput \u00een carier\u0103. Cum? Simplu, \u00eenva\u021b\u0103 o meserie, c\u00e2\u0219tig\u0103 experien\u021b\u0103 \u0219i au un loc de munc\u0103 \u00een care sunt pl\u0103ti\u021bi \u00een timp ce ob\u021bin o calificare. Programul este finan\u021bat cu 30 de milioane de euro din fonduri europene \u0219i de la bugetul de stat, iar angajatorii primesc c\u00e2te 2.250 de lei pe lun\u0103 pentru fiecare ucenic sub 30 de ani pe care l-au angajat.<\/em><\/p>\n<p class=\"wp-block-paragraph\"><em>FORMACTIV \u2013 Angajatorii care \u00eencadreaz\u0103 persoanele cu v\u00e2rsta de peste 30 de ani, \u00eenregistrate \u00een eviden\u021bele AJOFM Timi\u0219, pentru a le specializa la locul de munc\u0103 vor fi sprijini\u021bi cu 2.250 de lei\/lun\u0103 pentru fiecare ucenic. Programul va beneficia de o finan\u021bare total\u0103 de 63 de milioane de euro, provenind din fonduri europene \u0219i de la bugetul de stat\u201d<\/em>, explic\u0103 reprezentan\u021bii AJOFM Timi\u0219.<\/p>\n<p class=\"wp-block-paragraph\">Ucenicia reprezint\u0103 formarea profesional\u0103 realizat\u0103 la locul de munc\u0103 \u00een baza unui contract de ucenicie.<\/p>\n<h2 class=\"wp-block-heading\">Ce este contractul de ucenicie?<\/h2>\n<p class=\"wp-block-paragraph\"><em>\u201eEste un contract individual de munc\u0103 de tip particular, \u00eencheiat pe durat\u0103 determinat\u0103, \u00een temeiul c\u0103ruia o persoan\u0103 fizic\u0103, denumit\u0103 ucenic, se oblig\u0103 s\u0103 se preg\u0103teasc\u0103 profesional \u0219i s\u0103 munceasc\u0103 pentru \u0219i sub autoritatea unei persoane juridice sau fizice denumite angajator, care se oblig\u0103 s\u0103 \u00eei asigure plata salariului \u0219i toate condi\u021biile necesare form\u0103rii profesionale\u201d<\/em>, explic\u0103 AJOFM Timi\u0219.<\/p>\n<p class=\"wp-block-paragraph\">Pentru accesarea sprijinului financiar, angajatorii trebuie s\u0103 \u00eencheie o conven\u021bie cu agen\u021bia jude\u021bean\u0103 pentru ocuparea for\u021bei de munc\u0103, \u00een termen de 60 de zile lucr\u0103toare de la expirarea perioadei de prob\u0103 prev\u0103zut\u0103 \u00een contractul de ucenicie.<\/p>\n<h2 class=\"wp-block-heading\">Cui se adreseaz\u0103 ucenicia la locul de munc\u0103?<\/h2>\n<ul class=\"wp-block-list\">\n<li>persoanelor cu v\u00e2rst\u0103 de peste 16 ani, care doresc s\u0103 se concentreze pe \u00eenv\u0103\u021bare, pornind de la situa\u021biile profesionale reale, concrete, cerute de practicarea unei ocupa\u021bii direct la locul de munc\u0103<\/li>\n<li>angajatorilor care doresc s\u0103 organizeze activit\u0103\u021bi de ucenicie la locul de munc\u0103 potrivit domeniilor de activitate, pentru locurile de munc\u0103 declarate vacante<\/li>\n<\/ul>\n<h2 class=\"wp-block-heading\">Cine poate \u00eencheia contract de ucenicie?<\/h2>\n<p class=\"wp-block-paragraph\">Este eligibil\u0103 persoana care \u00eendepline\u0219te cumulativ urm\u0103toarele condi\u021bii:<\/p>\n<ul class=\"wp-block-list\">\n<li>face demersuri pentru a-\u0219i g\u0103si un loc de munc\u0103, prin mijloace proprii sau prin \u00eenregistrare la agen\u021bia pentru ocuparea for\u021bei de munc\u0103 \u00een a c\u0103rei raz\u0103 teritorial\u0103 \u00ee\u0219i are domiciliul sau, dup\u0103 caz, re\u0219edin\u021ba ori la alt furnizor de servicii de ocupare, acreditat<\/li>\n<li>a \u00eemplinit v\u00e2rsta de 16 ani<\/li>\n<li>nu are calificare pentru ocupa\u021bia \u00een care se organizeaz\u0103 ucenicia la locul de munc\u0103<\/li>\n<li>\u00eendepline\u0219te condi\u021biile de acces la formare profesional\u0103 prin ucenicie la locul de munc\u0103, pe anumite niveluri de calificarez<\/li>\n<\/ul>\n<p class=\"wp-block-paragraph\">Angajatorii care doresc s\u0103 organizeze activit\u0103\u021bi de ucenicie vor comunica Agentiei Judetene pentru Ocuparea Fortei de Munca Timi\u0219 locurile de munc\u0103 vacante care pot fi ocupate prin \u00eencheierea de contracte de ucenicie.<\/p>\n<p class=\"wp-block-paragraph\">Totodat\u0103, ace\u0219tia au obliga\u021bia de a desemna un coordonator de ucenicie care \u00eendrum\u0103 ucenicul \u00een vederea dob\u00e2ndirii competen\u021belor profesionale necesare calific\u0103rii pentru care se organizeaz\u0103 ucenicia la locul de munc\u0103.<\/p>\n<h2 class=\"wp-block-heading\">Pa\u0219ii pentru angajatori \u0219i \u0219omeri \u00een accesarea programului de ucenici<\/h2>\n<ol class=\"wp-block-list\">\n<li>Declararea locurilor de munc\u0103 vacante- Angajatorii trebuie s\u0103 anun\u021be posturile disponibile, inclusiv cele pentru ucenicie<\/li>\n<li>Organizarea programului- Angajatorii \u00eencheie un contract cu un furnizor acreditat de formare profesional\u0103, sau poate s\u0103 se acrediteze pentru formare profesional\u0103<\/li>\n<li>\u00cenregistrarea \u0219omerului- Persoana interesata se \u00eenregistreaz\u0103 la AJOFM \u00een baza actelor necesare<\/li>\n<li>Consiliere \u0219i mediere- AJOFM ofer\u0103 informare \u0219i recomand\u0103 locuri de munc\u0103 pentru ucenicie<\/li>\n<li>Cerere pentru ucenicie- \u0218omerul completeaz\u0103 o cerere pentru domeniul dorit<\/li>\n<li>Repartizare- AJOFM direc\u021bionez\u0103 \u0219omerul c\u0103tre un angajator care organizeaz\u0103 program de ucenicie<\/li>\n<li>Selectare \u0219i contract- dup\u0103 interviul de selec\u021bie, angajatorul \u00eencheie contractul de ucenicie<\/li>\n<li>\u00cenceperea activit\u0103\u021bii- contractul va fi \u00eenregistrat la ITM, iar ucenicul poate \u00eencepe activitatea<\/li>\n<li>Solicitarea subven\u021biei- Angajatorul solicit\u0103 subven\u021bia online, \u00een platforma PULS, \u0219i \u00eencheie o conven\u021bie<br \/>cu AJOFM \u00een termen de 60 de zile lucr\u0103toare de la expirarea perioadei de prob\u0103<\/li>\n<\/ol>\n<p class=\"wp-block-paragraph\">Informatii suplimentare se pot obtine la sediul AJOFM Timi\u0219, pe email <a href=\"mailto:ajofm.tm@anofm.gov.ro\">ajofm.tm@anofm.gov.ro<\/a> sau la telefon 0786511525.<\/p>\n<\/div>\n<nav class=\"uk-text-center\">\n<ul class=\"uk-pagination uk-margin-remove-bottom uk-flex-center\">\n<li><a href=\"https:\/\/www.sursadevest.ro\/trafic-blocat-pe-autostrada-a1-dupa-ce-remorca-unui-tir-a-luat-foc-incarcatura-s-a-imprastiat-pe-sosea\/\"> Anterior<\/a><\/li>\n<li><a href=\"https:\/\/www.sursadevest.ro\/probleme-cu-apa-in-doua-localitati-din-judet-aquatim-anunta-lucrari\/\">Urm\u0103tor <\/a><\/li>\n<\/ul>\n<\/nav>\n<h3 class=\"uk-h5\">\n<p>                    Distribuie pe re\u021bele de socializare        <\/p>\n<\/h3>\n<div class=\"uk-margin-top uk-margin-remove-bottom\">\n<ul class=\"uk-child-width-auto uk-grid-small uk-flex-inline uk-flex-middle\">\n<li class=\"el-item\">\n<li class=\"el-item\">\n<li class=\"el-item\">\n<li class=\"el-item\"><\/ul>\n<\/div>\n<div class=\"uk-margin\">\n<div id=\"respond\" class=\"comment-respond\">\n<h2 id=\"reply-title\" class=\"el-title uk-h3 uk-heading-bullet\">Las\u0103 un r\u0103spuns <small><a rel=\"nofollow\" id=\"cancel-comment-reply-link\" class=\"uk-link-muted\" href=\"https:\/\/www.sursadevest.ro\/ajofm-timis-sprijina-angajatii-si-angajatorii-din-judet-prin-doua-proiecte-care-pun-accent-pe-ucenicie-la-locul-de-munca\/#respond\">Anuleaz\u0103 r\u0103spunsul<\/a><\/small><\/h2>\n<p class=\"comment-notes\">Adresa ta de email nu va fi publicat\u0103. C\u00e2mpurile obligatorii sunt marcate cu <span class=\"required\">*<\/span><\/p>\n<div class=\"gglcptch gglcptch_v3\"><\/p>\n<div class=\"gglcptch_error_text\">Perioada de verificare reCAPTCHA a expirat. V\u0103 rug\u0103m s\u0103 re\u00eenc\u0103rca\u021bi pagina.<\/div>\n<\/div>\n<\/div>\n<\/div>\n<hr class=\"uk-margin-large\">\n<h2 class=\"uk-h3 uk-text-left@m uk-text-center\">\n<p>                    Alte articole        <\/p>\n<\/h2>\n<div id=\"template-OEvUe7Lh#0\" class=\"uk-margin\">\n<div class=\"uk-grid uk-child-width-1-1 uk-child-width-1-2@s uk-grid-column-medium uk-grid-match\">\n<div>\n<div class=\"el-item uk-panel uk-margin-remove-first-child\"><a href=\"https:\/\/www.sursadevest.ro\/probleme-cu-apa-in-doua-localitati-din-judet-aquatim-anunta-lucrari\/\"><img decoding=\"async\" class=\"el-image uk-border-rounded\" src=\"https:\/\/www.sursadevest.ro\/wp-content\/uploads\/2026\/06\/apa.gif\" alt=\"Close-up of a polished chrome faucet spout with a single droplet of water falling from it\" loading=\"lazy\" width=\"610\" height=\"381\"><\/a><\/p>\n<div class=\"el-meta uk-h6 uk-text-primary uk-margin-top uk-margin-remove-bottom\"><time datetime=\"2026-08-30T13:50:05+02:00\">30 august, 2026<\/time> | <a href=\"https:\/\/www.sursadevest.ro\/author\/petronela\/\">Sursa de Vest<\/a> | <a href=\"https:\/\/www.sursadevest.ro\/categorie\/uncategorized\/\" rel=\"tag\">Uncategorized<\/a> | <a href=\"https:\/\/www.sursadevest.ro\/probleme-cu-apa-in-doua-localitati-din-judet-aquatim-anunta-lucrari\/#respond\">Niciun comentariu<span class=\"screen-reader-text\"> la Probleme cu apa, \u00een dou\u0103 localit\u0103\u021bi din jude\u021b! Aquatim anun\u021b\u0103 lucr\u0103ri<\/span><\/a><\/div>\n<h3 class=\"el-title uk-h4 uk-link-reset uk-margin-small-top uk-margin-remove-bottom\"><a href=\"https:\/\/www.sursadevest.ro\/probleme-cu-apa-in-doua-localitati-din-judet-aquatim-anunta-lucrari\/\">Probleme cu apa, \u00een dou\u0103 localit\u0103\u021bi din jude\u021b! Aquatim anun\u021b\u0103 lucr\u0103ri<\/a><\/h3>\n<div class=\"el-content uk-panel uk-margin-small-top\">\n<p>Aquatim anun\u021b\u0103 lucr\u0103ri la re\u021belele de ap\u0103, \u00een dou\u0103 localit\u0103\u021bi din jude\u021b.<\/p>\n<\/div>\n<div class=\"uk-margin-top\"><a href=\"https:\/\/www.sursadevest.ro\/probleme-cu-apa-in-doua-localitati-din-judet-aquatim-anunta-lucrari\/\" class=\"el-link uk-button uk-button-text\">Vezi detalii<\/a><\/div>\n<\/div>\n<\/div>\n<div>\n<div class=\"el-item uk-panel uk-margin-remove-first-child\"><a href=\"https:\/\/www.sursadevest.ro\/ajofm-timis-sprijina-angajatii-si-angajatorii-din-judet-prin-doua-proiecte-care-pun-accent-pe-ucenicie-la-locul-de-munca\/\"><source type=\"image\/webp\" srcset=\"\/wp-content\/uploads\/yootheme\/cache\/d1\/ajofm-d13ac843.webp 610w, \/wp-content\/uploads\/yootheme\/cache\/8b\/ajofm-8b5049da.webp 800w\" sizes=\"(min-width: 610px) 610px\" \/><\/a><\/p>\n<div class=\"el-meta uk-h6 uk-text-primary uk-margin-top uk-margin-remove-bottom\"><time datetime=\"2026-08-30T12:31:00+02:00\">30 august, 2026<\/time> | <a href=\"https:\/\/www.sursadevest.ro\/author\/petronela\/\">Sursa de Vest<\/a> | <a href=\"https:\/\/www.sursadevest.ro\/categorie\/stiri\/eveniment\/\" rel=\"tag\">Eveniment<\/a>, <a href=\"https:\/\/www.sursadevest.ro\/categorie\/stiri\/\" rel=\"tag\">\u0218tiri<\/a> | <a href=\"https:\/\/www.sursadevest.ro\/ajofm-timis-sprijina-angajatii-si-angajatorii-din-judet-prin-doua-proiecte-care-pun-accent-pe-ucenicie-la-locul-de-munca\/#respond\">Niciun comentariu<span class=\"screen-reader-text\"> la AJOFM Timi\u0219 sprijin\u0103 angaja\u021bii \u0219i angajatorii din jude\u021b, prin dou\u0103 proiecte care pun accent pe ucenicie la locul de munc\u0103<\/span><\/a><\/div>\n<h3 class=\"el-title uk-h4 uk-link-reset uk-margin-small-top uk-margin-remove-bottom\"><a href=\"https:\/\/www.sursadevest.ro\/ajofm-timis-sprijina-angajatii-si-angajatorii-din-judet-prin-doua-proiecte-care-pun-accent-pe-ucenicie-la-locul-de-munca\/\">AJOFM Timi\u0219 sprijin\u0103 angaja\u021bii \u0219i angajatorii din jude\u021b, prin dou\u0103 proiecte care pun accent pe ucenicie la locul de munc\u0103<\/a><\/h3>\n<div class=\"el-content uk-panel uk-margin-small-top\">\n<p>Agen\u021bia Jude\u021bean\u0103 pentru Ocuparea For\u021bei de Munc\u0103 Timi\u0219 anun\u021b\u0103 implementarea unor proiecte menite s\u0103 vin\u0103 \u00een sprijinul \u0219omerilor care \u00ee\u0219i doresc s\u0103 dob\u00e2ndeasc\u0103 o calificare profesional\u0103. Totodat\u0103, angajatorii care aleg s\u0103 se al\u0103ture acestor proiecte beneficiaz\u0103 de sprijin financiar pentru fiecare persoan\u0103 \u00eencadrat\u0103. Mai exact, este vorba despre dou\u0103 proiecte ale Agen\u021biei Na\u021bionale pentru Ocuparea [\u2026]<\/p>\n<\/div>\n<div class=\"uk-margin-top\"><a href=\"https:\/\/www.sursadevest.ro\/ajofm-timis-sprijina-angajatii-si-angajatorii-din-judet-prin-doua-proiecte-care-pun-accent-pe-ucenicie-la-locul-de-munca\/\" class=\"el-link uk-button uk-button-text\">Vezi detalii<\/a><\/div>\n<\/div>\n<\/div>\n<div>\n<div class=\"el-item uk-panel uk-margin-remove-first-child\"><a href=\"https:\/\/www.sursadevest.ro\/trafic-blocat-pe-autostrada-a1-dupa-ce-remorca-unui-tir-a-luat-foc-incarcatura-s-a-imprastiat-pe-sosea\/\"><source type=\"image\/webp\" srcset=\"\/wp-content\/uploads\/yootheme\/cache\/6b\/inendiu-tir-6b24c761.webp 610w, \/wp-content\/uploads\/yootheme\/cache\/33\/inendiu-tir-33e994ac.webp 768w, \/wp-content\/uploads\/yootheme\/cache\/94\/inendiu-tir-94e84b5d.webp 900w\" sizes=\"(min-width: 610px) 610px\" \/><\/a><\/p>\n<div class=\"el-meta uk-h6 uk-text-primary uk-margin-top uk-margin-remove-bottom\"><time datetime=\"2026-08-30T10:12:13+02:00\">30 august, 2026<\/time> | <a href=\"https:\/\/www.sursadevest.ro\/author\/petronela\/\">Sursa de Vest<\/a> | <a href=\"https:\/\/www.sursadevest.ro\/categorie\/stiri\/eveniment\/\" rel=\"tag\">Eveniment<\/a>, <a href=\"https:\/\/www.sursadevest.ro\/categorie\/stiri\/\" rel=\"tag\">\u0218tiri<\/a> | <a href=\"https:\/\/www.sursadevest.ro\/trafic-blocat-pe-autostrada-a1-dupa-ce-remorca-unui-tir-a-luat-foc-incarcatura-s-a-imprastiat-pe-sosea\/#respond\">Niciun comentariu<span class=\"screen-reader-text\"> la Trafic blocat pe Autostrada A1, dup\u0103 ce remorca unui TIR a luat foc! \u00cenc\u0103rc\u0103tura s-a \u00eempr\u0103\u0219tiat pe \u0219osea<\/span><\/a><\/div>\n<h3 class=\"el-title uk-h4 uk-link-reset uk-margin-small-top uk-margin-remove-bottom\"><a href=\"https:\/\/www.sursadevest.ro\/trafic-blocat-pe-autostrada-a1-dupa-ce-remorca-unui-tir-a-luat-foc-incarcatura-s-a-imprastiat-pe-sosea\/\">Trafic blocat pe Autostrada A1, dup\u0103 ce remorca unui TIR a luat foc! \u00cenc\u0103rc\u0103tura s-a \u00eempr\u0103\u0219tiat pe \u0219osea<\/a><\/h3>\n<div class=\"el-content uk-panel uk-margin-small-top\">\n<p>Circula\u021bia pe Autostrada A1 a fost blocat\u0103, \u00een aceast\u0103 diminea\u021b\u0103, pe sensul Ilia \u2013 Deva, dup\u0103 ce remorca unui autocamion a fost cuprins\u0103 de un incendiu violent.<\/p>\n<\/div>\n<div class=\"uk-margin-top\"><a href=\"https:\/\/www.sursadevest.ro\/trafic-blocat-pe-autostrada-a1-dupa-ce-remorca-unui-tir-a-luat-foc-incarcatura-s-a-imprastiat-pe-sosea\/\" class=\"el-link uk-button uk-button-text\">Vezi detalii<\/a><\/div>\n<\/div>\n<\/div>\n<div>\n<div class=\"el-item uk-panel uk-margin-remove-first-child\"><a href=\"https:\/\/www.sursadevest.ro\/video-flacari-uriase-au-mistuit-o-gospodarie-in-miez-de-noapte-incendiul-a-cuprins-300-de-metri-patrati\/\"><source type=\"image\/webp\" srcset=\"\/wp-content\/uploads\/yootheme\/cache\/8f\/incendiu-arad-8fe8a93f.webp 610w, \/wp-content\/uploads\/yootheme\/cache\/59\/incendiu-arad-59074871.webp 768w, \/wp-content\/uploads\/yootheme\/cache\/14\/incendiu-arad-1442ffae.webp 900w\" sizes=\"(min-width: 610px) 610px\" \/><\/a><\/p>\n<div class=\"el-meta uk-h6 uk-text-primary uk-margin-top uk-margin-remove-bottom\"><time datetime=\"2026-08-30T10:03:24+02:00\">30 august, 2026<\/time> | <a href=\"https:\/\/www.sursadevest.ro\/author\/petronela\/\">Sursa de Vest<\/a> | <a href=\"https:\/\/www.sursadevest.ro\/categorie\/stiri\/eveniment\/\" rel=\"tag\">Eveniment<\/a>, <a href=\"https:\/\/www.sursadevest.ro\/categorie\/stiri\/\" rel=\"tag\">\u0218tiri<\/a> | <a href=\"https:\/\/www.sursadevest.ro\/video-flacari-uriase-au-mistuit-o-gospodarie-in-miez-de-noapte-incendiul-a-cuprins-300-de-metri-patrati\/#respond\">Niciun comentariu<span class=\"screen-reader-text\"> la Video: Fl\u0103c\u0103ri uria\u0219e au mistuit o gospod\u0103rie, \u00een miez de noapte! Incendiul a cuprins 300 de metri p\u0103tra\u021bi<\/span><\/a><\/div>\n<h3 class=\"el-title uk-h4 uk-link-reset uk-margin-small-top uk-margin-remove-bottom\"><a href=\"https:\/\/www.sursadevest.ro\/video-flacari-uriase-au-mistuit-o-gospodarie-in-miez-de-noapte-incendiul-a-cuprins-300-de-metri-patrati\/\">Video: Fl\u0103c\u0103ri uria\u0219e au mistuit o gospod\u0103rie, \u00een miez de noapte! Incendiul a cuprins 300 de metri p\u0103tra\u021bi<\/a><\/h3>\n<div class=\"el-content uk-panel uk-margin-small-top\">\n<p>S-a dat alarma, \u00een toiul nop\u021bii, c\u00e2nd pompierii au fost chema\u021bi s\u0103 lichideze un incendiu violent care a cuprins o cas\u0103 \u0219i care amenin\u021ba s\u0103 se extind\u0103 \u0219i la cl\u0103dirile \u00eenvecinate.<\/p>\n<\/div>\n<div class=\"uk-margin-top\"><a href=\"https:\/\/www.sursadevest.ro\/video-flacari-uriase-au-mistuit-o-gospodarie-in-miez-de-noapte-incendiul-a-cuprins-300-de-metri-patrati\/\" class=\"el-link uk-button uk-button-text\">Vezi detalii<\/a><\/div>\n<\/div>\n<\/div>\n<div>\n<div class=\"el-item uk-panel uk-margin-remove-first-child\"><a href=\"https:\/\/www.sursadevest.ro\/vrei-sa-incerci-actoria-acum-e-sansa-ta-urmeaza-ateliere-de-improvizatie-teatrala-la-timisoara\/\"><source type=\"image\/webp\" srcset=\"\/wp-content\/uploads\/yootheme\/cache\/58\/teatru-3-580d33d3.webp 610w, \/wp-content\/uploads\/yootheme\/cache\/0c\/teatru-3-0cdcd1e8.webp 768w, \/wp-content\/uploads\/yootheme\/cache\/6c\/teatru-3-6c7a9976.webp 1024w, \/wp-content\/uploads\/yootheme\/cache\/4f\/teatru-3-4f762516.webp 1220w\" sizes=\"(min-width: 610px) 610px\" \/><\/a><\/p>\n<div class=\"el-meta uk-h6 uk-text-primary uk-margin-top uk-margin-remove-bottom\"><time datetime=\"2026-08-30T08:22:00+02:00\">30 august, 2026<\/time> | <a href=\"https:\/\/www.sursadevest.ro\/author\/petronela\/\">Sursa de Vest<\/a> | <a href=\"https:\/\/www.sursadevest.ro\/categorie\/stiri\/cultura\/\" rel=\"tag\">Cultur\u0103<\/a>, <a href=\"https:\/\/www.sursadevest.ro\/categorie\/stiri\/eveniment\/\" rel=\"tag\">Eveniment<\/a>, <a href=\"https:\/\/www.sursadevest.ro\/categorie\/stiri\/social\/\" rel=\"tag\">Social<\/a>, <a href=\"https:\/\/www.sursadevest.ro\/categorie\/stiri\/\" rel=\"tag\">\u0218tiri<\/a> | <a href=\"https:\/\/www.sursadevest.ro\/vrei-sa-incerci-actoria-acum-e-sansa-ta-urmeaza-ateliere-de-improvizatie-teatrala-la-timisoara\/#respond\">Niciun comentariu<span class=\"screen-reader-text\"> la Vrei s\u0103 \u00eencerci actoria? Acum e \u0219ansa ta! Urmeaz\u0103 ateliere de improviza\u021bie teatral\u0103, la Timi\u0219oara<\/span><\/a><\/div>\n<h3 class=\"el-title uk-h4 uk-link-reset uk-margin-small-top uk-margin-remove-bottom\"><a href=\"https:\/\/www.sursadevest.ro\/vrei-sa-incerci-actoria-acum-e-sansa-ta-urmeaza-ateliere-de-improvizatie-teatrala-la-timisoara\/\">Vrei s\u0103 \u00eencerci actoria? Acum e \u0219ansa ta! Urmeaz\u0103 ateliere de improviza\u021bie teatral\u0103, la Timi\u0219oara<\/a><\/h3>\n<div class=\"el-content uk-panel uk-margin-small-top\">\n<p>Timi\u0219orenii care vor s\u0103-\u0219i testeze spontaneitatea, creativitatea \u0219i sim\u021bul umorului sunt invita\u021bi s\u0103 descopere improviza\u021bia teatral\u0103 \u00eentr-un cadru relaxat, f\u0103r\u0103 presiunea unui spectacol \u0219i f\u0103r\u0103 s\u0103 aib\u0103 nevoie de experien\u021b\u0103 pe scen\u0103.<\/p>\n<\/div>\n<div class=\"uk-margin-top\"><a href=\"https:\/\/www.sursadevest.ro\/vrei-sa-incerci-actoria-acum-e-sansa-ta-urmeaza-ateliere-de-improvizatie-teatrala-la-timisoara\/\" class=\"el-link uk-button uk-button-text\">Vezi detalii<\/a><\/div>\n<\/div>\n<\/div>\n<div>\n<div class=\"el-item uk-panel uk-margin-remove-first-child\"><a href=\"https:\/\/www.sursadevest.ro\/explozie-in-judetul-timis-doua-victime-dupa-ce-o-butelie-cu-gpl-a-sarit-in-aer\/\"><source type=\"image\/webp\" srcset=\"\/wp-content\/uploads\/yootheme\/cache\/9a\/masina-de-pompieri-9ae33fe5.webp 610w, \/wp-content\/uploads\/yootheme\/cache\/23\/masina-de-pompieri-231db3da.webp 768w, \/wp-content\/uploads\/yootheme\/cache\/c8\/masina-de-pompieri-c888e5e2.webp 900w\" sizes=\"(min-width: 610px) 610px\" \/><\/a><\/p>\n<div class=\"el-meta uk-h6 uk-text-primary uk-margin-top uk-margin-remove-bottom\"><time datetime=\"2026-08-29T16:56:44+02:00\">29 august, 2026<\/time> | <a href=\"https:\/\/www.sursadevest.ro\/author\/petronela\/\">Sursa de Vest<\/a> | <a href=\"https:\/\/www.sursadevest.ro\/categorie\/stiri\/eveniment\/\" rel=\"tag\">Eveniment<\/a>, <a href=\"https:\/\/www.sursadevest.ro\/categorie\/stiri\/\" rel=\"tag\">\u0218tiri<\/a> | <a href=\"https:\/\/www.sursadevest.ro\/explozie-in-judetul-timis-doua-victime-dupa-ce-o-butelie-cu-gpl-a-sarit-in-aer\/#respond\">Niciun comentariu<span class=\"screen-reader-text\"> la Explozie, \u00een jude\u021bul Timi\u0219! Dou\u0103 victime, dup\u0103 ce o butelie cu GPL a s\u0103rit \u00een aer<\/span><\/a><\/div>\n<h3 class=\"el-title uk-h4 uk-link-reset uk-margin-small-top uk-margin-remove-bottom\"><a href=\"https:\/\/www.sursadevest.ro\/explozie-in-judetul-timis-doua-victime-dupa-ce-o-butelie-cu-gpl-a-sarit-in-aer\/\">Explozie, \u00een jude\u021bul Timi\u0219! Dou\u0103 victime, dup\u0103 ce o butelie cu GPL a s\u0103rit \u00een aer<\/a><\/h3>\n<div class=\"el-content uk-panel uk-margin-small-top\">\n<p>Interven\u021bie de urgen\u021b\u0103 a pompierilor din Timi\u0219, care au fost chema\u021bi la locul unei deflgra\u021bii puternice produse \u00een satul \u021aipari, ce apar\u021bine de comuna Co\u0219teiu.<\/p>\n<\/div>\n<div class=\"uk-margin-top\"><a href=\"https:\/\/www.sursadevest.ro\/explozie-in-judetul-timis-doua-victime-dupa-ce-o-butelie-cu-gpl-a-sarit-in-aer\/\" class=\"el-link uk-button uk-button-text\">Vezi detalii<\/a><\/div>\n<\/div>\n<\/div>\n<div>\n<div class=\"el-item uk-panel uk-margin-remove-first-child\"><a href=\"https:\/\/www.sursadevest.ro\/retim-isi-mareste-echipa-angajeaza-volist-sennebogen\/\"><img decoding=\"async\" class=\"el-image uk-border-rounded\" src=\"https:\/\/www.sursadevest.ro\/wp-content\/uploads\/2026\/08\/volist.gif\" alt=\"Recruitment poster: hiring heavy equipment operator (Sennebogen) with M.U.T cert in S\u00e2nandrei; send CV to recrutare@retim.ro\" loading=\"lazy\" width=\"610\" height=\"339\"><\/a><\/p>\n<div class=\"el-meta uk-h6 uk-text-primary uk-margin-top uk-margin-remove-bottom\"><time datetime=\"2026-08-29T15:52:00+02:00\">29 august, 2026<\/time> | <a href=\"https:\/\/www.sursadevest.ro\/author\/petronela\/\">Sursa de Vest<\/a> | <a href=\"https:\/\/www.sursadevest.ro\/categorie\/stiri\/eveniment\/\" rel=\"tag\">Eveniment<\/a>, <a href=\"https:\/\/www.sursadevest.ro\/categorie\/stiri\/\" rel=\"tag\">\u0218tiri<\/a> | <a href=\"https:\/\/www.sursadevest.ro\/retim-isi-mareste-echipa-angajeaza-volist-sennebogen\/#respond\">Niciun comentariu<span class=\"screen-reader-text\"> la RETIM \u00ee\u0219i m\u0103re\u0219te echipa! Angajeaz\u0103 volist Sennebogen<\/span><\/a><\/div>\n<h3 class=\"el-title uk-h4 uk-link-reset uk-margin-small-top uk-margin-remove-bottom\"><a href=\"https:\/\/www.sursadevest.ro\/retim-isi-mareste-echipa-angajeaza-volist-sennebogen\/\">RETIM \u00ee\u0219i m\u0103re\u0219te echipa! Angajeaz\u0103 volist Sennebogen<\/a><\/h3>\n<div class=\"el-content uk-panel uk-margin-small-top\">\n<p>RETIM ECOLOGIC SERVICE SA scoate la concurs un post de volist Sennebogen, cu atestat mecanic utilaj terasier (M.U.T), pentru loca\u021bia din S\u00e2nandrei.<\/p>\n<\/div>\n<div class=\"uk-margin-top\"><a href=\"https:\/\/www.sursadevest.ro\/retim-isi-mareste-echipa-angajeaza-volist-sennebogen\/\" class=\"el-link uk-button uk-button-text\">Vezi detalii<\/a><\/div>\n<\/div>\n<\/div>\n<div>\n<div class=\"el-item uk-panel uk-margin-remove-first-child\"><a href=\"https:\/\/www.sursadevest.ro\/curajul-poarta-uniforma-cosmina-este-unul-dintre-pompierii-din-timis-care-lupta-cu-incendiile-devastatoare-din-serbia\/\"><source type=\"image\/webp\" srcset=\"\/wp-content\/uploads\/yootheme\/cache\/49\/cosmina-pompier-1-49208f9f.webp 610w, \/wp-content\/uploads\/yootheme\/cache\/33\/cosmina-pompier-1-3362eab5.webp 768w, \/wp-content\/uploads\/yootheme\/cache\/79\/cosmina-pompier-1-79da15d6.webp 1024w, \/wp-content\/uploads\/yootheme\/cache\/13\/cosmina-pompier-1-13943761.webp 1190w\" sizes=\"(min-width: 610px) 610px\" \/><\/a><\/p>\n<div class=\"el-meta uk-h6 uk-text-primary uk-margin-top uk-margin-remove-bottom\"><time datetime=\"2026-08-29T13:38:26+02:00\">29 august, 2026<\/time> | <a href=\"https:\/\/www.sursadevest.ro\/author\/petronela\/\">Sursa de Vest<\/a> | <a href=\"https:\/\/www.sursadevest.ro\/categorie\/stiri\/eveniment\/\" rel=\"tag\">Eveniment<\/a>, <a href=\"https:\/\/www.sursadevest.ro\/categorie\/stiri\/\" rel=\"tag\">\u0218tiri<\/a> | <a href=\"https:\/\/www.sursadevest.ro\/curajul-poarta-uniforma-cosmina-este-unul-dintre-pompierii-din-timis-care-lupta-cu-incendiile-devastatoare-din-serbia\/#respond\">Niciun comentariu<span class=\"screen-reader-text\"> la Curajul poart\u0103 uniform\u0103! Cosmina este unul dintre pompierii din Timi\u0219 care lupt\u0103 cu incendiile devastatoare din Serbia<\/span><\/a><\/div>\n<h3 class=\"el-title uk-h4 uk-link-reset uk-margin-small-top uk-margin-remove-bottom\"><a href=\"https:\/\/www.sursadevest.ro\/curajul-poarta-uniforma-cosmina-este-unul-dintre-pompierii-din-timis-care-lupta-cu-incendiile-devastatoare-din-serbia\/\">Curajul poart\u0103 uniform\u0103! Cosmina este unul dintre pompierii din Timi\u0219 care lupt\u0103 cu incendiile devastatoare din Serbia<\/a><\/h3>\n<div class=\"el-content uk-panel uk-margin-small-top\">\n<p>Curajul nu are gen, iar voca\u021bia de salvator nu cunoa\u0219te grani\u021be. Printre pompierii rom\u00e2ni mobiliza\u021bi \u00een Serbia pentru stingerea incendiilor se afl\u0103 \u0219i plutonierul Cosmina Iochim, de la ISU Timi\u0219.<\/p>\n<\/div>\n<div class=\"uk-margin-top\"><a href=\"https:\/\/www.sursadevest.ro\/curajul-poarta-uniforma-cosmina-este-unul-dintre-pompierii-din-timis-care-lupta-cu-incendiile-devastatoare-din-serbia\/\" class=\"el-link uk-button uk-button-text\">Vezi detalii<\/a><\/div>\n<\/div>\n<\/div>\n<div>\n<div class=\"el-item uk-panel uk-margin-remove-first-child\"><a href=\"https:\/\/www.sursadevest.ro\/spatiren-la-teremia-mare-istoria-comunei-descoperita-la-pas-si-prin-gusturile-bucatariei-banatene\/\"><img decoding=\"async\" class=\"el-image uk-border-rounded\" src=\"https:\/\/www.sursadevest.ro\/wp-content\/uploads\/2026\/08\/masa-campeneasca.gif\" alt=\"Outdoor table set for a feast with colorful ceramic pottery and a spread of breads, meats, and sauces.\" loading=\"lazy\" width=\"610\" height=\"339\"><\/a><\/p>\n<div class=\"el-meta uk-h6 uk-text-primary uk-margin-top uk-margin-remove-bottom\"><time datetime=\"2026-08-29T13:21:44+02:00\">29 august, 2026<\/time> | <a href=\"https:\/\/www.sursadevest.ro\/author\/petronela\/\">Sursa de Vest<\/a> | <a href=\"https:\/\/www.sursadevest.ro\/categorie\/stiri\/eveniment\/\" rel=\"tag\">Eveniment<\/a>, <a href=\"https:\/\/www.sursadevest.ro\/categorie\/stiri\/social\/\" rel=\"tag\">Social<\/a>, <a href=\"https:\/\/www.sursadevest.ro\/categorie\/stiri\/\" rel=\"tag\">\u0218tiri<\/a> | <a href=\"https:\/\/www.sursadevest.ro\/spatiren-la-teremia-mare-istoria-comunei-descoperita-la-pas-si-prin-gusturile-bucatariei-banatene\/#respond\">Niciun comentariu<span class=\"screen-reader-text\"> la \u201e\u0218pa\u021biren la Teremia Mare\u201d! Istoria comunei, descoperit\u0103 la pas \u0219i prin gusturile buc\u0103t\u0103riei b\u0103n\u0103\u021bene<\/span><\/a><\/div>\n<h3 class=\"el-title uk-h4 uk-link-reset uk-margin-small-top uk-margin-remove-bottom\"><a href=\"https:\/\/www.sursadevest.ro\/spatiren-la-teremia-mare-istoria-comunei-descoperita-la-pas-si-prin-gusturile-bucatariei-banatene\/\">\u201e\u0218pa\u021biren la Teremia Mare\u201d! Istoria comunei, descoperit\u0103 la pas \u0219i prin gusturile buc\u0103t\u0103riei b\u0103n\u0103\u021bene<\/a><\/h3>\n<div class=\"el-content uk-panel uk-margin-small-top\">\n<p>Pove\u0219tile, arhitectura \u0219i gastronomia Banatului se \u00eent\u00e2lnesc, m\u00e2ine, la Teremia Mare, \u00een jude\u021bul Timi\u0219, \u00eentr-un eveniment care \u00ee\u0219i propune s\u0103 readuc\u0103 \u00een aten\u021bie patrimoniul \u0219i memoria comunit\u0103\u021bilor locale.<\/p>\n<\/div>\n<div class=\"uk-margin-top\"><a href=\"https:\/\/www.sursadevest.ro\/spatiren-la-teremia-mare-istoria-comunei-descoperita-la-pas-si-prin-gusturile-bucatariei-banatene\/\" class=\"el-link uk-button uk-button-text\">Vezi detalii<\/a><\/div>\n<\/div>\n<\/div>\n<div>\n<div class=\"el-item uk-panel uk-margin-remove-first-child\"><a href=\"https:\/\/www.sursadevest.ro\/festivalul-25-de-ore-de-teatru-non-stop-revine-la-timisoara-abonamentele-vip-s-au-pus-in-vanzare\/\"><img decoding=\"async\" class=\"el-image uk-border-rounded\" src=\"https:\/\/www.sursadevest.ro\/wp-content\/uploads\/2026\/08\/teatru.gif\" alt=\"Two adults stand side by side in a dim, industrial workshop, looking ahead with tense expressions.\" loading=\"lazy\" width=\"610\" height=\"339\"><\/a><\/p>\n<div class=\"el-meta uk-h6 uk-text-primary uk-margin-top uk-margin-remove-bottom\"><time datetime=\"2026-08-29T12:29:00+02:00\">29 august, 2026<\/time> | <a href=\"https:\/\/www.sursadevest.ro\/author\/petronela\/\">Sursa de Vest<\/a> | <a href=\"https:\/\/www.sursadevest.ro\/categorie\/stiri\/cultura\/\" rel=\"tag\">Cultur\u0103<\/a>, <a href=\"https:\/\/www.sursadevest.ro\/categorie\/stiri\/eveniment\/\" rel=\"tag\">Eveniment<\/a>, <a href=\"https:\/\/www.sursadevest.ro\/categorie\/stiri\/\" rel=\"tag\">\u0218tiri<\/a> | <a href=\"https:\/\/www.sursadevest.ro\/festivalul-25-de-ore-de-teatru-non-stop-revine-la-timisoara-abonamentele-vip-s-au-pus-in-vanzare\/#respond\">Niciun comentariu<span class=\"screen-reader-text\"> la Festivalul \u201e25 de ore de teatru non-stop\u201d revine la Timi\u0219oara! Abonamentele VIP s-au pus \u00een v\u00e2nzare<\/span><\/a><\/div>\n<h3 class=\"el-title uk-h4 uk-link-reset uk-margin-small-top uk-margin-remove-bottom\"><a href=\"https:\/\/www.sursadevest.ro\/festivalul-25-de-ore-de-teatru-non-stop-revine-la-timisoara-abonamentele-vip-s-au-pus-in-vanzare\/\">Festivalul \u201e25 de ore de teatru non-stop\u201d revine la Timi\u0219oara! Abonamentele VIP s-au pus \u00een v\u00e2nzare<\/a><\/h3>\n<div class=\"el-content uk-panel uk-margin-small-top\">\n<p>Pentru al patrulea an consecutiv, la Timi\u0219oara g\u0103zduie\u0219te festivalul \u201e25 de ore de teatru non-stop\u201d.<\/p>\n<\/div>\n<div class=\"uk-margin-top\"><a href=\"https:\/\/www.sursadevest.ro\/festivalul-25-de-ore-de-teatru-non-stop-revine-la-timisoara-abonamentele-vip-s-au-pus-in-vanzare\/\" class=\"el-link uk-button uk-button-text\">Vezi detalii<\/a><\/div>\n<\/div>\n<\/div>\n<div>\n<div class=\"el-item uk-panel uk-margin-remove-first-child\"><a href=\"https:\/\/www.sursadevest.ro\/muzica-din-game-of-thrones-the-lord-of-the-rings-sau-avatar-va-rasuna-in-parcul-rozelor-filarmonica-banatul-organizeaza-concertul-simfonic-sounds-of-fantasy\/\"><img decoding=\"async\" class=\"el-image uk-border-rounded\" src=\"https:\/\/www.sursadevest.ro\/wp-content\/uploads\/2026\/08\/filarmonica.gif\" alt=\"Large choir standing behind an orchestra on a dimly lit stage during a performance.\" loading=\"lazy\" width=\"610\" height=\"339\"><\/a><\/p>\n<div class=\"el-meta uk-h6 uk-text-primary uk-margin-top uk-margin-remove-bottom\"><time datetime=\"2026-08-29T10:55:00+02:00\">29 august, 2026<\/time> | <a href=\"https:\/\/www.sursadevest.ro\/author\/petronela\/\">Sursa de Vest<\/a> | <a href=\"https:\/\/www.sursadevest.ro\/categorie\/stiri\/cultura\/\" rel=\"tag\">Cultur\u0103<\/a>, <a href=\"https:\/\/www.sursadevest.ro\/categorie\/stiri\/eveniment\/\" rel=\"tag\">Eveniment<\/a>, <a href=\"https:\/\/www.sursadevest.ro\/categorie\/stiri\/\" rel=\"tag\">\u0218tiri<\/a> | <a href=\"https:\/\/www.sursadevest.ro\/muzica-din-game-of-thrones-the-lord-of-the-rings-sau-avatar-va-rasuna-in-parcul-rozelor-filarmonica-banatul-organizeaza-concertul-simfonic-sounds-of-fantasy\/#respond\">Niciun comentariu<span class=\"screen-reader-text\"> la Muzica din Game of Thrones, The Lord of the Rings sau Avatar va r\u0103suna \u00een Parcul Rozelor! Filarmonica Banatul organizeaz\u0103 concertul simfonic \u201eSOUNDS OF FANTASY\u201d<\/span><\/a><\/div>\n<h3 class=\"el-title uk-h4 uk-link-reset uk-margin-small-top uk-margin-remove-bottom\"><a href=\"https:\/\/www.sursadevest.ro\/muzica-din-game-of-thrones-the-lord-of-the-rings-sau-avatar-va-rasuna-in-parcul-rozelor-filarmonica-banatul-organizeaza-concertul-simfonic-sounds-of-fantasy\/\">Muzica din Game of Thrones, The Lord of the Rings sau Avatar va r\u0103suna \u00een Parcul Rozelor! Filarmonica Banatul organizeaz\u0103 concertul simfonic \u201eSOUNDS OF FANTASY\u201d<\/a><\/h3>\n<div class=\"el-content uk-panel uk-margin-small-top\">\n<p>Coloane sonore care au definit unele dintre cele mai cunoscute universuri cinematografice \u0219i TV vor r\u0103suna live \u00een Parcul Rozelor.<\/p>\n<\/div>\n<div class=\"uk-margin-top\"><a href=\"https:\/\/www.sursadevest.ro\/muzica-din-game-of-thrones-the-lord-of-the-rings-sau-avatar-va-rasuna-in-parcul-rozelor-filarmonica-banatul-organizeaza-concertul-simfonic-sounds-of-fantasy\/\" class=\"el-link uk-button uk-button-text\">Vezi detalii<\/a><\/div>\n<\/div>\n<\/div>\n<div>\n<div class=\"el-item uk-panel uk-margin-remove-first-child\"><a href=\"https:\/\/www.sursadevest.ro\/o-cladire-simbol-din-timisoara-isi-deschide-portile-publicului-tururi-ghidate-la-fabrica-de-bere-timisoreana\/\"><img decoding=\"async\" class=\"el-image uk-border-rounded\" src=\"https:\/\/www.sursadevest.ro\/wp-content\/uploads\/2026\/08\/fabrica-de-bere.gif\" alt=\"Historic street scene with a white, stepped-gable factory building reading &apos;Fabrica de Pere&apos; and large signage; overhead wires cross the street in front of pastel-colored buildings.\" loading=\"lazy\" width=\"610\" height=\"339\"><\/a><\/p>\n<div class=\"el-meta uk-h6 uk-text-primary uk-margin-top uk-margin-remove-bottom\"><time datetime=\"2026-08-29T10:05:00+02:00\">29 august, 2026<\/time> | <a href=\"https:\/\/www.sursadevest.ro\/author\/petronela\/\">Sursa de Vest<\/a> | <a href=\"https:\/\/www.sursadevest.ro\/categorie\/stiri\/eveniment\/\" rel=\"tag\">Eveniment<\/a>, <a href=\"https:\/\/www.sursadevest.ro\/categorie\/stiri\/\" rel=\"tag\">\u0218tiri<\/a> | <a href=\"https:\/\/www.sursadevest.ro\/o-cladire-simbol-din-timisoara-isi-deschide-portile-publicului-tururi-ghidate-la-fabrica-de-bere-timisoreana\/#respond\">Niciun comentariu<span class=\"screen-reader-text\"> la O cl\u0103dire simbol din Timi\u0219oara \u00ee\u0219i deschide por\u021bile publicului! Tururi ghidate, la Fabrica de Bere \u201eTimi\u0219oreana\u201d<\/span><\/a><\/div>\n<h3 class=\"el-title uk-h4 uk-link-reset uk-margin-small-top uk-margin-remove-bottom\"><a href=\"https:\/\/www.sursadevest.ro\/o-cladire-simbol-din-timisoara-isi-deschide-portile-publicului-tururi-ghidate-la-fabrica-de-bere-timisoreana\/\">O cl\u0103dire simbol din Timi\u0219oara \u00ee\u0219i deschide por\u021bile publicului! Tururi ghidate, la Fabrica de Bere \u201eTimi\u0219oreana\u201d<\/a><\/h3>\n<div class=\"el-content uk-panel uk-margin-small-top\">\n<p>Timi\u0219orenii pot vizita o cl\u0103dire cu istorie din ora\u0219. Fabrica de Bere \u201eTimi\u0219oreana\u201d \u00ee\u0219i deschide por\u021bile timp de trei zile.<\/p>\n<\/div>\n<div class=\"uk-margin-top\"><a href=\"https:\/\/www.sursadevest.ro\/o-cladire-simbol-din-timisoara-isi-deschide-portile-publicului-tururi-ghidate-la-fabrica-de-bere-timisoreana\/\" class=\"el-link uk-button uk-button-text\">Vezi detalii<\/a><\/div>\n<\/div>\n<\/div>\n<div>\n<div class=\"el-item uk-panel uk-margin-remove-first-child\"><a href=\"https:\/\/www.sursadevest.ro\/un-nou-camin-studentesc-este-finalizat-la-ghiroda-uvt-a-investit-aproape-53-de-milioane-de-lei-pentru-162-de-locuri-de-cazare\/\"><source type=\"image\/webp\" srcset=\"\/wp-content\/uploads\/yootheme\/cache\/97\/camin-uvt-ghiroda-01-9707a04a.webp 610w, \/wp-content\/uploads\/yootheme\/cache\/ac\/camin-uvt-ghiroda-01-ac441dbf.webp 768w, \/wp-content\/uploads\/yootheme\/cache\/c9\/camin-uvt-ghiroda-01-c913127d.webp 900w\" sizes=\"(min-width: 610px) 610px\" \/><\/a><\/p>\n<div class=\"el-meta uk-h6 uk-text-primary uk-margin-top uk-margin-remove-bottom\"><time datetime=\"2026-08-29T09:01:51+02:00\">29 august, 2026<\/time> | <a href=\"https:\/\/www.sursadevest.ro\/author\/petronela\/\">Sursa de Vest<\/a> | <a href=\"https:\/\/www.sursadevest.ro\/categorie\/stiri\/administratie\/\" rel=\"tag\">Administra\u021bie<\/a>, <a href=\"https:\/\/www.sursadevest.ro\/categorie\/stiri\/educatie\/\" rel=\"tag\">Educa\u021bie<\/a>, <a href=\"https:\/\/www.sursadevest.ro\/categorie\/stiri\/eveniment\/\" rel=\"tag\">Eveniment<\/a>, <a href=\"https:\/\/www.sursadevest.ro\/categorie\/stiri\/\" rel=\"tag\">\u0218tiri<\/a> | <a href=\"https:\/\/www.sursadevest.ro\/un-nou-camin-studentesc-este-finalizat-la-ghiroda-uvt-a-investit-aproape-53-de-milioane-de-lei-pentru-162-de-locuri-de-cazare\/#respond\">Niciun comentariu<span class=\"screen-reader-text\"> la Un nou c\u0103min studen\u021besc este finalizat, la Ghiroda. UVT a investit aproape 53 de milioane de lei pentru 162 de locuri de cazare<\/span><\/a><\/div>\n<h3 class=\"el-title uk-h4 uk-link-reset uk-margin-small-top uk-margin-remove-bottom\"><a href=\"https:\/\/www.sursadevest.ro\/un-nou-camin-studentesc-este-finalizat-la-ghiroda-uvt-a-investit-aproape-53-de-milioane-de-lei-pentru-162-de-locuri-de-cazare\/\">Un nou c\u0103min studen\u021besc este finalizat, la Ghiroda. UVT a investit aproape 53 de milioane de lei pentru 162 de locuri de cazare<\/a><\/h3>\n<div class=\"el-content uk-panel uk-margin-small-top\">\n<p>Universitatea de Vest din Timi\u0219oara a finalizat construc\u021bia unui nou c\u0103min studen\u021besc \u00een hub-ul educa\u021bional pe care \u00eel dezvolt\u0103 la Ghiroda.<\/p>\n<\/div>\n<div class=\"uk-margin-top\"><a href=\"https:\/\/www.sursadevest.ro\/un-nou-camin-studentesc-este-finalizat-la-ghiroda-uvt-a-investit-aproape-53-de-milioane-de-lei-pentru-162-de-locuri-de-cazare\/\" class=\"el-link uk-button uk-button-text\">Vezi detalii<\/a><\/div>\n<\/div>\n<\/div>\n<div>\n<div class=\"el-item uk-panel uk-margin-remove-first-child\"><a href=\"https:\/\/www.sursadevest.ro\/video-accident-teribil-filmat-de-camerele-de-supraveghere-patru-victime-dupa-ce-un-individ-urmarit-de-politisti-a-lovit-o-masina-si-a-aruncat-o-in-terasa-unui-restaurant\/\"><source type=\"image\/webp\" srcset=\"\/wp-content\/uploads\/yootheme\/cache\/97\/accident-lugoj-97a46a62.webp 610w, \/wp-content\/uploads\/yootheme\/cache\/98\/accident-lugoj-98a28d00.webp 768w, \/wp-content\/uploads\/yootheme\/cache\/d8\/accident-lugoj-d862f760.webp 900w\" sizes=\"(min-width: 610px) 610px\" \/><\/a><\/p>\n<div class=\"el-meta uk-h6 uk-text-primary uk-margin-top uk-margin-remove-bottom\"><time datetime=\"2026-08-29T08:34:52+02:00\">29 august, 2026<\/time> | <a href=\"https:\/\/www.sursadevest.ro\/author\/petronela\/\">Sursa de Vest<\/a> | <a href=\"https:\/\/www.sursadevest.ro\/categorie\/stiri\/eveniment\/\" rel=\"tag\">Eveniment<\/a>, <a href=\"https:\/\/www.sursadevest.ro\/categorie\/stiri\/\" rel=\"tag\">\u0218tiri<\/a> | <a href=\"https:\/\/www.sursadevest.ro\/video-accident-teribil-filmat-de-camerele-de-supraveghere-patru-victime-dupa-ce-un-individ-urmarit-de-politisti-a-lovit-o-masina-si-a-aruncat-o-in-terasa-unui-restaurant\/#respond\">Niciun comentariu<span class=\"screen-reader-text\"> la Video: Accident teribil, filmat de camerele de supraveghere! Patru victime dup\u0103 ce un individ urm\u0103rit de poli\u021bi\u0219ti a lovit o ma\u0219in\u0103 \u0219i a aruncat-o \u00een terasa unui restaurant<\/span><\/a><\/div>\n<h3 class=\"el-title uk-h4 uk-link-reset uk-margin-small-top uk-margin-remove-bottom\"><a href=\"https:\/\/www.sursadevest.ro\/video-accident-teribil-filmat-de-camerele-de-supraveghere-patru-victime-dupa-ce-un-individ-urmarit-de-politisti-a-lovit-o-masina-si-a-aruncat-o-in-terasa-unui-restaurant\/\">Video: Accident teribil, filmat de camerele de supraveghere! Patru victime dup\u0103 ce un individ urm\u0103rit de poli\u021bi\u0219ti a lovit o ma\u0219in\u0103 \u0219i a aruncat-o \u00een terasa unui restaurant<\/a><\/h3>\n<div class=\"el-content uk-panel uk-margin-small-top\">\n<p>O curs\u0103 nebun\u0103 pe str\u0103zile din Lugoj s-a terminat cu un accident violent \u0219i patru victime. De vin\u0103 a fost un t\u00e2n\u0103r de 27 de ani, care a urcat la volan de\u0219i era b\u0103ut bine \u0219i nu avea nici permis de conducere.<\/p>\n<\/div>\n<div class=\"uk-margin-top\"><a href=\"https:\/\/www.sursadevest.ro\/video-accident-teribil-filmat-de-camerele-de-supraveghere-patru-victime-dupa-ce-un-individ-urmarit-de-politisti-a-lovit-o-masina-si-a-aruncat-o-in-terasa-unui-restaurant\/\" class=\"el-link uk-button uk-button-text\">Vezi detalii<\/a><\/div>\n<\/div>\n<\/div>\n<div>\n<div class=\"el-item uk-panel uk-margin-remove-first-child\"><a href=\"https:\/\/www.sursadevest.ro\/este-oficial-fritz-trebuie-sa-plece-din-functia-de-primar-prima-reactie-pe-care-a-avut-o-dupa-promulgarea-legii-care-ii-intrerupe-mandatul\/\"><img decoding=\"async\" class=\"el-image uk-border-rounded\" src=\"https:\/\/www.sursadevest.ro\/wp-content\/uploads\/2026\/05\/dominic-fritz-1.gif\" alt=\"Man with glasses being filmed indoors, camera operator in foreground and flags visible in the background, giving an interview vibe.\" loading=\"lazy\" width=\"610\" height=\"339\"><\/a><\/p>\n<div class=\"el-meta uk-h6 uk-text-primary uk-margin-top uk-margin-remove-bottom\"><time datetime=\"2026-08-28T21:35:53+02:00\">28 august, 2026<\/time> | <a href=\"https:\/\/www.sursadevest.ro\/author\/petronela\/\">Sursa de Vest<\/a> | <a href=\"https:\/\/www.sursadevest.ro\/categorie\/stiri\/administratie\/\" rel=\"tag\">Administra\u021bie<\/a>, <a href=\"https:\/\/www.sursadevest.ro\/categorie\/stiri\/eveniment\/\" rel=\"tag\">Eveniment<\/a>, <a href=\"https:\/\/www.sursadevest.ro\/categorie\/stiri\/\" rel=\"tag\">\u0218tiri<\/a> | <a href=\"https:\/\/www.sursadevest.ro\/este-oficial-fritz-trebuie-sa-plece-din-functia-de-primar-prima-reactie-pe-care-a-avut-o-dupa-promulgarea-legii-care-ii-intrerupe-mandatul\/#respond\">Niciun comentariu<span class=\"screen-reader-text\"> la Este oficial! Fritz trebuie s\u0103 plece din func\u021bia de primar! Prima reac\u021bie pe care a avut-o dup\u0103 promulgarea legii care \u00eei \u00eentrerupe mandatul<\/span><\/a><\/div>\n<h3 class=\"el-title uk-h4 uk-link-reset uk-margin-small-top uk-margin-remove-bottom\"><a href=\"https:\/\/www.sursadevest.ro\/este-oficial-fritz-trebuie-sa-plece-din-functia-de-primar-prima-reactie-pe-care-a-avut-o-dupa-promulgarea-legii-care-ii-intrerupe-mandatul\/\">Este oficial! Fritz trebuie s\u0103 plece din func\u021bia de primar! Prima reac\u021bie pe care a avut-o dup\u0103 promulgarea legii care \u00eei \u00eentrerupe mandatul<\/a><\/h3>\n<div class=\"el-content uk-panel uk-margin-small-top\">\n<p>Cel mult 30 de zile mai poate r\u0103m\u00e2ne Dominic Fritz la conducerea Prim\u0103riei Timi\u015foara, dup\u0103 ce pre\u015fedintele Rom\u00e2niei, Nicu\u015for Dan, a promulgat, \u00een aceast\u0103 dup\u0103-amiaz\u0103, noua Lege a integrit\u0103\u0163ii.<\/p>\n<\/div>\n<div class=\"uk-margin-top\"><a href=\"https:\/\/www.sursadevest.ro\/este-oficial-fritz-trebuie-sa-plece-din-functia-de-primar-prima-reactie-pe-care-a-avut-o-dupa-promulgarea-legii-care-ii-intrerupe-mandatul\/\" class=\"el-link uk-button uk-button-text\">Vezi detalii<\/a><\/div>\n<\/div>\n<\/div>\n<div>\n<div class=\"el-item uk-panel uk-margin-remove-first-child\"><a href=\"https:\/\/www.sursadevest.ro\/accident-pe-dn-68a-intre-cosava-si-margina-trei-masini-au-fost-implicate\/\"><source type=\"image\/webp\" srcset=\"\/wp-content\/uploads\/yootheme\/cache\/4d\/ambulanta-4dae0d32.webp 604w\" sizes=\"(min-width: 604px) 604px\" \/><\/a><\/p>\n<div class=\"el-meta uk-h6 uk-text-primary uk-margin-top uk-margin-remove-bottom\"><time datetime=\"2026-08-28T15:02:47+02:00\">28 august, 2026<\/time> | <a href=\"https:\/\/www.sursadevest.ro\/author\/petronela\/\">Sursa de Vest<\/a> | <a href=\"https:\/\/www.sursadevest.ro\/categorie\/stiri\/eveniment\/\" rel=\"tag\">Eveniment<\/a>, <a href=\"https:\/\/www.sursadevest.ro\/categorie\/stiri\/\" rel=\"tag\">\u0218tiri<\/a> | <a href=\"https:\/\/www.sursadevest.ro\/accident-pe-dn-68a-intre-cosava-si-margina-trei-masini-au-fost-implicate\/#respond\">Niciun comentariu<span class=\"screen-reader-text\"> la Accident pe DN 68A, \u00eentre Co\u0219ava \u0219i Margina! Trei ma\u0219ini au fost implicate<\/span><\/a><\/div>\n<h3 class=\"el-title uk-h4 uk-link-reset uk-margin-small-top uk-margin-remove-bottom\"><a href=\"https:\/\/www.sursadevest.ro\/accident-pe-dn-68a-intre-cosava-si-margina-trei-masini-au-fost-implicate\/\">Accident pe DN 68A, \u00eentre Co\u0219ava \u0219i Margina! Trei ma\u0219ini au fost implicate<\/a><\/h3>\n<div class=\"el-content uk-panel uk-margin-small-top\">\n<p>Accident \u00een lan\u021b pe DN 68A, \u00eentre localit\u0103\u021bile Co\u0219ava \u0219i Margina! \u00cen urma impactului, un b\u0103rbat de 54 de ani, pasager \u00eentr-unul dintre autoturismele implicate, a fost r\u0103nit.<\/p>\n<\/div>\n<div class=\"uk-margin-top\"><a href=\"https:\/\/www.sursadevest.ro\/accident-pe-dn-68a-intre-cosava-si-margina-trei-masini-au-fost-implicate\/\" class=\"el-link uk-button uk-button-text\">Vezi detalii<\/a><\/div>\n<\/div>\n<\/div>\n<div>\n<div class=\"el-item uk-panel uk-margin-remove-first-child\"><a href=\"https:\/\/www.sursadevest.ro\/zborurile-charter-timisoara-hurghada-mutate-temporar-la-arad-din-cauza-lucrarilor-programate-la-pista-aeroportului-din-timisoara\/\"><source type=\"image\/webp\" srcset=\"\/wp-content\/uploads\/yootheme\/cache\/61\/avion-pista-61ced15b.webp 610w, \/wp-content\/uploads\/yootheme\/cache\/82\/avion-pista-826f2458.webp 768w, \/wp-content\/uploads\/yootheme\/cache\/24\/avion-pista-24dafedb.webp 1080w\" sizes=\"(min-width: 610px) 610px\" \/><\/a><\/p>\n<div class=\"el-meta uk-h6 uk-text-primary uk-margin-top uk-margin-remove-bottom\"><time datetime=\"2026-08-28T14:05:10+02:00\">28 august, 2026<\/time> | <a href=\"https:\/\/www.sursadevest.ro\/author\/petronela\/\">Sursa de Vest<\/a> | <a href=\"https:\/\/www.sursadevest.ro\/categorie\/stiri\/eveniment\/\" rel=\"tag\">Eveniment<\/a>, <a href=\"https:\/\/www.sursadevest.ro\/categorie\/stiri\/\" rel=\"tag\">\u0218tiri<\/a> | <a href=\"https:\/\/www.sursadevest.ro\/zborurile-charter-timisoara-hurghada-mutate-temporar-la-arad-din-cauza-lucrarilor-programate-la-pista-aeroportului-din-timisoara\/#respond\">Niciun comentariu<span class=\"screen-reader-text\"> la Zborurile charter Timi\u0219oara \u2013 Hurghada, mutate temporar la Arad, din cauza lucr\u0103rilor programate la pista aeroportului din Timi\u0219oara!<\/span><\/a><\/div>\n<h3 class=\"el-title uk-h4 uk-link-reset uk-margin-small-top uk-margin-remove-bottom\"><a href=\"https:\/\/www.sursadevest.ro\/zborurile-charter-timisoara-hurghada-mutate-temporar-la-arad-din-cauza-lucrarilor-programate-la-pista-aeroportului-din-timisoara\/\">Zborurile charter Timi\u0219oara \u2013 Hurghada, mutate temporar la Arad, din cauza lucr\u0103rilor programate la pista aeroportului din Timi\u0219oara!<\/a><\/h3>\n<div class=\"el-content uk-panel uk-margin-small-top\">\n<p>Turi\u0219tii care au cump\u0103rat vacan\u021be \u00een Egipt cu plecare din Timi\u0219oara \u00een zilele de 8, 15 \u0219i 22 noiembrie 2026 vor decola \u0219i se vor \u00eentoarce de pe Aeroportul Interna\u021bional Arad.<\/p>\n<\/div>\n<div class=\"uk-margin-top\"><a href=\"https:\/\/www.sursadevest.ro\/zborurile-charter-timisoara-hurghada-mutate-temporar-la-arad-din-cauza-lucrarilor-programate-la-pista-aeroportului-din-timisoara\/\" class=\"el-link uk-button uk-button-text\">Vezi detalii<\/a><\/div>\n<\/div>\n<\/div>\n<div>\n<div class=\"el-item uk-panel uk-margin-remove-first-child\"><a href=\"https:\/\/www.sursadevest.ro\/pompierii-romani-continua-lupta-cu-incendiile-din-serbia-modulul-de-interventie-a-fost-relocat-in-rezervatia-deliblata-sands\/\"><source type=\"image\/webp\" srcset=\"\/wp-content\/uploads\/yootheme\/cache\/d7\/incendiu-serbia-2-d7388122.webp 610w, \/wp-content\/uploads\/yootheme\/cache\/9e\/incendiu-serbia-2-9e1aa772.webp 768w, \/wp-content\/uploads\/yootheme\/cache\/c1\/incendiu-serbia-2-c133727f.webp 1024w, \/wp-content\/uploads\/yootheme\/cache\/f9\/incendiu-serbia-2-f92001eb.webp 1220w\" sizes=\"(min-width: 610px) 610px\" \/><\/a><\/p>\n<div class=\"el-meta uk-h6 uk-text-primary uk-margin-top uk-margin-remove-bottom\"><time datetime=\"2026-08-28T13:31:59+02:00\">28 august, 2026<\/time> | <a href=\"https:\/\/www.sursadevest.ro\/author\/petronela\/\">Sursa de Vest<\/a> | <a href=\"https:\/\/www.sursadevest.ro\/categorie\/stiri\/eveniment\/\" rel=\"tag\">Eveniment<\/a>, <a href=\"https:\/\/www.sursadevest.ro\/categorie\/stiri\/\" rel=\"tag\">\u0218tiri<\/a> | <a href=\"https:\/\/www.sursadevest.ro\/pompierii-romani-continua-lupta-cu-incendiile-din-serbia-modulul-de-interventie-a-fost-relocat-in-rezervatia-deliblata-sands\/#respond\">Niciun comentariu<span class=\"screen-reader-text\"> la Pompierii rom\u00e2ni continu\u0103 lupta cu incendiile din Serbia! Modulul de interven\u021bie a fost relocat \u00een rezerva\u021bia Deliblata Sands<\/span><\/a><\/div>\n<h3 class=\"el-title uk-h4 uk-link-reset uk-margin-small-top uk-margin-remove-bottom\"><a href=\"https:\/\/www.sursadevest.ro\/pompierii-romani-continua-lupta-cu-incendiile-din-serbia-modulul-de-interventie-a-fost-relocat-in-rezervatia-deliblata-sands\/\">Pompierii rom\u00e2ni continu\u0103 lupta cu incendiile din Serbia! Modulul de interven\u021bie a fost relocat \u00een rezerva\u021bia Deliblata Sands<\/a><\/h3>\n<div class=\"el-content uk-panel uk-margin-small-top\">\n<p>Pompierii rom\u00e2ni continu\u0103 misiunile de stingere a incendiilor de vegeta\u021bie din Serbia.<\/p>\n<\/div>\n<div class=\"uk-margin-top\"><a href=\"https:\/\/www.sursadevest.ro\/pompierii-romani-continua-lupta-cu-incendiile-din-serbia-modulul-de-interventie-a-fost-relocat-in-rezervatia-deliblata-sands\/\" class=\"el-link uk-button uk-button-text\">Vezi detalii<\/a><\/div>\n<\/div>\n<\/div>\n<\/div>\n<\/div>\n<\/div>\n<div class=\"uk-width-1-3@m\">\n<h2 class=\"uk-h4\">\n<p>                    Alte articole        <\/p>\n<\/h2>\n<div class=\"uk-margin\">\n<div class=\"uk-grid uk-child-width-1-1 uk-child-width-1-2@s uk-child-width-1-1@m uk-grid-small uk-grid-divider uk-grid-match\">\n<div>\n<div class=\"el-item uk-panel\">\n<div class=\"uk-grid-column-small\">\n<div class=\"uk-width-auto\"><a href=\"https:\/\/www.sursadevest.ro\/probleme-cu-apa-in-doua-localitati-din-judet-aquatim-anunta-lucrari\/\"><img decoding=\"async\" class=\"el-image\" src=\"https:\/\/www.sursadevest.ro\/wp-content\/uploads\/2026\/06\/apa.gif\" alt=\"Close-up of a polished chrome faucet spout with a single droplet of water falling from it\" loading=\"lazy\" width=\"75\" height=\"75\"><\/a><\/div>\n<div class=\"uk-width-expand uk-margin-remove-first-child\">\n<div class=\"el-meta uk-h6 uk-text-primary uk-margin-top uk-margin-remove-bottom\">30 august, 2026<\/div>\n<h3 class=\"el-title uk-h5 uk-link-reset uk-margin-remove-top uk-margin-remove-bottom\"><a href=\"https:\/\/www.sursadevest.ro\/probleme-cu-apa-in-doua-localitati-din-judet-aquatim-anunta-lucrari\/\">Probleme cu apa, \u00een dou\u0103 localit\u0103\u021bi din jude\u021b! Aquatim anun\u021b\u0103 lucr\u0103ri<\/a><\/h3>\n<div class=\"uk-margin-small-top\"><a href=\"https:\/\/www.sursadevest.ro\/probleme-cu-apa-in-doua-localitati-din-judet-aquatim-anunta-lucrari\/\" class=\"el-link uk-button uk-button-text\">Vezi detalii<\/a><\/div>\n<\/div>\n<\/div>\n<\/div>\n<\/div>\n<div>\n<div class=\"el-item uk-panel\">\n<div class=\"uk-grid-column-small\">\n<div class=\"uk-width-auto\"><a href=\"https:\/\/www.sursadevest.ro\/ajofm-timis-sprijina-angajatii-si-angajatorii-din-judet-prin-doua-proiecte-care-pun-accent-pe-ucenicie-la-locul-de-munca\/\"><source type=\"image\/webp\" srcset=\"\/wp-content\/uploads\/yootheme\/cache\/3f\/ajofm-3fab2c26.webp 150w\" sizes=\"(min-width: 75px) 75px\" \/><\/a><\/div>\n<div class=\"uk-width-expand uk-margin-remove-first-child\">\n<div class=\"el-meta uk-h6 uk-text-primary uk-margin-top uk-margin-remove-bottom\">30 august, 2026<\/div>\n<h3 class=\"el-title uk-h5 uk-link-reset uk-margin-remove-top uk-margin-remove-bottom\"><a href=\"https:\/\/www.sursadevest.ro\/ajofm-timis-sprijina-angajatii-si-angajatorii-din-judet-prin-doua-proiecte-care-pun-accent-pe-ucenicie-la-locul-de-munca\/\">AJOFM Timi\u0219 sprijin\u0103 angaja\u021bii \u0219i angajatorii din jude\u021b, prin dou\u0103 proiecte care pun accent pe ucenicie la locul de munc\u0103<\/a><\/h3>\n<div class=\"uk-margin-small-top\"><a href=\"https:\/\/www.sursadevest.ro\/ajofm-timis-sprijina-angajatii-si-angajatorii-din-judet-prin-doua-proiecte-care-pun-accent-pe-ucenicie-la-locul-de-munca\/\" class=\"el-link uk-button uk-button-text\">Vezi detalii<\/a><\/div>\n<\/div>\n<\/div>\n<\/div>\n<\/div>\n<div>\n<div class=\"el-item uk-panel\">\n<div class=\"uk-grid-column-small\">\n<div class=\"uk-width-auto\"><a href=\"https:\/\/www.sursadevest.ro\/trafic-blocat-pe-autostrada-a1-dupa-ce-remorca-unui-tir-a-luat-foc-incarcatura-s-a-imprastiat-pe-sosea\/\"><source type=\"image\/webp\" srcset=\"\/wp-content\/uploads\/yootheme\/cache\/8e\/inendiu-tir-8e2ccc4f.webp 150w\" sizes=\"(min-width: 75px) 75px\" \/><\/a><\/div>\n<div class=\"uk-width-expand uk-margin-remove-first-child\">\n<div class=\"el-meta uk-h6 uk-text-primary uk-margin-top uk-margin-remove-bottom\">30 august, 2026<\/div>\n<h3 class=\"el-title uk-h5 uk-link-reset uk-margin-remove-top uk-margin-remove-bottom\"><a href=\"https:\/\/www.sursadevest.ro\/trafic-blocat-pe-autostrada-a1-dupa-ce-remorca-unui-tir-a-luat-foc-incarcatura-s-a-imprastiat-pe-sosea\/\">Trafic blocat pe Autostrada A1, dup\u0103 ce remorca unui TIR a luat foc! \u00cenc\u0103rc\u0103tura s-a \u00eempr\u0103\u0219tiat pe \u0219osea<\/a><\/h3>\n<div class=\"uk-margin-small-top\"><a href=\"https:\/\/www.sursadevest.ro\/trafic-blocat-pe-autostrada-a1-dupa-ce-remorca-unui-tir-a-luat-foc-incarcatura-s-a-imprastiat-pe-sosea\/\" class=\"el-link uk-button uk-button-text\">Vezi detalii<\/a><\/div>\n<\/div>\n<\/div>\n<\/div>\n<\/div>\n<div>\n<div class=\"el-item uk-panel\">\n<div class=\"uk-grid-column-small\">\n<div class=\"uk-width-auto\"><a href=\"https:\/\/www.sursadevest.ro\/video-flacari-uriase-au-mistuit-o-gospodarie-in-miez-de-noapte-incendiul-a-cuprins-300-de-metri-patrati\/\"><source type=\"image\/webp\" srcset=\"\/wp-content\/uploads\/yootheme\/cache\/a2\/incendiu-arad-a241c9ed.webp 150w\" sizes=\"(min-width: 75px) 75px\" \/><\/a><\/div>\n<div class=\"uk-width-expand uk-margin-remove-first-child\">\n<div class=\"el-meta uk-h6 uk-text-primary uk-margin-top uk-margin-remove-bottom\">30 august, 2026<\/div>\n<h3 class=\"el-title uk-h5 uk-link-reset uk-margin-remove-top uk-margin-remove-bottom\"><a href=\"https:\/\/www.sursadevest.ro\/video-flacari-uriase-au-mistuit-o-gospodarie-in-miez-de-noapte-incendiul-a-cuprins-300-de-metri-patrati\/\">Video: Fl\u0103c\u0103ri uria\u0219e au mistuit o gospod\u0103rie, \u00een miez de noapte! Incendiul a cuprins 300 de metri p\u0103tra\u021bi<\/a><\/h3>\n<div class=\"uk-margin-small-top\"><a href=\"https:\/\/www.sursadevest.ro\/video-flacari-uriase-au-mistuit-o-gospodarie-in-miez-de-noapte-incendiul-a-cuprins-300-de-metri-patrati\/\" class=\"el-link uk-button uk-button-text\">Vezi detalii<\/a><\/div>\n<\/div>\n<\/div>\n<\/div>\n<\/div>\n<\/div>\n<\/div>\n<div class=\"uk-margin-remove-vertical\">\n<div class=\"uk-grid uk-child-width-1-1 uk-grid-small uk-grid-divider uk-grid-match\">\n<div>\n<div class=\"el-item uk-panel\"><a href=\"https:\/\/retim.ro\/eticheta\" target=\"_blank\"><\/p>\n<div class=\"uk-inline-clip uk-transition-toggle\"><img loading=\"lazy\" decoding=\"async\" class=\"el-image uk-transition-scale-down uk-transition-opaque\" src=\"https:\/\/www.sursadevest.ro\/wp-content\/uploads\/2025\/07\/ReTIM-banner-press-300x300px.gif\" alt width=\"300\" height=\"300\"><\/div>\n<p><\/a><\/p>\n<div class=\"uk-padding-small uk-margin-remove-first-child\">\n<div class=\"el-meta uk-text-meta uk-margin-small-top\">Retim Ecologic Service<\/div>\n<div class=\"uk-margin-small-top\"><a href=\"https:\/\/retim.ro\/eticheta\" target=\"_blank\" class=\"el-link uk-button uk-button-text\">Vezi detalii<\/a><\/div>\n<\/div>\n<\/div>\n<\/div>\n<div>\n<div class=\"el-item uk-panel\"><a href=\"https:\/\/rmnimagisticas.ro\/\" target=\"_blank\"><\/p>\n<div class=\"uk-inline-clip uk-transition-toggle\"><source type=\"image\/webp\" srcset=\"\/wp-content\/uploads\/yootheme\/cache\/86\/RMN-Imagistica-86a88a5a.webp 450w\" sizes=\"(min-width: 450px) 450px\" \/><\/div>\n<p><\/a><\/p>\n<div class=\"uk-padding-small uk-margin-remove-first-child\">\n<div class=\"el-meta uk-text-meta uk-margin-small-top\">RMN ImagisticAS<\/div>\n<div class=\"uk-margin-small-top\"><a href=\"https:\/\/rmnimagisticas.ro\/\" target=\"_blank\" class=\"el-link uk-button uk-button-text\">Vezi detalii<\/a><\/div>\n<\/div>\n<\/div>\n<\/div>\n<div>\n<div class=\"el-item uk-panel\"><a href=\"https:\/\/ro.san-marco.com\/\" target=\"_blank\"><\/p>\n<div class=\"uk-inline-clip uk-transition-toggle\"><source type=\"image\/webp\" srcset=\"\/wp-content\/uploads\/yootheme\/cache\/df\/sanmarco-df655601.webp 450w\" sizes=\"(min-width: 450px) 450px\" \/><\/div>\n<p><\/a><\/p>\n<div class=\"uk-padding-small uk-margin-remove-first-child\">\n<div class=\"el-meta uk-text-meta uk-margin-small-top\">San Marco<\/div>\n<div class=\"uk-margin-small-top\"><a href=\"https:\/\/ro.san-marco.com\/\" target=\"_blank\" class=\"el-link uk-button uk-button-text\">Vezi detalii<\/a><\/div>\n<\/div>\n<\/div>\n<\/div>\n<div>\n<div class=\"el-item uk-panel\"><a href=\"https:\/\/afiom.ro\/doneaza\" target=\"_blank\"><\/p>\n<div class=\"uk-inline-clip uk-transition-toggle\"><img loading=\"lazy\" decoding=\"async\" class=\"el-image uk-transition-scale-down uk-transition-opaque\" src=\"https:\/\/www.sursadevest.ro\/wp-content\/uploads\/2024\/12\/AfiOM_Sites_350x350_Mamici.gif\" alt width=\"350\" height=\"350\"><\/div>\n<p><\/a><\/p>\n<div class=\"uk-padding-small uk-margin-remove-first-child\">\n<div class=\"el-meta uk-text-meta uk-margin-small-top\">A fi om!<\/div>\n<div class=\"uk-margin-small-top\"><a href=\"https:\/\/afiom.ro\/doneaza\" target=\"_blank\" class=\"el-link uk-button uk-button-text\">Vezi detalii<\/a><\/div>\n<\/div>\n<\/div>\n<\/div>\n<div>\n<div class=\"el-item uk-panel\"><a href=\"https:\/\/afiom.ro\/doneaza\" target=\"_blank\"><\/p>\n<div class=\"uk-inline-clip uk-transition-toggle\"><img loading=\"lazy\" decoding=\"async\" class=\"el-image uk-transition-scale-down uk-transition-opaque\" src=\"https:\/\/www.sursadevest.ro\/wp-content\/uploads\/2024\/12\/AfiOM_Sites_350x350_Sport.gif\" alt width=\"350\" height=\"350\"><\/div>\n<p><\/a><\/p>\n<div class=\"uk-padding-small uk-margin-remove-first-child\">\n<div class=\"el-meta uk-text-meta uk-margin-small-top\">A fi om!<\/div>\n<div class=\"uk-margin-small-top\"><a href=\"https:\/\/afiom.ro\/doneaza\" target=\"_blank\" class=\"el-link uk-button uk-button-text\">Vezi detalii<\/a><\/div>\n<\/div>\n<\/div>\n<\/div>\n<div>\n<div class=\"el-item uk-panel uk-margin-remove-first-child\">\n<div class=\"el-meta uk-text-meta uk-margin-small-top\">For\u021ba Dreptei<\/div>\n<\/div>\n<\/div>\n<div>\n<div class=\"el-item uk-panel\"><a href=\"https:\/\/www.igard.ro\" target=\"_blank\"><\/p>\n<div class=\"uk-inline-clip uk-transition-toggle\"><source type=\"image\/webp\" srcset=\"\/wp-content\/uploads\/yootheme\/cache\/8c\/iGard-0124-02-8cb83681.webp 768w, \/wp-content\/uploads\/yootheme\/cache\/89\/iGard-0124-02-894b8f7b.webp 1080w\" sizes=\"(min-width: 1080px) 1080px\" \/><\/div>\n<p><\/a><\/p>\n<div class=\"uk-padding-small uk-margin-remove-first-child\">\n<div class=\"el-meta uk-text-meta uk-margin-small-top\">iGard panouri de gard \u2013 www.igard.ro<\/div>\n<div class=\"uk-margin-small-top\"><a href=\"https:\/\/www.igard.ro\" target=\"_blank\" class=\"el-link uk-button uk-button-text\">Vezi detalii<\/a><\/div>\n<\/div>\n<\/div>\n<\/div>\n<div>\n<div class=\"el-item uk-panel\">\n<div class=\"uk-inline-clip uk-transition-toggle\"><source type=\"image\/webp\" srcset=\"\/wp-content\/uploads\/yootheme\/cache\/f2\/atc-small-f2c6a401.webp 600w\" sizes=\"(min-width: 600px) 600px\" \/><\/div>\n<div class=\"uk-padding-small uk-margin-remove-first-child\">\n<div class=\"el-meta uk-text-meta uk-margin-small-top\">ATC BAUDESIGN<\/div>\n<\/div>\n<\/div>\n<\/div>\n<\/div>\n<\/div>\n<\/div>\n<\/div>\n<\/div>\n<\/div>\n<p><\/main><\/p>\n<p>[analyse_source url=&#8221;https:\/\/www.sursadevest.ro\/ajofm-timis-sprijina-angajatii-si-angajatorii-din-judet-prin-doua-proiecte-care-pun-accent-pe-ucenicie-la-locul-de-munca\/&#8221;]<\/p>\n","protected":false},"excerpt":{"rendered":"<p>[analyse_image type=&#8221;featured&#8221; src=&#8221;https:\/\/www.sursadevest.ro\/wp-content\/uploads\/2025\/12\/ajofm.jpg&#8221;] AJOFM Timi\u0219 sprijin\u0103 angaja\u021bii \u0219i angajatorii din jude\u021b, prin dou\u0103 proiecte care pun accent pe ucenicie la locul de munc\u0103 30 august, 2026 | Sursa de Vest | Eveniment, \u0218tiri | Niciun comentariu la AJOFM Timi\u0219 sprijin\u0103 angaja\u021bii \u0219i angajatorii din jude\u021b, prin dou\u0103 proiecte care pun accent pe ucenicie la locul [&hellip;]<\/p>\n","protected":false},"author":1,"featured_media":0,"comment_status":"open","ping_status":"","sticky":false,"template":"","format":"standard","meta":{"footnotes":""},"categories":[89],"tags":[226,200],"class_list":["post-2119817","post","type-post","status-publish","format-standard","hentry","category-romania","tag-crawlmanager","tag-sursadevest-ro"],"_links":{"self":[{"href":"https:\/\/analyse.optim.biz\/index.php?rest_route=\/wp\/v2\/posts\/2119817","targetHints":{"allow":["GET"]}}],"collection":[{"href":"https:\/\/analyse.optim.biz\/index.php?rest_route=\/wp\/v2\/posts"}],"about":[{"href":"https:\/\/analyse.optim.biz\/index.php?rest_route=\/wp\/v2\/types\/post"}],"author":[{"embeddable":true,"href":"https:\/\/analyse.optim.biz\/index.php?rest_route=\/wp\/v2\/users\/1"}],"replies":[{"embeddable":true,"href":"https:\/\/analyse.optim.biz\/index.php?rest_route=%2Fwp%2Fv2%2Fcomments&post=2119817"}],"version-history":[{"count":0,"href":"https:\/\/analyse.optim.biz\/index.php?rest_route=\/wp\/v2\/posts\/2119817\/revisions"}],"wp:attachment":[{"href":"https:\/\/analyse.optim.biz\/index.php?rest_route=%2Fwp%2Fv2%2Fmedia&parent=2119817"}],"wp:term":[{"taxonomy":"category","embeddable":true,"href":"https:\/\/analyse.optim.biz\/index.php?rest_route=%2Fwp%2Fv2%2Fcategories&post=2119817"},{"taxonomy":"post_tag","embeddable":true,"href":"https:\/\/analyse.optim.biz\/index.php?rest_route=%2Fwp%2Fv2%2Ftags&post=2119817"}],"curies":[{"name":"wp","href":"https:\/\/api.w.org\/{rel}","templated":true}]}}