{"id":2119811,"date":"2026-08-30T18:33:17","date_gmt":"2026-08-30T15:33:17","guid":{"rendered":"https:\/\/analyse.optim.biz\/?p=2119811"},"modified":"2026-08-30T18:33:17","modified_gmt":"2026-08-30T15:33:17","slug":"alesandru-anghel-parteneriatul-cu-sua-trebuie-sa-serveasca-interesele-romaniei-nu-agendele-politice-de-la-washington","status":"publish","type":"post","link":"https:\/\/analyse.optim.biz\/?p=2119811","title":{"rendered":"Alesandru Anghel: Parteneriatul cu SUA trebuie s\u0103 serveasc\u0103 interesele Rom\u00e2niei, nu agendele politice de la Washington"},"content":{"rendered":"<p>[analyse_image type=&#8221;featured&#8221; src=&#8221;https:\/\/www.activenews.ro\/images\/articole\/207747.png&#8221;]<\/p>\n<div class=\"articleBody\" data-key=\"articleBody\">&lt;p&gt;&lt;span style=&#8221;font-weight: bold;&#8221;&gt;Rom\u00e2nia are nevoie de un parteneriat strategic puternic cu Statele Unite, iar dialogul cu reprezentan\u021bii Congresului american este firesc \u0219i necesar, indiferent dac\u0103 ace\u0219tia sunt republicani sau democra\u021bi. &lt;\/span&gt;&lt;\/p&gt; &lt;p&gt;Nicu\u0219or Dan s-a \u00eent\u00e2lnit ast\u0103zi la Mihail Kog\u0103lniceanu cu republicanul Mike Rogers \u0219i democratul Eric Sorensen, membru al Comisiei pentru For\u021bele Armate \u0219i primul congresman din Illinois care \u0219i-a asumat public apartenen\u021ba la comunitatea LGBT. Problema pentru noi nu este via\u021ba personal\u0103 a unui politician american, ci ce discut\u0103 pre\u0219edintele Rom\u00e2niei cu reprezentan\u021bii unei puteri str\u0103ine \u0219i, mai ales, ce interese ale Rom\u00e2niei ap\u0103r\u0103 \u00een aceste \u00eent\u00e2lniri.&lt;\/p&gt; &lt;p&gt;\u00cen ultimii ani am v\u0103zut prea des politicieni rom\u00e2ni trat\u00e2nd rela\u021bia cu Washingtonul sau Bruxelles-ul ca pe o fotografie care trebuie pus\u0103 pe Facebook \u0219i nu ca pe o negociere \u00eentre state care au propriile interese. &lt;\/p&gt; &lt;p&gt;Dac\u0103 Rom\u00e2nia \u00ee\u0219i asum\u0103 cheltuieli mai mari pentru ap\u0103rare \u0219i g\u0103zduie\u0219te una dintre cele mai importante prezen\u021be militare americane din regiune, atunci Bucure\u0219tiul trebuie s\u0103 discute la fel de ap\u0103sat despre investi\u021bii americane, transfer de tehnologie, industrie de ap\u0103rare, securitatea rom\u00e2nilor \u0219i avantajele economice concrete pe care aceast\u0103 rela\u021bie le poate aduce \u021b\u0103rii.&lt;\/p&gt; &lt;p&gt;\u00cen acela\u0219i timp, parteneriatul strategic nu presupune importarea automat\u0103 a disputelor culturale \u0219i ideologice din politica american\u0103. Rom\u00e2nia \u00ee\u0219i stabile\u0219te singur\u0103 politicile sociale \u0219i valorile prin propriile mecanisme democratice. &lt;\/p&gt; &lt;p&gt;Nicu\u0219or Dan \u00eensu\u0219i spunea \u00een trecut c\u0103 subiecte precum parteneriatul civil trebuie tran\u0219ate de societatea rom\u00e2neasc\u0103. Foarte bine. Atunci aceasta trebuie s\u0103 r\u0103m\u00e2n\u0103 regula indiferent cine vine \u00een vizit\u0103 la Bucure\u0219ti: prietenie cu America, cooperare militar\u0103 \u0219i economic\u0103, dar deciziile despre societatea rom\u00e2neasc\u0103 se iau \u00een Rom\u00e2nia.&lt;\/p&gt; &lt;p&gt;Un pre\u0219edinte suveran nu m\u0103soar\u0103 succesul politicii externe \u00een num\u0103rul de fotografii f\u0103cute cu oficiali str\u0103ini \u0219i nici \u00een culoarea lor politic\u0103. \u00cel m\u0103soar\u0103 \u00een ceea ce ob\u021bine pentru propria \u021bar\u0103. &lt;\/p&gt; &lt;p&gt;Rela\u021bia cu Statele Unite este prea important\u0103 pentru Rom\u00e2nia ca s\u0103 fie redus\u0103 fie la reflexul antiamerican al unora, fie la obedien\u021ba altora. &lt;\/p&gt; &lt;p&gt;&lt;span style=&#8221;font-weight: bold;&#8221;&gt;Parteneriat, da. Cooperare, da. Dar Rom\u00e2nia trebuie s\u0103 stea la mas\u0103 ca stat care \u00ee\u0219i cunoa\u0219te interesele, nu ca elev care a\u0219teapt\u0103 s\u0103 i se spun\u0103 ce are voie s\u0103 cread\u0103.&lt;\/span&gt;&lt;\/p&gt;<\/div>\n<p>[analyse_source url=&#8221;https:\/\/www.activenews.ro\/opinii\/Alesandru-Anghel-Parteneriatul-cu-SUA-trebuie-sa-serveasca-interesele-Romaniei-nu-agendele-politice-de-la-Washington-207747&#8243;]<\/p>\n","protected":false},"excerpt":{"rendered":"<p>[analyse_image type=&#8221;featured&#8221; src=&#8221;https:\/\/www.activenews.ro\/images\/articole\/207747.png&#8221;] &lt;p&gt;&lt;span style=&#8221;font-weight: bold;&#8221;&gt;Rom\u00e2nia are nevoie de un parteneriat strategic puternic cu Statele Unite, iar dialogul cu reprezentan\u021bii Congresului american este firesc \u0219i necesar, indiferent dac\u0103 ace\u0219tia sunt republicani sau democra\u021bi. &lt;\/span&gt;&lt;\/p&gt; &lt;p&gt;Nicu\u0219or Dan s-a \u00eent\u00e2lnit ast\u0103zi la Mihail Kog\u0103lniceanu cu republicanul Mike Rogers \u0219i democratul Eric Sorensen, membru al Comisiei pentru For\u021bele [&hellip;]<\/p>\n","protected":false},"author":1,"featured_media":0,"comment_status":"open","ping_status":"","sticky":false,"template":"","format":"standard","meta":{"footnotes":""},"categories":[89],"tags":[98],"class_list":["post-2119811","post","type-post","status-publish","format-standard","hentry","category-romania","tag-activenews-ro"],"_links":{"self":[{"href":"https:\/\/analyse.optim.biz\/index.php?rest_route=\/wp\/v2\/posts\/2119811","targetHints":{"allow":["GET"]}}],"collection":[{"href":"https:\/\/analyse.optim.biz\/index.php?rest_route=\/wp\/v2\/posts"}],"about":[{"href":"https:\/\/analyse.optim.biz\/index.php?rest_route=\/wp\/v2\/types\/post"}],"author":[{"embeddable":true,"href":"https:\/\/analyse.optim.biz\/index.php?rest_route=\/wp\/v2\/users\/1"}],"replies":[{"embeddable":true,"href":"https:\/\/analyse.optim.biz\/index.php?rest_route=%2Fwp%2Fv2%2Fcomments&post=2119811"}],"version-history":[{"count":0,"href":"https:\/\/analyse.optim.biz\/index.php?rest_route=\/wp\/v2\/posts\/2119811\/revisions"}],"wp:attachment":[{"href":"https:\/\/analyse.optim.biz\/index.php?rest_route=%2Fwp%2Fv2%2Fmedia&parent=2119811"}],"wp:term":[{"taxonomy":"category","embeddable":true,"href":"https:\/\/analyse.optim.biz\/index.php?rest_route=%2Fwp%2Fv2%2Fcategories&post=2119811"},{"taxonomy":"post_tag","embeddable":true,"href":"https:\/\/analyse.optim.biz\/index.php?rest_route=%2Fwp%2Fv2%2Ftags&post=2119811"}],"curies":[{"name":"wp","href":"https:\/\/api.w.org\/{rel}","templated":true}]}}