{"id":2119809,"date":"2026-08-30T16:35:00","date_gmt":"2026-08-30T13:35:00","guid":{"rendered":"https:\/\/analyse.optim.biz\/?p=2119809"},"modified":"2026-08-30T16:35:00","modified_gmt":"2026-08-30T13:35:00","slug":"ce-a-mai-insemnat-dictatul-de-la-viena-42-din-populatia-romaneasca-din-teritoriul-ocupat-a-fost-alungata-sau-a-fost-in-imposibilitatea-de-a-reveni-in-localitatile-de-bastina-zeci-de-biserici-ortodo","status":"publish","type":"post","link":"https:\/\/analyse.optim.biz\/?p=2119809","title":{"rendered":"Ce a mai \u00eensemnat Dictatul de la Viena: 42% din popula\u021bia rom\u00e2neasc\u0103 din teritoriul ocupat a fost alungat\u0103 sau a fost \u00een imposibilitatea de a reveni \u00een localit\u0103\u021bile de ba\u0219tin\u0103 &#8211; Zeci de Biserici Ortodoxe rase de pe fa\u021ba p\u0103m\u00e2ntului de horthy\u0219ti"},"content":{"rendered":"<p>[analyse_image type=&#8221;featured&#8221; src=&#8221;https:\/\/www.activenews.ro\/images\/articole\/168733.jpg&#8221;]<\/p>\n<div class=\"articleBody\" data-key=\"articleBody\">&lt;div&gt;&lt;img src=&#8221;https:\/\/www.activenews.ro\/documente\/Jandarmii unguri cu pene si fratii lor nazisti.png&#8221; alt=&#8221;&#8221; border=&#8221;0&#8243; style=&#8221;margin-top:0px;margin-right:0px;margin-bottom:0px;margin-left:0px;;width:458px;;height:642px;&#8221; \/&gt;&lt;span style=&#8221;font-weight: bold;&#8221;&gt;&lt;\/span&gt;&lt;\/div&gt; &lt;div&gt;&lt;span style=&#8221;font-weight: bold;&#8221;&gt;Avem peste 250 000 de refugia\u021bi, alunga\u021bi la propriu de horthy\u0219ti \u0219i \u00eenc\u0103 250 000 de rom\u00e2ni care la data de 30 august 1940 se aflau din diverse motive (c\u0103l\u0103torii, vizite, afaceri, studii etc) \u00een alte p\u0103r\u021bi ale \u021b\u0103rii, dar care aveau familiile si bunurile \u00een Transilvania de Nord, teritoriul ocupat, fiind afla\u021bi a\u0219adar \u00een imposibilitatea \u00eentoarcerii la domiciliile lor.&nbsp;&lt;\/span&gt;&lt;\/div&gt; &lt;div&gt;&lt;br \/&gt; &lt;\/div&gt; &lt;div&gt;\u00cen total, \u00een luna august 1944, avem 500 000 de rom\u00e2ni din teritoriul ocupat, din totalul de 1 200 000, care din cauza Dictatului de la Viena, nu mai erau \u00een localit\u0103\u021bile lor de domiciliu, ci \u00een teritoriul liber rom\u00e2nesc, fiind ad\u0103posti\u021bi \u00een zeci de ora\u0219e de la Bucure\u0219ti, Constan\u021ba, Bra\u0219ov, p\u00e2n\u0103 la Buz\u0103u.&nbsp;&lt;\/div&gt; &lt;div&gt;&lt;br \/&gt; &lt;\/div&gt; &lt;div&gt;Din cei 250 000 rom\u00e2ni for\u021ba\u021bi s\u0103 p\u0103r\u0103seasc\u0103 zona Dictatului de la Viena (44 000 kilometri p\u0103tra\u021bi), aproximativ 75 000 au trecut grani\u021ba clandestin, pe cont propriu. Restul, de p\u00e2n\u0103 la un sfert de milion, au fost \u00eenghesui\u021bi \u00een vagoane de marf\u0103, l\u0103sa\u021bi f\u0103r\u0103 hran\u0103 zile \u00een \u0219ir. Apa de b\u0103ut era un lux iar nevoile fiziologice se f\u0103ceau \u00een col\u021bul vagoanelor cu u\u0219ile \u00eenchise. Au existat c\u00e2teva excep\u021bii, c\u00e2nd jandarmii horthysti le-au permis femeilor \u0219i copiilor s\u0103-\u0219i fac\u0103 necesit\u0103\u021bile pe marginea unor \u0219an\u021buri, ba chiar le-au dat voie s\u0103-\u0219i cumpere din g\u0103ri o bucat\u0103 de p\u00e2ine.&nbsp;&lt;\/div&gt; &lt;div&gt;&lt;br \/&gt; &lt;\/div&gt; &lt;div&gt;C\u00e2nd se deschideau u\u0219ile vagoanelor aflate \u00een bezn\u0103, \u00een mirosul de nesuportat, se num\u0103rau mor\u021bii. Ordinele de p\u0103r\u0103sire a domiciliilor erau \u00eenm\u00e2nate cu dou\u0103 ore \u00eenainte de plecarea trenurilor. Bunurile familiilor au fost confiscate. Oamenii erau ridica\u021bi mai ales noaptea, f\u0103r\u0103 s\u0103 aib\u0103 timp sa-\u0219i ia cu ei mare lucru. La grani\u021ba cu ceea ce mai r\u0103m\u0103sese din Rom\u00e2nia, banii \u0219i eventualele obiecte de valoare le erau confiscate.&nbsp;&lt;\/div&gt; &lt;div&gt;&lt;br \/&gt; &lt;\/div&gt; &lt;div&gt;C\u00e2nd au ajuns \u00een teritoriile libere, rom\u00e2nii no\u0219tri au v\u0103zut parc\u0103 Raiul, dar nu au putut uita iadul b\u0103t\u0103ilor, chinurilor, crimelor \u0219i umilin\u021belor&#8230;250 000 rom\u00e2ni trata\u021bi mai r\u0103u ca vitele, intelectuali \u0219i \u021b\u0103rani, femei, copii \u0219i b\u0103tr\u00e2ni, cu lacrimile groazei \u00eentip\u0103rite p\u00e2n\u0103 la sf\u00e2r\u0219itul vie\u021bii pe obraji, cu traume imposibil de \u0219ters.&nbsp;&lt;\/div&gt; &lt;div&gt;&lt;br \/&gt; &lt;\/div&gt; &lt;div&gt;Politica oficial\u0103 ascunde aceast\u0103 istorie, s\u0103 nu supere, s\u0103 nu deranjeze cumva \u201dpolitica corect\u0103\u201d. Noi suntem \u00eens\u0103 politica na\u021bional\u0103, care nu uit\u0103 \u0219i nu ascunde nicio lacrim\u0103 de rom\u00e2n \u0219i nicio&nbsp; pic\u0103tur\u0103 de s\u00e2nge.&nbsp;&lt;\/div&gt; &lt;div&gt;&nbsp;&lt;\/div&gt; &lt;div&gt;Ce a mai \u00eensemnat Dictatul de la Viena. Zeci de Biserici Ortodoxe d\u0103r\u00e2mate, rase de pe fa\u021ba p\u0103m\u00e2ntului de horthy\u0219ti. Nu uit\u0103m V\u00e2rghi\u0219, Dobo\u0219eni, Herculian, C\u0103peni. Aici se afl\u0103 acum o zon\u0103 compact\u0103, care cuprinde \u0219i orasul Baraolt, unde aproape c\u0103 nu se mai vorbe\u0219te deloc \u00een limba rom\u00e2n\u0103.&lt;br \/&gt; &lt;br \/&gt; Biserica din Dobo\u0219eni, reconstruit\u0103 \u00een 1994, dar care nu mai are niciun enoria\u0219. A fost ridicat\u0103 \u00een centrul localit\u0103\u021bii \u00een 1937. \u00cen timpul Dictatului de la Viena, autorit\u0103\u021bile horthyste i-au scos pe rom\u00e2ni \u00een fa\u021ba Bisericii.&nbsp;&lt;br \/&gt; &lt;br \/&gt; Sub amenintarea armelor \u00eendreptate spre femei si copii, b\u0103rba\u021bii au fost obliga\u021bi s\u0103-\u0219i d\u0103r\u00e2me biserica cu t\u00e2rn\u0103coapele. \u00cen localitate nu a mai r\u0103mas de atunci si p\u00e2n\u0103 acum, niciun cre\u0219tin ortodox. Ruinele bisericii au fost folosite mai apoi ca groap\u0103 de gunoi a satului, p\u00e2n\u0103 \u00een anul 1994 c\u00e2nd \u00cenaltul Ioan, odat\u0103 cu \u00eenfiin\u021barea Episcopiei Ortodoxe a Covasnei \u0219i Harghitei, a ref\u0103cut par\u021bial biserica, conserv\u00e2nd ruinele cu ziduri noi \u0219i acoperi\u0219.&nbsp;&lt;br \/&gt; &lt;br \/&gt; La V\u00e2rghis nu a mai fost ce s\u0103 se salveze, l\u0103ca\u0219ul ortodox, ridicat tot \u00een perioada interbelic\u0103 \u00een centrul satului, fiind ras complet de pe fa\u021ba p\u0103m\u00e2ntului. Fiecare piatr\u0103 a fost zdrobit\u0103 p\u00e2n\u0103 la praf. Terenul a fost arat. La fel si la C\u0103peni. Ruinele de la Herculian au fost salvate la fel ca la Dobo\u0219eni. C\u00e2nd ajungi azi la Biserica din Herculian te p\u0103trunde groaza. \u00cenauntru este bezn\u0103, pe jos p\u0103m\u00e2nt. \u00centunericul de acolo url\u0103, \u00eempreun\u0103 cu zidurile vechi ce p\u0103streaz\u0103 pe alocuri urmele t\u00e2rn\u0103coapelor.&lt;br \/&gt; &lt;\/div&gt; &lt;div&gt;&nbsp;&lt;\/div&gt; &lt;div&gt;L\u00e2ng\u0103 Sf\u00e2ntul l\u0103ca\u0219 este o cr\u00e2\u0219m\u0103. Nu mai este niciun ortodox \u00een sat. La C\u0103peni nu se mai vede nimic din fosta biseric\u0103. Doar iarba crescut\u0103 pe acel loc si o troi\u021b\u0103 mai povestesc despre ce a fost odat\u0103. Cel care s-a urcat \u00een 1940 pe biseric\u0103 s\u0103 dea Crucea jos, s-a pr\u0103bu\u0219it mort la p\u0103m\u00e2nt. Nu au tinut \u00eens\u0103 cont de semn \u0219i au d\u0103r\u00e2mat complet Locul lui Hristos. La C\u0103peni nici ast\u0103zi nu mai exist\u0103 niciun crestin ortodox. Nu se mai aude nic\u0103ieri limba rom\u00e2n\u0103. \u00cen tot Ardealul ocupat au existat zeci de astfel de exemple. &lt;\/div&gt; &lt;div&gt;&nbsp;&lt;\/div&gt; &lt;div&gt;&lt;span style=&#8221;font-weight: bold;&#8221;&gt;Urmele tragediilor de atunci sunt ad\u00e2nci, p\u00e2n\u0103 \u00een zilele noastre. Numai guvern\u0103rile tr\u0103d\u0103toare nu le v\u0103d, nu le respect\u0103 \u0219i nu se \u00eenclin\u0103 \u00een fa\u021ba lor.&lt;\/span&gt;&lt;\/div&gt; &lt;div&gt;&lt;span style=&#8221;font-weight: bold;&#8221;&gt;&nbsp;&lt;\/span&gt;&lt;\/div&gt; &lt;div&gt;&lt;span style=&#8221;font-weight: bold;&#8221;&gt;Tr\u0103iasc\u0103 Na\u021bia!&lt;\/span&gt;&lt;\/div&gt;<\/div>\n<p>[analyse_source url=&#8221;https:\/\/www.activenews.ro\/opinii\/Ce-a-mai-insemnat-Dictatul-de-la-Viena-42-din-populatia-romaneasca-din-teritoriul-ocupat-a-fost-alungata-sau-a-fost-in-imposibilitatea-de-a-reveni-in-localitatile-de-bastina-Zeci-de-Biserici-Ortodoxe-rase-de-pe-fata-pamantului-de-horthysti-168733&#8243;]<\/p>\n","protected":false},"excerpt":{"rendered":"<p>[analyse_image type=&#8221;featured&#8221; src=&#8221;https:\/\/www.activenews.ro\/images\/articole\/168733.jpg&#8221;] &lt;div&gt;&lt;img src=&#8221;https:\/\/www.activenews.ro\/documente\/Jandarmii unguri cu pene si fratii lor nazisti.png&#8221; alt=&#8221;&#8221; border=&#8221;0&#8243; style=&#8221;margin-top:0px;margin-right:0px;margin-bottom:0px;margin-left:0px;;width:458px;;height:642px;&#8221; \/&gt;&lt;span style=&#8221;font-weight: bold;&#8221;&gt;&lt;\/span&gt;&lt;\/div&gt; &lt;div&gt;&lt;span style=&#8221;font-weight: bold;&#8221;&gt;Avem peste 250 000 de refugia\u021bi, alunga\u021bi la propriu de horthy\u0219ti \u0219i \u00eenc\u0103 250 000 de rom\u00e2ni care la data de 30 august 1940 se aflau din diverse motive (c\u0103l\u0103torii, vizite, afaceri, studii etc) \u00een [&hellip;]<\/p>\n","protected":false},"author":1,"featured_media":0,"comment_status":"open","ping_status":"","sticky":false,"template":"","format":"standard","meta":{"footnotes":""},"categories":[89],"tags":[98,226],"class_list":["post-2119809","post","type-post","status-publish","format-standard","hentry","category-romania","tag-activenews-ro","tag-crawlmanager"],"_links":{"self":[{"href":"https:\/\/analyse.optim.biz\/index.php?rest_route=\/wp\/v2\/posts\/2119809","targetHints":{"allow":["GET"]}}],"collection":[{"href":"https:\/\/analyse.optim.biz\/index.php?rest_route=\/wp\/v2\/posts"}],"about":[{"href":"https:\/\/analyse.optim.biz\/index.php?rest_route=\/wp\/v2\/types\/post"}],"author":[{"embeddable":true,"href":"https:\/\/analyse.optim.biz\/index.php?rest_route=\/wp\/v2\/users\/1"}],"replies":[{"embeddable":true,"href":"https:\/\/analyse.optim.biz\/index.php?rest_route=%2Fwp%2Fv2%2Fcomments&post=2119809"}],"version-history":[{"count":0,"href":"https:\/\/analyse.optim.biz\/index.php?rest_route=\/wp\/v2\/posts\/2119809\/revisions"}],"wp:attachment":[{"href":"https:\/\/analyse.optim.biz\/index.php?rest_route=%2Fwp%2Fv2%2Fmedia&parent=2119809"}],"wp:term":[{"taxonomy":"category","embeddable":true,"href":"https:\/\/analyse.optim.biz\/index.php?rest_route=%2Fwp%2Fv2%2Fcategories&post=2119809"},{"taxonomy":"post_tag","embeddable":true,"href":"https:\/\/analyse.optim.biz\/index.php?rest_route=%2Fwp%2Fv2%2Ftags&post=2119809"}],"curies":[{"name":"wp","href":"https:\/\/api.w.org\/{rel}","templated":true}]}}