{"id":2119801,"date":"2026-08-30T09:56:17","date_gmt":"2026-08-30T06:56:17","guid":{"rendered":"https:\/\/analyse.optim.biz\/?p=2119801"},"modified":"2026-08-30T09:56:17","modified_gmt":"2026-08-30T06:56:17","slug":"a-inceput-sa-curga-termenul-de-30-de-zile-pana-cand-dominic-fritz-isi-va-pierde-mandatul-de-primar-al-timisoarei","status":"publish","type":"post","link":"https:\/\/analyse.optim.biz\/?p=2119801","title":{"rendered":"A \u00eenceput s\u0103 curg\u0103 termenul de 30 de zile p\u00e2n\u0103 c\u00e2nd Dominic Fritz \u00ee\u0219i va pierde mandatul de primar al Timi\u0219oarei"},"content":{"rendered":"<p>[analyse_image type=&#8221;featured&#8221; src=&#8221;https:\/\/60m.ro\/wp-content\/uploads\/2026\/07\/image-2024-04-22-27076595-41-dominic-fritz.webp&#8221;]<\/p>\n<div class=\"articleBody\" data-key=\"articleBody\">\nLegea integrit\u0103\u021bii a fost publicat\u0103 vineri seara \u00een Monitorul Oficial. Odat\u0103 intrat \u00een vigoare actul normativ, a \u00eenceput s\u0103 curg\u0103 termenul de 30 de zile p\u00e2n\u0103 c\u00e2nd Dominic Fritz \u00ee\u0219i va pierde mandatul de primar al Timi\u0219oarei.<\/p>\n<p>Legea promulgat\u0103 tot vineri de c\u0103tre\u00a0pre\u0219edintele Nicu\u0219or Dan\u00a0con\u021bine un amendament introdus de PSD, cu sus\u021binerea AUR, care \u00eel vizeaz\u0103 direct pe liderul USR, Dominic Fritz. Legea stabile\u0219te c\u0103 persoanele pentru care exist\u0103 decizii definitive privind incompatibilitatea sau conflictul de interese \u00ee\u0219i vor pierde func\u021bia, demnitatea public\u0103 sau mandatul \u00een termen de 30 de zile de la intrarea \u00een vigoare a actului normativ.<\/p>\n<p>S\u00e2mb\u0103t\u0103 seara, Dominic Fritz a postat un mesaj pe Facebook \u00een care spune c\u0103 va transforma aceste 30 de zile \u201edintr-un abuz \u00eentr-un festival al faptelor prin care am schimbat Timi\u0219oara\u201d, pentru c\u0103 \u201easta \u00eei sperie cel mai tare: c\u0103 Rom\u00e2nia se poate schimba prin munc\u0103, seriozitate \u0219i f\u0103r\u0103 fur\u0103ciuni\u201d.\n<\/p><\/div>\n<p>[analyse_source url=&#8221;https:\/\/60m.ro\/a-inceput-sa-curga-termenul-de-30-de-zile-pana-cand-dominic-fritz-isi-va-pierde-mandatul-de-primar-al-timisoarei\/&#8221;]<\/p>\n","protected":false},"excerpt":{"rendered":"<p>[analyse_image type=&#8221;featured&#8221; src=&#8221;https:\/\/60m.ro\/wp-content\/uploads\/2026\/07\/image-2024-04-22-27076595-41-dominic-fritz.webp&#8221;] Legea integrit\u0103\u021bii a fost publicat\u0103 vineri seara \u00een Monitorul Oficial. Odat\u0103 intrat \u00een vigoare actul normativ, a \u00eenceput s\u0103 curg\u0103 termenul de 30 de zile p\u00e2n\u0103 c\u00e2nd Dominic Fritz \u00ee\u0219i va pierde mandatul de primar al Timi\u0219oarei. Legea promulgat\u0103 tot vineri de c\u0103tre\u00a0pre\u0219edintele Nicu\u0219or Dan\u00a0con\u021bine un amendament introdus de PSD, cu sus\u021binerea [&hellip;]<\/p>\n","protected":false},"author":1,"featured_media":0,"comment_status":"open","ping_status":"","sticky":false,"template":"","format":"standard","meta":{"footnotes":""},"categories":[89],"tags":[100,226],"class_list":["post-2119801","post","type-post","status-publish","format-standard","hentry","category-romania","tag-60m-ro","tag-crawlmanager"],"_links":{"self":[{"href":"https:\/\/analyse.optim.biz\/index.php?rest_route=\/wp\/v2\/posts\/2119801","targetHints":{"allow":["GET"]}}],"collection":[{"href":"https:\/\/analyse.optim.biz\/index.php?rest_route=\/wp\/v2\/posts"}],"about":[{"href":"https:\/\/analyse.optim.biz\/index.php?rest_route=\/wp\/v2\/types\/post"}],"author":[{"embeddable":true,"href":"https:\/\/analyse.optim.biz\/index.php?rest_route=\/wp\/v2\/users\/1"}],"replies":[{"embeddable":true,"href":"https:\/\/analyse.optim.biz\/index.php?rest_route=%2Fwp%2Fv2%2Fcomments&post=2119801"}],"version-history":[{"count":0,"href":"https:\/\/analyse.optim.biz\/index.php?rest_route=\/wp\/v2\/posts\/2119801\/revisions"}],"wp:attachment":[{"href":"https:\/\/analyse.optim.biz\/index.php?rest_route=%2Fwp%2Fv2%2Fmedia&parent=2119801"}],"wp:term":[{"taxonomy":"category","embeddable":true,"href":"https:\/\/analyse.optim.biz\/index.php?rest_route=%2Fwp%2Fv2%2Fcategories&post=2119801"},{"taxonomy":"post_tag","embeddable":true,"href":"https:\/\/analyse.optim.biz\/index.php?rest_route=%2Fwp%2Fv2%2Ftags&post=2119801"}],"curies":[{"name":"wp","href":"https:\/\/api.w.org\/{rel}","templated":true}]}}