{"id":2119795,"date":"2026-08-30T07:59:30","date_gmt":"2026-08-30T04:59:30","guid":{"rendered":"https:\/\/analyse.optim.biz\/?p=2119795"},"modified":"2026-08-30T07:59:30","modified_gmt":"2026-08-30T04:59:30","slug":"penibilul-ciucu-ne-anunta-cu-cat-va-creste-factura-bucurestenilor-la-apa-dupa-ce-a-fost-aprobata-taxa-pe-inundatie","status":"publish","type":"post","link":"https:\/\/analyse.optim.biz\/?p=2119795","title":{"rendered":"Penibilul Ciucu ne anun\u021b\u0103 cu c\u00e2t va cre\u0219te factura bucure\u0219tenilor la ap\u0103, dup\u0103 ce a fost aprobat\u0103 \u201dTaxa pe inunda\u021bie\u201d"},"content":{"rendered":"<p>[analyse_image type=&#8221;featured&#8221; src=&#8221;https:\/\/60m.ro\/wp-content\/uploads\/2026\/07\/ciprian-ciucu.webp&#8221;]<\/p>\n<div class=\"articleBody\" data-key=\"articleBody\">\nDup\u0103 scumpirea de la 1 iulie, Consiliul General al Capitalei aprob\u0103 o nou\u0103 majorare de tarif la apa potabil\u0103 prin introducerea \u201dTaxei pe inunda\u021bie\u201d. Primarul Ciprian\u00a0Ciucu\u00a0estimeaz\u0103 c\u0103 impactul mediu asupra unei familii va fi de aproximativ 28 de lei lunar.<\/p>\n<p>Bucure\u0219tenii se preg\u0103tesc pentru o nou\u0103 majorare a tarifelor la apa potabil\u0103<\/p>\n<p>Consiliul General al Prim\u0103riei Capitalei a aprobat o nou\u0103 majorare a tarifului, cu 85 de bani pentru fiecare metru cub de ap\u0103.<\/p>\n<p>Este a doua scumpire din aceast\u0103 var\u0103, dup\u0103 cea aplicat\u0103 la 1 iulie.<\/p>\n<p>\u00cen urma noii major\u0103ri, metrul cub de ap\u0103 va costa 8,83 de lei, la care se adaug\u0103 tariful pentru canalizare.<\/p>\n<p>Primarul general al Capitalei, Ciprian Ciucu, estimeaz\u0103 c\u0103 factura de ap\u0103 a unei familii ar putea cre\u0219te, \u00een medie, cu aproximativ 28 de lei.<\/p>\n<p>Autorit\u0103\u021bile \u0219i Apa Nova sus\u021bin c\u0103 banii suplimentari vor fi folosi\u021bi pentru investi\u021bii \u00een re\u021beaua de ap\u0103 \u0219i canalizare.<\/p>\n<p>\u201dTaxa pe inunda\u021bie\u201d va fi folosit\u0103 pentru sistemele de canalizare<\/p>\n<p>Planul prevede lucr\u0103ri pe 221 de kilometri de re\u021bele, dintre care 70 de kilometri de re\u021bea de ap\u0103 \u0219i 147 de kilometri de canalizare.<\/p>\n<p>\u201eDou\u0103 treimi din programul de investi\u021bii vor fi alocate doar canaliz\u0103rii\u201d, a declarat Ciprian Ciucu, care a precizat c\u0103 lucr\u0103rile vizeaz\u0103 inclusiv prevenirea inunda\u021biilor.<\/p>\n<p>Apa Nova s-a angajat s\u0103 investeasc\u0103 p\u00e2n\u0103 \u00een 2037 aproximativ 300 de milioane de euro pentru modernizarea \u0219i extinderea re\u021belelor din Bucure\u0219ti.<\/p>\n<p>Compania va pune, de asemenea, la dispozi\u021bia Prim\u0103riei un fond suplimentar de 220 de milioane de euro pentru lucr\u0103ri de infrastructur\u0103 urban\u0103.<\/p>\n<p>Chiar \u0219i dup\u0103 aceast\u0103 majorare, Bucure\u0219tiul r\u0103m\u00e2ne printre ora\u0219ele cu cele mai mici tarife pentru ap\u0103 \u0219i canalizare din \u021bar\u0103, potrivit Autorit\u0103\u021bii de Reglementare pentru Utilit\u0103\u021bi Publice.<\/p>\n<p>Cele mai mari tarife sunt pl\u0103tite \u00een C\u0103l\u0103ra\u0219i, Vaslui \u0219i Ia\u0219i, \u00een timp ce Timi\u0219, Bihor \u0219i Hunedoara se afl\u0103 la polul opus.\n<\/p><\/div>\n<p>[analyse_source url=&#8221;https:\/\/60m.ro\/penibilul-ciucu-ne-anunta-cu-cat-va-creste-factura-bucurestenilor-la-apa-dupa-ce-a-fost-aprobata-taxa-pe-inundatie\/&#8221;]<\/p>\n","protected":false},"excerpt":{"rendered":"<p>[analyse_image type=&#8221;featured&#8221; src=&#8221;https:\/\/60m.ro\/wp-content\/uploads\/2026\/07\/ciprian-ciucu.webp&#8221;] Dup\u0103 scumpirea de la 1 iulie, Consiliul General al Capitalei aprob\u0103 o nou\u0103 majorare de tarif la apa potabil\u0103 prin introducerea \u201dTaxei pe inunda\u021bie\u201d. Primarul Ciprian\u00a0Ciucu\u00a0estimeaz\u0103 c\u0103 impactul mediu asupra unei familii va fi de aproximativ 28 de lei lunar. Bucure\u0219tenii se preg\u0103tesc pentru o nou\u0103 majorare a tarifelor la apa potabil\u0103 [&hellip;]<\/p>\n","protected":false},"author":1,"featured_media":0,"comment_status":"open","ping_status":"","sticky":false,"template":"","format":"standard","meta":{"footnotes":""},"categories":[89],"tags":[100,226],"class_list":["post-2119795","post","type-post","status-publish","format-standard","hentry","category-romania","tag-60m-ro","tag-crawlmanager"],"_links":{"self":[{"href":"https:\/\/analyse.optim.biz\/index.php?rest_route=\/wp\/v2\/posts\/2119795","targetHints":{"allow":["GET"]}}],"collection":[{"href":"https:\/\/analyse.optim.biz\/index.php?rest_route=\/wp\/v2\/posts"}],"about":[{"href":"https:\/\/analyse.optim.biz\/index.php?rest_route=\/wp\/v2\/types\/post"}],"author":[{"embeddable":true,"href":"https:\/\/analyse.optim.biz\/index.php?rest_route=\/wp\/v2\/users\/1"}],"replies":[{"embeddable":true,"href":"https:\/\/analyse.optim.biz\/index.php?rest_route=%2Fwp%2Fv2%2Fcomments&post=2119795"}],"version-history":[{"count":0,"href":"https:\/\/analyse.optim.biz\/index.php?rest_route=\/wp\/v2\/posts\/2119795\/revisions"}],"wp:attachment":[{"href":"https:\/\/analyse.optim.biz\/index.php?rest_route=%2Fwp%2Fv2%2Fmedia&parent=2119795"}],"wp:term":[{"taxonomy":"category","embeddable":true,"href":"https:\/\/analyse.optim.biz\/index.php?rest_route=%2Fwp%2Fv2%2Fcategories&post=2119795"},{"taxonomy":"post_tag","embeddable":true,"href":"https:\/\/analyse.optim.biz\/index.php?rest_route=%2Fwp%2Fv2%2Ftags&post=2119795"}],"curies":[{"name":"wp","href":"https:\/\/api.w.org\/{rel}","templated":true}]}}