{"id":2119793,"date":"2026-08-29T13:04:41","date_gmt":"2026-08-29T10:04:41","guid":{"rendered":"https:\/\/analyse.optim.biz\/?p=2119793"},"modified":"2026-08-29T13:04:41","modified_gmt":"2026-08-29T10:04:41","slug":"astazi-se-praznuieste-taierea-capului-sfantului-ioan-botezatorul-ce-nu-trebuie-sa-faci-in-aceasta-zi","status":"publish","type":"post","link":"https:\/\/analyse.optim.biz\/?p=2119793","title":{"rendered":"Ast\u0103zi, se pr\u0103znuie\u0219te T\u0103ierea Capului Sf\u00e2ntului Ioan Botez\u0103torul. Ce nu trebuie s\u0103 faci \u00een aceast\u0103 zi"},"content":{"rendered":"<p>[analyse_image type=&#8221;featured&#8221; src=&#8221;https:\/\/radiogoldfm.ro\/wp-content\/uploads\/2026\/08\/astazi-se-praznuieste-taierea-capului-sfantului-ioan-botezatorul-ce-nu-trebuie-sa-faci-in-aceasta-zi-84345.jpghttps:\/\/radiogoldfm.ro\/wp-content\/uploads\/2026\/08\/astazi-se-praznuieste-taierea-capului-sfantului-ioan-botezatorul-ce-nu-trebuie-sa-faci-in-aceasta-zi-84345.jpg&#8221;]<\/p>\n<div class=\"qt-the-content\">\n<p>Ast\u0103zi, 29 august, cre\u015ftin\u0103tatea pr\u0103znuie\u015fte cu evlavie \u015fi triste\u0163e moartea martiric\u0103 a Prorocului Ioan Botez\u0103torul, sf\u00e2ntul care L-a botezat pe Domnului Iisus \u00een r\u00e2ul Iordanului.<\/p>\n<p>Ioan Botez\u0103torul este cel mai mare profet al Vechiului Testament \u015fi Sf\u00e2ntul care a f\u0103cut trecerea spre Noul Testament, care-l veste\u015fte pe M\u00e2ntuitorul cel \u00cenviat.<\/p>\n<p>\u00cen jurul acestei s\u0103rb\u0103tori, \u00een toate zonele \u0163\u0103rii, s-au p\u0103strat din vremuri \u00eendep\u0103rtate, numeroase tradi\u0163ii care s\u0103 atrag\u0103 sporul \u00een casa celui care le \u00eempline\u015fte \u015fi s\u0103 alunge paguba \u015fi bolile din c\u0103minele cre\u015ftinilor. De asemenea, \u00een aceast\u0103 zi se aduc ofrande rudelor plecate la via\u0163a ve\u015fnic\u0103.<\/p>\n<p>Tradi\u0163ii \u0219i obiceiuri, la rom\u00e2ni, prezentate de AM Press:<\/p>\n<h2 class=\"wp-block-heading\">Pentru a fi s\u0103n\u0103to\u015fi Nu consuma\u0163i fructe \u015fi legume rotunde<\/h2>\n<p>Praznicul aduce cu sine o seam\u0103 de interdic\u0163ii: \u00een aceast\u0103 zi, pentru men\u0163inerea s\u0103n\u0103t\u0103\u0163ii, este bine s\u0103 nu se consume fructe rotunde -mere, pere, prune \u015fi nici c\u0103p\u0103\u0163\u00e2ni de usturoi, care au form\u0103 rotund\u0103, asem\u0103n\u0103toare capului.<br \/>\u00cen ajunul s\u0103rb\u0103torii \u015fi \u00een ziua praznicului nu se m\u0103n\u00e2nc\u0103 preparate din varz\u0103, deoarece Sf\u00e2ntului Ioan i s-a t\u0103iat capul pe o c\u0103p\u0103\u0163\u00e2n\u0103 de varz\u0103, de \u015fapte ori, \u015fi iar a \u00eenviat.<\/p>\n<h2 class=\"wp-block-heading\">Din pio\u015fenie, nu se consum\u0103 nici alimente de culoarea s\u00e2ngelui<\/h2>\n<p>Dintr-un sentiment de pio\u015fenie pentru moartea martiric\u0103 a Prorocului Ioan, nu se m\u0103n\u00e2nc\u0103 fructe \u015fi legume de culoare ro\u015fie, nu se bea vin ro\u015fu \u015fi nici o b\u0103utur\u0103 de culoare ro\u015fie, pentru c\u0103 aceste alimente amintesc de s\u00e2ngele v\u0103rsat de Proroc \u00een timpul decapit\u0103rii sale.<\/p>\n<p>Pentru a sc\u0103pa de boli de familie mo\u015ftenite, Credincio\u015fii ajuneaz\u0103 sau consum\u0103 numai struguri<\/p>\n<p>Prin tradi\u0163ie, se \u00eempline\u015fte un ritual pentru ca persoanele grav bolnave s\u0103 ajuneze sau s\u0103 m\u0103n\u00e2nce doar struguri \u00een ziua praznicului. Se spune c\u0103 prin \u00eemplinirea ritualului, bolnavii se vindec\u0103 de bolile mo\u015ftenite din familie.<\/p>\n<h2 class=\"wp-block-heading\">Unele alimente Nu se pun pe tipsie<\/h2>\n<p>\u00cen ziua praznicului se sfin\u0163esc la biseric\u0103 mere, pere, struguri \u015fi castrave\u0163i. Aceste alimente se \u00eempart oamenilor s\u0103raci, \u00een amintirea rudelor decedate, dar nu se pun pe tipsie ( tav\u0103 mare, rotund\u0103), a\u015fa cum a fost pus capul Botez\u0103torului, dup\u0103 decapitare.<\/p>\n<p>Se preg\u0103tesc ofrande \u00een memoria rudelor decedate \u00een condi\u0163ii suspecte<\/p>\n<p>Potrivit tradi\u0163iei, \u00een majoritatea zonelor \u0163\u0103rii, pentru sporul familiei \u015fi pentru alungarea bolilor, \u00een familiile care au rude decedate \u00een condi\u0163ii suspecte sau de moarte n\u0103praznic\u0103 se respect\u0103 momentele de reculegere. Totodat\u0103, \u00een memoria acestora se \u00eempart pachete cu struguri, p\u00e2ine \u015fi c\u0103ni cu ap\u0103, ofrande sfin\u0163ite la biseric\u0103.<\/p>\n<h2 class=\"wp-block-heading\">\u00cen gospod\u0103rie nu se folosesc obiectele ascu\u0163ite<\/h2>\n<p>\u00cen acela\u015fi timp, \u00een aceast\u0103 zi, \u00een gospod\u0103rii nu se folosesc obiectele ascu\u0163ite-cu\u0163ite sau furculi\u0163e. Chiar \u015fi p\u00e2inea se rupe cu m\u00e2na.<\/p>\n<p>T\u0103ierea Capului Sf\u00e2ntului Ioan Botez\u0103torul: Se poste\u015fte, pentru \u00eemplinirea unei dorin\u0163e.<\/p>\n<p>Tradi\u0163ia spune c\u0103, pentru a ne \u00eemplini o dorin\u0163\u0103, trebuie s\u0103 postim p\u00e2n\u0103 la apusul soarelui. \u00cen ziua praznicului, nu se face dezlegare la m\u00e2ncarea de dulce \u015fi este bine s\u0103 \u0163inem seama de aceast\u0103 interdic\u0163ie.<\/p>\n<p>surs\u0103: <a href=\"https:\/\/miscareaderezistenta.ro\/obiceiuri-si-traditii\/astazi-se-praznuieste-taierea-capului-sfantului-ioan-botezatorul-ce-nu-trebuie-sa-faci-in-aceasta-zi-79617.html\">miscareaderezistenta.ro<\/a><\/p>\n<div class=\"tagcloud qt-spacer-m\"><span class=\"qt-title\">Tagged as <\/span><a href=\"https:\/\/radiogoldfm.ro\/tag\/gold-fm\/\" rel=\"tag\">GOLD FM<\/a><a href=\"https:\/\/radiogoldfm.ro\/tag\/romania\/\" rel=\"tag\">romania<\/a><a href=\"https:\/\/radiogoldfm.ro\/tag\/sf-ioan-botezatorul\/\" rel=\"tag\">Sf ioan botezatorul<\/a><a href=\"https:\/\/radiogoldfm.ro\/tag\/taierea-capului-imprejur\/\" rel=\"tag\">Taierea capului imprejur<\/a><\/div>\n<div class=\"qt-post-author qt-card\">\n<div class=\"row\">\n<div class=\"qt-post-author-data col s10 m7 l7\">\n<h6>Profil<\/h6>\n<h4><a href=\"https:\/\/radiogoldfm.ro\/astazi-se-praznuieste-taierea-capului-sfantului-ioan-botezatorul-ce-nu-trebuie-sa-faci-in-aceasta-zi\/#author_page\">Gold FM Radio<\/a><\/h4>\n<\/div>\n<div class=\"qt-post-author-link col s12 m3 l4 \"><a href=\"https:\/\/radiogoldfm.ro\/author\/gold-fm\/\" class=\"qt-btn qt-btn-large qt-btn-primary aligncenter\">Arhiva postari<\/a><\/div>\n<\/div>\n<\/div>\n<\/div>\n<p>[analyse_source url=&#8221;https:\/\/radiogoldfm.ro\/astazi-se-praznuieste-taierea-capului-sfantului-ioan-botezatorul-ce-nu-trebuie-sa-faci-in-aceasta-zi\/&#8221;]<\/p>\n","protected":false},"excerpt":{"rendered":"<p>[analyse_image type=&#8221;featured&#8221; src=&#8221;https:\/\/radiogoldfm.ro\/wp-content\/uploads\/2026\/08\/astazi-se-praznuieste-taierea-capului-sfantului-ioan-botezatorul-ce-nu-trebuie-sa-faci-in-aceasta-zi-84345.jpghttps:\/\/radiogoldfm.ro\/wp-content\/uploads\/2026\/08\/astazi-se-praznuieste-taierea-capului-sfantului-ioan-botezatorul-ce-nu-trebuie-sa-faci-in-aceasta-zi-84345.jpg&#8221;] Ast\u0103zi, 29 august, cre\u015ftin\u0103tatea pr\u0103znuie\u015fte cu evlavie \u015fi triste\u0163e moartea martiric\u0103 a Prorocului Ioan Botez\u0103torul, sf\u00e2ntul care L-a botezat pe Domnului Iisus \u00een r\u00e2ul Iordanului. Ioan Botez\u0103torul este cel mai mare profet al Vechiului Testament \u015fi Sf\u00e2ntul care a f\u0103cut trecerea spre Noul Testament, care-l veste\u015fte pe M\u00e2ntuitorul cel \u00cenviat. \u00cen jurul [&hellip;]<\/p>\n","protected":false},"author":1,"featured_media":0,"comment_status":"open","ping_status":"","sticky":false,"template":"","format":"standard","meta":{"footnotes":""},"categories":[89],"tags":[226,96],"class_list":["post-2119793","post","type-post","status-publish","format-standard","hentry","category-romania","tag-crawlmanager","tag-radiogoldfm-ro"],"_links":{"self":[{"href":"https:\/\/analyse.optim.biz\/index.php?rest_route=\/wp\/v2\/posts\/2119793","targetHints":{"allow":["GET"]}}],"collection":[{"href":"https:\/\/analyse.optim.biz\/index.php?rest_route=\/wp\/v2\/posts"}],"about":[{"href":"https:\/\/analyse.optim.biz\/index.php?rest_route=\/wp\/v2\/types\/post"}],"author":[{"embeddable":true,"href":"https:\/\/analyse.optim.biz\/index.php?rest_route=\/wp\/v2\/users\/1"}],"replies":[{"embeddable":true,"href":"https:\/\/analyse.optim.biz\/index.php?rest_route=%2Fwp%2Fv2%2Fcomments&post=2119793"}],"version-history":[{"count":0,"href":"https:\/\/analyse.optim.biz\/index.php?rest_route=\/wp\/v2\/posts\/2119793\/revisions"}],"wp:attachment":[{"href":"https:\/\/analyse.optim.biz\/index.php?rest_route=%2Fwp%2Fv2%2Fmedia&parent=2119793"}],"wp:term":[{"taxonomy":"category","embeddable":true,"href":"https:\/\/analyse.optim.biz\/index.php?rest_route=%2Fwp%2Fv2%2Fcategories&post=2119793"},{"taxonomy":"post_tag","embeddable":true,"href":"https:\/\/analyse.optim.biz\/index.php?rest_route=%2Fwp%2Fv2%2Ftags&post=2119793"}],"curies":[{"name":"wp","href":"https:\/\/api.w.org\/{rel}","templated":true}]}}