{"id":2119787,"date":"2026-08-29T16:31:02","date_gmt":"2026-08-29T13:31:02","guid":{"rendered":"https:\/\/analyse.optim.biz\/?p=2119787"},"modified":"2026-08-29T16:31:02","modified_gmt":"2026-08-29T13:31:02","slug":"cine-va-fi-primar-la-timisoara-dupa-plecarea-lui-dominic-fritz-succesorul-a-fost-deja-stabilit","status":"publish","type":"post","link":"https:\/\/analyse.optim.biz\/?p=2119787","title":{"rendered":"Cine va fi primar la Timi\u0219oara dup\u0103 plecarea lui Dominic Fritz. Succesorul a fost deja stabilit"},"content":{"rendered":"<p>[analyse_image type=&#8221;featured&#8221; src=&#8221;https:\/\/60m.ro\/wp-content\/uploads\/2021\/11\/dominicfritzsirubenlatcau-4399590.jpg&#8221;]<\/p>\n<div class=\"articleBody\" data-key=\"articleBody\">\nDominic Fritz\u00a0\u00ee\u0219i va pierde mandatul de primar al Timi\u0219oarei dup\u0103 promulgarea noii Legi ANI, \u00eens\u0103 ora\u0219ul nu va r\u0103m\u00e2ne f\u0103r\u0103 conducere p\u00e2n\u0103 la organizarea unui nou scrutin. Viceprimarul Ruben La\u021bc\u0103u este desemnat oficial drept primul\u00a0\u00eenlocuitor\u00a0de drept al primarului.<\/p>\n<p>Pre\u0219edintele Nicu\u0219or Dan a promulgat vineri Legea ANI<\/p>\n<p>Pre\u0219edintele Nicu\u0219or Dan a promulgat vineri, 28 august,\u00a0Legea ANI\u00a0care con\u021bine prevederea potrivit c\u0103reia persoanelor declarate definitiv \u00een incompatibilitate sau conflict de interese le \u00eenceteaz\u0103 mandatul la 30 de zile de la intrarea \u00een vigoare a actului normativ.<\/p>\n<p>Pre\u0219edintele a precizat c\u0103 \u00ee\u0219i men\u021bine obiec\u021biile fa\u021b\u0103 de lege, dar a promulgat-o pentru a nu pune \u00een pericol fondurile din PNRR.<\/p>\n<p>\u00cen cazul lui Dominic Fritz, exist\u0103 deja o hot\u0103r\u00e2re definitiv\u0103 a \u00cenaltei Cur\u021bi care a men\u021binut constatarea ANI privind conflictul de interese. \u00cen aceste condi\u021bii, dup\u0103 \u00eemplinirea termenului prev\u0103zut de noua lege, mandatul s\u0103u de primar urmeaz\u0103 s\u0103 \u00eenceteze.<\/p>\n<p>Consiliul Local Timi\u0219oara a stabilit \u00eenc\u0103 din noiembrie 2024 cine este primul om care \u00eel \u00eenlocuie\u0219te pe Dominic Fritz<\/p>\n<p>Succesorul interimar nu trebuie \u00eens\u0103 c\u0103utat prin negocieri politice. Consiliul Local\u00a0Timi\u0219oara\u00a0a stabilit \u00eenc\u0103 din noiembrie 2024 cine este primul om care \u00eel \u00eenlocuie\u0219te pe Dominic Fritz.<\/p>\n<p>Prin Hot\u0103r\u00e2rea Consiliului Local 488 din 19 noiembrie 2024, Ruben La\u021bc\u0103u a fost reales viceprimar cu 24 de voturi. \u00cen acela\u0219i document se precizeaz\u0103 explicit c\u0103 La\u021bc\u0103u \u201eva exercita primul calitatea de \u00eenlocuitor de drept al Primarului Municipiului Timi\u0219oara\u201d.<\/p>\n<p>Prin urmare, dup\u0103 vacantarea func\u021biei lui Dominic Fritz, Ruben La\u021bc\u0103u va exercita atribu\u021biile de primar al Timi\u0219oarei, cel pu\u021bin p\u00e2n\u0103 c\u00e2nd situa\u021bia se schimb\u0103 printr-o hot\u0103r\u00e2re a Consiliului Local sau p\u00e2n\u0103 c\u00e2nd un nou primar ales \u00ee\u0219i preia mandatul.<\/p>\n<p>Codul administrativ este explicit: atunci c\u00e2nd func\u021bia de primar devine vacant\u0103, atribu\u021biile sunt exercitate de drept de viceprimarul desemnat de Consiliul Local. Viceprimarul p\u0103streaz\u0103 inclusiv dreptul de vot \u00een Consiliul Local \u0219i prime\u0219te, \u00een aceast\u0103 perioad\u0103, indemniza\u021bia corespunz\u0103toare func\u021biei de primar.<\/p>\n<p>Ruben La\u021bc\u0103u este viceprimar al Timi\u0219oarei din 2020 \u0219i unul dintre cei mai apropia\u021bi colaboratori ai lui Dominic Fritz<\/p>\n<p>Ruben La\u021bc\u0103u este viceprimar al Timi\u0219oarei din 2020 \u0219i unul dintre cei mai apropia\u021bi colaboratori ai lui Dominic Fritz. \u00cen administra\u021bia local\u0103 s-a ocupat \u00een principal de investi\u021bii, infrastructur\u0103, regenerare urban\u0103 \u0219i transport public.<\/p>\n<p>Viceprimar din 2020 \u0219i responsabil de unele dintre cele mai importante investi\u021bii ale ora\u0219ului, La\u021bc\u0103u \u0219i-a construit profilul unui politician combativ, cu atacuri dure \u00eempotriva vechii administra\u021bii, PSD, PNL, unor institu\u021bii ale statului \u0219i chiar a sistemului judiciar. Unele dintre declara\u021biile sale au provocat reac\u021bii oficiale ale Consiliului Superior al Magistraturii \u0219i Cur\u021bii de Apel Timi\u0219oara.<\/p>\n<p>La\u021bc\u0103u este responsabil \u00een administra\u021bia Fritz de investi\u021bii, regenerare urban\u0103, transport public \u0219i infrastructur\u0103 edilitar\u0103. Este practic omul care a gestionat politic o bun\u0103 parte dintre marile \u0219antiere ale municipalit\u0103\u021bii \u0219i una dintre cele mai vizibile figuri ale administra\u021biei dup\u0103 Dominic Fritz.<\/p>\n<p>\u00cenc\u0103 din primul mandat, viceprimarul a adoptat o retoric\u0103 dur\u0103 fa\u021b\u0103 de administra\u021bia precedent\u0103. \u00centr-un amplu interviu din 2024, el sus\u021binea c\u0103 \u00eenainte de 2020 Prim\u0103ria ar fi func\u021bionat dup\u0103 un \u201emodel oligarhic\u201d, cu o re\u021bea clientelar\u0103 \u00een jurul PNL, \u0219i vorbea despre un proces de \u201edeparazitare\u201d a institu\u021biei. Acestea sunt acuza\u021biile \u0219i caracteriz\u0103rile lui La\u021bc\u0103u, contestate de adversarii s\u0103i politici.<\/p>\n<p>Viceprimarul afirma atunci c\u0103 lupta administra\u021biei Fritz nu este doar una pentru investi\u021bii, ci \u00eempotriva unor \u201ere\u021bele clientelare\u201d care ar avea acces la bani publici \u0219i influen\u021b\u0103 \u00een institu\u021bii.<\/p>\n<p>Unul dintre principalii s\u0103i adversari politici din ultimii ani a devenit Alfred Simonis, pre\u0219edintele PSD al Consiliului Jude\u021bean Timi\u0219.<\/p>\n<p>\u00cen octombrie 2025, La\u021bc\u0103u sus\u021binea c\u0103 CJ Timi\u0219 nu are resurse suficiente pentru noul stadion Dan P\u0103ltini\u0219anu \u0219i punea sub semnul \u00eentreb\u0103rii inclusiv capacitatea administra\u021biei jude\u021bene de a realiza Institutul Regional de Oncologie. Simonis a reac\u021bionat acuz\u00e2nd conducerea Prim\u0103riei c\u0103 lanseaz\u0103 atacuri \u201er\u0103uvoitoare\u201d.<\/p>\n<p>Conflictul a continuat \u00een 2026. \u00cen iulie, La\u021bc\u0103u a filmat un mesaj \u00een apropierea terenului fostului stadion Dan P\u0103ltini\u0219anu \u0219i a ironizat proiectul promovat de Simonis:<\/p>\n<p>\u201eAcolo e doar c\u00e2mp \u0219i campanie electoral\u0103\u201d, spunea viceprimarul, suger\u00e2nd c\u0103 lucr\u0103rile ar putea avansa abia \u00een apropierea urm\u0103toarei campanii.<\/p>\n<p>Simonis i-a r\u0103spuns a doua zi.<\/p>\n<p>Cei doi au ar\u0103tat totu\u0219i c\u0103 pot colabora pe anumite proiecte. \u00cen iunie 2026, La\u021bc\u0103u a salutat public ideea lui Simonis privind o re\u021bea integrat\u0103 de transport la nivelul jude\u021bului \u0219i a spus c\u0103 Prim\u0103ria \u0219i Consiliul Jude\u021bean pot accelera \u00eempreun\u0103 dezvoltarea transportului metropolitan.<\/p>\n<p>Vacantarea func\u021biei deschide \u0219i drumul c\u0103tre un nou scrutin. Codul administrativ prevede c\u0103 prefectul constat\u0103 prin ordin \u00eencetarea \u00eenainte de termen a mandatului, iar ordinul poate fi contestat \u00een instan\u021b\u0103. Alegerile pentru un nou primar sunt stabilite de Guvern \u0219i trebuie organizate \u00een maximum 90 de zile de la expirarea termenului de contestare sau, dac\u0103 exist\u0103 un proces, de la hot\u0103r\u00e2rea instan\u021bei.<\/p>\n<p>Totu\u0219i, exist\u0103 deja un precedent recent care arat\u0103 c\u0103 organizarea alegerilor par\u021biale nu este automat\u0103 imediat dup\u0103 vacantarea unei prim\u0103rii. Este cazul Sectorului 6 din Bucure\u0219ti, r\u0103mas f\u0103r\u0103 primar ales dup\u0103 plecarea lui Ciprian Ciucu la Prim\u0103ria Capitalei.<\/p>\n<p>Ciucu a demisionat din func\u021bia de primar al Sectorului 6 \u00een decembrie 2025, dup\u0103 ce a c\u00e2\u0219tigat alegerile pentru Prim\u0103ria General\u0103. \u00cencetarea mandatului s\u0103u a fost constatat\u0103 oficial prin ordin al prefectului la 5 ianuarie 2026, iar atribu\u021biile de primar au fost preluate de viceprimarul Paul Moldovan, desemnat anterior drept primul \u00eenlocuitor de drept.<\/p>\n<p>Situa\u021bia continua \u0219i \u00een august 2026. Pe 21 august, pre\u0219edintele Autorit\u0103\u021bii Electorale Permanente, Adrian \u021au\u021buianu, afirma c\u0103 Sectorul 6 se num\u0103r\u0103 \u00een continuare printre cele 24 de unit\u0103\u021bi administrativ-teritoriale \u00een care \u201ear trebui\u201d organizate alegeri pentru func\u021bia de primar.<\/p>\n<p>Totu\u0219i, la Timi\u0219oara ar existata dorin\u021b\u0103 s\u0103 se organizeze rapid alegeri. Surse politice sus\u021bin c\u0103 USR \u0219i PNL discut\u0103 despre sus\u021binerea unui candidat comun la eventualele alegeri par\u021biale. Printre variantele vehiculate se afl\u0103 chiar Ruben La\u021bc\u0103u, \u00een timp ce candidatul comun ar putea fi \u0219i un independent cu notorietate \u00een Timi\u0219oara.<\/p>\n<p>La\u021bc\u0103u a temperat \u00eens\u0103 scenariul chiar vineri. \u00centrebat dac\u0103 ar putea candida pentru mandatul deplin de primar, el a spus c\u0103 USR va avea \u201ecu siguran\u021b\u0103\u201d un candidat, dar c\u0103 el personal nu are aceast\u0103 ambi\u021bie.<\/p>\n<\/div>\n<p>[analyse_source url=&#8221;https:\/\/60m.ro\/cine-va-fi-primar-la-timisoara-dupa-plecarea-lui-dominic-fritz-succesorul-a-fost-deja-stabilit\/&#8221;]<\/p>\n","protected":false},"excerpt":{"rendered":"<p>[analyse_image type=&#8221;featured&#8221; src=&#8221;https:\/\/60m.ro\/wp-content\/uploads\/2021\/11\/dominicfritzsirubenlatcau-4399590.jpg&#8221;] Dominic Fritz\u00a0\u00ee\u0219i va pierde mandatul de primar al Timi\u0219oarei dup\u0103 promulgarea noii Legi ANI, \u00eens\u0103 ora\u0219ul nu va r\u0103m\u00e2ne f\u0103r\u0103 conducere p\u00e2n\u0103 la organizarea unui nou scrutin. Viceprimarul Ruben La\u021bc\u0103u este desemnat oficial drept primul\u00a0\u00eenlocuitor\u00a0de drept al primarului. Pre\u0219edintele Nicu\u0219or Dan a promulgat vineri Legea ANI Pre\u0219edintele Nicu\u0219or Dan a promulgat vineri, [&hellip;]<\/p>\n","protected":false},"author":1,"featured_media":0,"comment_status":"open","ping_status":"","sticky":false,"template":"","format":"standard","meta":{"footnotes":""},"categories":[89],"tags":[100,226],"class_list":["post-2119787","post","type-post","status-publish","format-standard","hentry","category-romania","tag-60m-ro","tag-crawlmanager"],"_links":{"self":[{"href":"https:\/\/analyse.optim.biz\/index.php?rest_route=\/wp\/v2\/posts\/2119787","targetHints":{"allow":["GET"]}}],"collection":[{"href":"https:\/\/analyse.optim.biz\/index.php?rest_route=\/wp\/v2\/posts"}],"about":[{"href":"https:\/\/analyse.optim.biz\/index.php?rest_route=\/wp\/v2\/types\/post"}],"author":[{"embeddable":true,"href":"https:\/\/analyse.optim.biz\/index.php?rest_route=\/wp\/v2\/users\/1"}],"replies":[{"embeddable":true,"href":"https:\/\/analyse.optim.biz\/index.php?rest_route=%2Fwp%2Fv2%2Fcomments&post=2119787"}],"version-history":[{"count":0,"href":"https:\/\/analyse.optim.biz\/index.php?rest_route=\/wp\/v2\/posts\/2119787\/revisions"}],"wp:attachment":[{"href":"https:\/\/analyse.optim.biz\/index.php?rest_route=%2Fwp%2Fv2%2Fmedia&parent=2119787"}],"wp:term":[{"taxonomy":"category","embeddable":true,"href":"https:\/\/analyse.optim.biz\/index.php?rest_route=%2Fwp%2Fv2%2Fcategories&post=2119787"},{"taxonomy":"post_tag","embeddable":true,"href":"https:\/\/analyse.optim.biz\/index.php?rest_route=%2Fwp%2Fv2%2Ftags&post=2119787"}],"curies":[{"name":"wp","href":"https:\/\/api.w.org\/{rel}","templated":true}]}}