{"id":2119785,"date":"2026-08-30T08:07:15","date_gmt":"2026-08-30T05:07:15","guid":{"rendered":"https:\/\/analyse.optim.biz\/?p=2119785"},"modified":"2026-08-30T08:07:15","modified_gmt":"2026-08-30T05:07:15","slug":"liderul-senatorilor-aur-pune-cruce-intrarii-partidului-la-guvernare-nu-discutam-nici-formal-nici-informal-pentru-formarea-unui-guvern-cu-psd-sau-pnl","status":"publish","type":"post","link":"https:\/\/analyse.optim.biz\/?p=2119785","title":{"rendered":"Liderul senatorilor AUR pune cruce intr\u0103rii partidului la guvernare: Nu discut\u0103m nici formal, nici informal pentru formarea unui Guvern cu PSD sau PNL"},"content":{"rendered":"<p>[analyse_image type=&#8221;featured&#8221; src=&#8221;https:\/\/60m.ro\/wp-content\/uploads\/2026\/08\/petrisor-peiu_FSisX-1.webp&#8221;]<\/p>\n<div class=\"articleBody\" data-key=\"articleBody\">\nLiderul senatorilor\u00a0AUR, Petri\u015for Peiu, a declarat s\u00e2mb\u0103t\u0103 c\u0103 forma\u0163iunea nu are discu\u0163ii formale pentru crearea unei majorit\u0103\u0163i nici cu PSD, nici cu PNL \u015fi nu exist\u0103 nici discu\u0163ii informale, el amintind c\u0103 liderul\u00a0PSD, Sorin Grindeanu, s-a exprimat public c\u0103 nu vrea s\u0103 formeze un guvern \u00eempreun\u0103 cu AUR, astfel c\u0103 e cam greu de negociat.<\/p>\n<p>Petri\u0219or Peiu: Nu avem discu\u021bii nici formale, nici informale pentru formarea Guvernului<\/p>\n<p>\u201dNu avem discu\u0163ii formale pentru crearea unei majorit\u0103\u0163i nici cu PSD, nici cu PNL \u015fi nu exist\u0103 discu\u0163ii informale pentru un astfel de subiect. Adic\u0103 dac\u0103 dau o cafea cu cineva de la PSD sau PNL, nu \u00eenseamn\u0103&#8230; Domnul Grindeanu s-a exprimat public c\u0103 nu vrea s\u0103 formeze un guvern \u00eempreun\u0103 cu AUR. Dac\u0103 nu vrea s\u0103 formeze un guvern \u00eempreun\u0103 cu AUR, e cam greu de negociat, ce s\u0103 negociezi?\u201d a declarat liderul senatorilor AUR, Petri\u015for Peiu, la Antena 3.<\/p>\n<p>Peiu a mai spus c\u0103 urmeaz\u0103 ni\u015fte comunic\u0103ri publice de la AUR, care vor privi inclusiv strategia privind consult\u0103rile cu pre\u015fedintele, precum \u015fi strategia privind votul asupra investirii unui guvern care s\u0103 fie propus \u00een luna septembrie\u201d. .<\/p>\n<p>\u201dA\u015ftept\u0103m s\u0103 vedem dac\u0103 ne cheam\u0103 \u015fi pe noi pentru c\u0103, dac\u0103 domnia sa va face ni\u015fte consult\u0103ri informale, \u00een care va pune bazele unui guvern \u015fi dup\u0103 aia va face consult\u0103ri formale doar ca s\u0103 se pozeze la televizor d\u00e2nd m\u00e2na cu diver\u015fi oameni, nu \u015ftiu dac\u0103 are sens ca noi s\u0103 particip\u0103m la acele consult\u0103ri \u015fi probabil nu vom participa. \u0162ara asta are ni\u015fte reguli, are ni\u015fte principii pe care trebuie s\u0103 le aplice, dac\u0103 vrem s\u0103 fim \u015fi noi \u00een familia statelor democratice\u201d, a mai declarat Petri\u015for Peiu.\u00a0<\/p>\n<p>Nicu\u0219or Dan cheam\u0103, luni, partidele la Palatul Cotroceni<\/p>\n<p>Pre\u015fedintele Nicu\u015for Dan a anun\u0163at c\u0103 la \u00eenceputul lunii viitoare va relua consult\u0103rile cu partidele politice pe tema form\u0103rii unui guvern.<\/p>\n<p>\u201dCred c\u0103 con\u015ftientiz\u0103m cu to\u0163ii c\u0103 ar fi fost bine ca varianta Tomac s\u0103 treac\u0103 acum trei sau patru luni, c\u00e2nd a fost, \u015fi s\u0103 nu facem toat\u0103 aceast\u0103 echilibristic\u0103 cu Parlamentul, cu sesiuni extraordinare\u201d, a afirmat Nicu\u015for Dan, explic\u00e2nd care au fost motivele pentru care nu a f\u0103cut o nou\u0103 nominalizare pentru func\u0163ia de prim-ministru \u00een perioada verii.<\/p>\n<\/div>\n<p>[analyse_source url=&#8221;https:\/\/60m.ro\/liderul-senatorilor-aur-pune-cruce-intrarii-partidului-la-guvernare-nu-discutam-nici-formal-nici-informal-pentru-formarea-unui-guvern-cu-psd-sau-pnl\/&#8221;]<\/p>\n","protected":false},"excerpt":{"rendered":"<p>[analyse_image type=&#8221;featured&#8221; src=&#8221;https:\/\/60m.ro\/wp-content\/uploads\/2026\/08\/petrisor-peiu_FSisX-1.webp&#8221;] Liderul senatorilor\u00a0AUR, Petri\u015for Peiu, a declarat s\u00e2mb\u0103t\u0103 c\u0103 forma\u0163iunea nu are discu\u0163ii formale pentru crearea unei majorit\u0103\u0163i nici cu PSD, nici cu PNL \u015fi nu exist\u0103 nici discu\u0163ii informale, el amintind c\u0103 liderul\u00a0PSD, Sorin Grindeanu, s-a exprimat public c\u0103 nu vrea s\u0103 formeze un guvern \u00eempreun\u0103 cu AUR, astfel c\u0103 e cam [&hellip;]<\/p>\n","protected":false},"author":1,"featured_media":0,"comment_status":"open","ping_status":"","sticky":false,"template":"","format":"standard","meta":{"footnotes":""},"categories":[89],"tags":[100,226],"class_list":["post-2119785","post","type-post","status-publish","format-standard","hentry","category-romania","tag-60m-ro","tag-crawlmanager"],"_links":{"self":[{"href":"https:\/\/analyse.optim.biz\/index.php?rest_route=\/wp\/v2\/posts\/2119785","targetHints":{"allow":["GET"]}}],"collection":[{"href":"https:\/\/analyse.optim.biz\/index.php?rest_route=\/wp\/v2\/posts"}],"about":[{"href":"https:\/\/analyse.optim.biz\/index.php?rest_route=\/wp\/v2\/types\/post"}],"author":[{"embeddable":true,"href":"https:\/\/analyse.optim.biz\/index.php?rest_route=\/wp\/v2\/users\/1"}],"replies":[{"embeddable":true,"href":"https:\/\/analyse.optim.biz\/index.php?rest_route=%2Fwp%2Fv2%2Fcomments&post=2119785"}],"version-history":[{"count":0,"href":"https:\/\/analyse.optim.biz\/index.php?rest_route=\/wp\/v2\/posts\/2119785\/revisions"}],"wp:attachment":[{"href":"https:\/\/analyse.optim.biz\/index.php?rest_route=%2Fwp%2Fv2%2Fmedia&parent=2119785"}],"wp:term":[{"taxonomy":"category","embeddable":true,"href":"https:\/\/analyse.optim.biz\/index.php?rest_route=%2Fwp%2Fv2%2Fcategories&post=2119785"},{"taxonomy":"post_tag","embeddable":true,"href":"https:\/\/analyse.optim.biz\/index.php?rest_route=%2Fwp%2Fv2%2Ftags&post=2119785"}],"curies":[{"name":"wp","href":"https:\/\/api.w.org\/{rel}","templated":true}]}}