{"id":211976,"date":"2014-02-18T18:09:35","date_gmt":"2014-02-18T15:09:35","guid":{"rendered":"https:\/\/analyse.optim.biz\/?p=211976"},"modified":"2014-02-18T18:09:35","modified_gmt":"2014-02-18T15:09:35","slug":"legea-sts-din-nou-la-comisia-de-aparare","status":"publish","type":"post","link":"https:\/\/analyse.optim.biz\/?p=211976","title":{"rendered":"Legea STS, din nou la Comisia de Ap\u0103rare"},"content":{"rendered":"<div class=\"entry data-app-meta data-app-meta-article\" data-embed-base-url-canonical=\"https:\/\/www.digi24.ro\/embed\/stiri\/actualitate\/politica\/legea-sts-din-nou-la-comisia-de-aparare-202397\">\n<p data-index=\"1\">Parlamentarii PSD sunt cei care au cerut rediscutarea proiectului \u00een comisie, dup\u0103 ce ieri, <a href=\"https:\/\/www.digi24.ro\/Stiri\/Digi24\/Actualitate\/Politica\/Victor+Ponta+Ideea+minoritatilor+ca+STS+sa+fie+sub+control+parla\" target=\"_blank\" data-skip-linkfix=\"1\" rel=\"noopener\"><strong>grupul minorita\u0163ilor a propus<\/strong><\/a>trecerea Serviciului de Telecomunica\u0163ii Speciale \u00een subordinea Legislativului.<\/p>\n<p data-index=\"2\">\u00cen plus, ale\u015fii minorit\u0103\u0163ilor vor ca serviciul 112 s\u0103 treac\u0103 la Departamentul special pentru situa\u0163ii de urgen\u0163\u0103 din MAI. <\/p>\n<p data-index=\"3\">Dac\u0103 social-democra\u0163ii au \u00eembr\u0103\u0163i\u015fat aceste modific\u0103ri, PDL \u015fi PNL nu sunt de acord cu trecerea STS \u00een subordinea Parlamentului.\u00a0<\/p>\n<\/div>\n<p> Source URL: https:\/\/www.digi24.ro\/stiri\/actualitate\/politica\/legea-sts-din-nou-la-comisia-de-aparare-202397<\/p>\n","protected":false},"excerpt":{"rendered":"<p>Parlamentarii PSD sunt cei care au cerut rediscutarea proiectului \u00een comisie, dup\u0103 ce ieri, grupul minorita\u0163ilor a propustrecerea Serviciului de Telecomunica\u0163ii Speciale \u00een subordinea Legislativului. \u00cen plus, ale\u015fii minorit\u0103\u0163ilor vor ca serviciul 112 s\u0103 treac\u0103 la Departamentul special pentru situa\u0163ii de urgen\u0163\u0103 din MAI. Dac\u0103 social-democra\u0163ii au \u00eembr\u0103\u0163i\u015fat aceste modific\u0103ri, PDL \u015fi PNL nu sunt [&hellip;]<\/p>\n","protected":false},"author":1,"featured_media":211977,"comment_status":"open","ping_status":"","sticky":false,"template":"","format":"standard","meta":{"footnotes":""},"categories":[2],"tags":[11],"class_list":["post-211976","post","type-post","status-publish","format-standard","has-post-thumbnail","hentry","category-politics","tag-digi24"],"_links":{"self":[{"href":"https:\/\/analyse.optim.biz\/index.php?rest_route=\/wp\/v2\/posts\/211976","targetHints":{"allow":["GET"]}}],"collection":[{"href":"https:\/\/analyse.optim.biz\/index.php?rest_route=\/wp\/v2\/posts"}],"about":[{"href":"https:\/\/analyse.optim.biz\/index.php?rest_route=\/wp\/v2\/types\/post"}],"author":[{"embeddable":true,"href":"https:\/\/analyse.optim.biz\/index.php?rest_route=\/wp\/v2\/users\/1"}],"replies":[{"embeddable":true,"href":"https:\/\/analyse.optim.biz\/index.php?rest_route=%2Fwp%2Fv2%2Fcomments&post=211976"}],"version-history":[{"count":0,"href":"https:\/\/analyse.optim.biz\/index.php?rest_route=\/wp\/v2\/posts\/211976\/revisions"}],"wp:featuredmedia":[{"embeddable":true,"href":"https:\/\/analyse.optim.biz\/index.php?rest_route=\/wp\/v2\/media\/211977"}],"wp:attachment":[{"href":"https:\/\/analyse.optim.biz\/index.php?rest_route=%2Fwp%2Fv2%2Fmedia&parent=211976"}],"wp:term":[{"taxonomy":"category","embeddable":true,"href":"https:\/\/analyse.optim.biz\/index.php?rest_route=%2Fwp%2Fv2%2Fcategories&post=211976"},{"taxonomy":"post_tag","embeddable":true,"href":"https:\/\/analyse.optim.biz\/index.php?rest_route=%2Fwp%2Fv2%2Ftags&post=211976"}],"curies":[{"name":"wp","href":"https:\/\/api.w.org\/{rel}","templated":true}]}}