{"id":2119737,"date":"2026-08-30T20:26:32","date_gmt":"2026-08-30T17:26:32","guid":{"rendered":"https:\/\/analyse.optim.biz\/?p=2119737"},"modified":"2026-08-30T20:26:32","modified_gmt":"2026-08-30T17:26:32","slug":"raed-arafat-dupa-tragedia-din-nepal-ne-reaminteste-cat-de-important-este-sa-fim-pregatiti-inainte-ca","status":"publish","type":"post","link":"https:\/\/analyse.optim.biz\/?p=2119737","title":{"rendered":"Raed Arafat, dup\u0103 tragedia din Nepal: Ne reaminte\u0219te c\u00e2t de important este s\u0103 fim preg\u0103ti\u0163i \u00eenainte ca&#8230;"},"content":{"rendered":"<p>[analyse_image type=&#8221;featured&#8221; src=&#8221;https:\/\/s.iw.ro\/gateway\/g\/ZmlsZVNvdXJjZT1odHRwJTNBJTJGJTJG\/c3RvcmFnZTA4dHJhbnNjb2Rlci5yY3Mt\/cmRzLnJvJTJGc3RvcmFnZSUyRjIwMjYl\/MkYwOCUyRjMwJTJGMjkzMDQ3MV8yOTMw\/NDcxX3JhZWQtYXJhZmF0LWNhcHR1cmEu\/anBnJnc9MTIwMCZoPTYzMCZ6Yz0xJmhh\/c2g9OWNlOWQ3ZTA4MjcwM2ZmODhkNTc5ZDRiMzczM2FmZDY=.thumb.jpg&#8221;]<\/p>\n<div class=\"entry data-app-meta data-app-meta-article\" data-embed-base-url-canonical=\"https:\/\/www.digi24.ro\/embed\/stiri\/actualitate\/raed-arafat-dupa-tragedia-din-nepal-ne-reaminteste-cat-de-important-este-sa-fim-pregatiti-inainte-ca-dezastrul-sa-se-produca-3927883\">\n<p data-index=\"1\"><strong>\u015eeful DSU, Raed Arafat, transmite duminic\u0103, dup\u0103 <a href=\"https:\/\/www.digi24.ro\/stiri\/externe\/mapamond\/bilant-tragic-la-granita-nepal-china-peste-600-de-morti-si-3-000-de-disparuti-eforturi-disperate-de-cautare-si-salvare-3926569\" target=\"_blank\" rel=\"noopener\" data-skip-linkfix=\"1\">tragedia care a lovit Nepalul<\/a>, c\u0103 aceste imagini ne reamintesc c\u00e2t de important este s\u0103 fim preg\u0103ti\u0163i \u00eenainte ca dezastrul s\u0103 se produc\u0103, s\u0103 avem sisteme de interven\u0163ie solide, resurse suficiente, salvatori bine preg\u0103ti\u0163i. De asemenea, spune Arafat, oamenii trebuie s\u0103 fie informa\u0163i, s\u0103 cunoasc\u0103 riscurile \u015fi s\u0103 \u015ftie cum s\u0103 se protejeze \u015fi cum s\u0103 ac\u0163ioneze.<\/strong><\/p>\n<p data-index=\"2\">\u201eCu to\u0163ii am v\u0103zut tragedia care a lovit Nepalul. Vorbim adesea despre &#8220;scenariul cel mai nefavorabil&#8221; (worst-case scenario) \u00eens\u0103 ceea ce s-a \u00eent\u00e2mplat acolo pare s\u0103 dep\u0103\u015feasc\u0103 p\u00e2n\u0103 \u015fi cele mai sumbre scenarii. Aceste imagini ne reamintesc c\u00e2t de important este s\u0103 fim preg\u0103ti\u0163i \u00eenainte ca dezastrul s\u0103 se produc\u0103: s\u0103 avem sisteme de interven\u0163ie solide, resurse suficiente, salvatori bine preg\u0103ti\u0163i \u015fi structuri capabile s\u0103 reac\u0163ioneze rapid, inclusiv \u00een condi\u0163ii extreme\u201d, a scris Raed Arafat pe Facebook, potrivit News.ro.<\/p>\n<p data-index=\"3\">\u015eeful DSU men\u0163ioneaz\u0103 c\u0103 la fel de important\u0103 este \u00eens\u0103 preg\u0103tirea popula\u0163iei.<\/p>\n<p data-index=\"4\">\u201eOamenii trebuie s\u0103 fie informa\u0163i, s\u0103 cunoasc\u0103 riscurile \u015fi s\u0103 \u015ftie cum s\u0103 se protejeze \u015fi cum s\u0103 ac\u0163ioneze \u00een primele momente ale unei situa\u0163ii majore de urgen\u0163\u0103. Nu putem preveni toate dezastrele, dar putem reduce num\u0103rul victimelor \u015fi amploarea consecin\u0163elor prin preg\u0103tire, responsabilitate \u015fi solidaritate\u201d, subliniaz\u0103 Arafat.<\/p>\n<p data-index=\"5\">\u201eG\u00e2ndurile noastre se \u00eendreapt\u0103 c\u0103tre victime, c\u0103tre familiile lor \u015fi c\u0103tre to\u0163i cei implica\u0163i \u00een opera\u0163iunile de salvare. Preg\u0103tirea nu este o op\u0163iune. Este o responsabilitate fa\u0163\u0103 de via\u0163\u0103, fie c\u0103 vorbim despre propria via\u0163\u0103, fie despre via\u0163a celorlal\u0163i!\u201d, mai declar\u0103 \u015feful Departamentului pentru Situa\u0163ii de Urgen\u0163\u0103.<\/p>\n<p data-index=\"6\">Echipele de salvare \u015fi-au intensificat eforturile s\u00e2mb\u0103t\u0103 pentru a localiza aproximativ 3.000 de persoane disp\u0103rute \u015fi pentru a evacua supravie\u0163uitorii care se afl\u0103 \u00eenc\u0103 izola\u0163i la grani\u0163a dintre Nepal \u015fi China, la trei zile dup\u0103 teribila viitur\u0103 care a provocat moartea a aproape 700 de persoane \u015fi a \u00eenghi\u0163it sate \u00eentregi, relateaz\u0103 AFP \u015fi Reuters.<\/p>\n<p data-index=\"7\">Conform bilan\u0163urilor oficiale, \u00eenc\u0103 provizorii, un total de 682 de cadavre &#8211; 675 pe partea nepalez\u0103, 7 pe teritoriul chinez al Tibetului &#8211; au fost recuperate \u00eencep\u00e2nd de miercuri din stratul gros de noroi \u015fi din d\u0103r\u00e2m\u0103turile cl\u0103dirilor, drumurilor, podurilor \u015fi \u015fantierelor m\u0103turate de val.<\/p>\n<p> Editor : <a href=\"https:\/\/www.digi24.ro\/autor\/liviu-cojan\"> Liviu Cojan <\/a><\/p>\n<\/div>\n<p>[analyse_source url=&#8221;https:\/\/www.digi24.ro\/stiri\/actualitate\/raed-arafat-dupa-tragedia-din-nepal-ne-reaminteste-cat-de-important-este-sa-fim-pregatiti-inainte-ca-dezastrul-sa-se-produca-3927883&#8243;]<\/p>\n","protected":false},"excerpt":{"rendered":"<p>[analyse_image type=&#8221;featured&#8221; src=&#8221;https:\/\/s.iw.ro\/gateway\/g\/ZmlsZVNvdXJjZT1odHRwJTNBJTJGJTJG\/c3RvcmFnZTA4dHJhbnNjb2Rlci5yY3Mt\/cmRzLnJvJTJGc3RvcmFnZSUyRjIwMjYl\/MkYwOCUyRjMwJTJGMjkzMDQ3MV8yOTMw\/NDcxX3JhZWQtYXJhZmF0LWNhcHR1cmEu\/anBnJnc9MTIwMCZoPTYzMCZ6Yz0xJmhh\/c2g9OWNlOWQ3ZTA4MjcwM2ZmODhkNTc5ZDRiMzczM2FmZDY=.thumb.jpg&#8221;] \u015eeful DSU, Raed Arafat, transmite duminic\u0103, dup\u0103 tragedia care a lovit Nepalul, c\u0103 aceste imagini ne reamintesc c\u00e2t de important este s\u0103 fim preg\u0103ti\u0163i \u00eenainte ca dezastrul s\u0103 se produc\u0103, s\u0103 avem sisteme de interven\u0163ie solide, resurse suficiente, salvatori bine preg\u0103ti\u0163i. De asemenea, spune Arafat, oamenii trebuie s\u0103 fie informa\u0163i, s\u0103 cunoasc\u0103 [&hellip;]<\/p>\n","protected":false},"author":1,"featured_media":0,"comment_status":"open","ping_status":"","sticky":false,"template":"","format":"standard","meta":{"footnotes":""},"categories":[89],"tags":[226,11],"class_list":["post-2119737","post","type-post","status-publish","format-standard","hentry","category-romania","tag-crawlmanager","tag-digi24"],"_links":{"self":[{"href":"https:\/\/analyse.optim.biz\/index.php?rest_route=\/wp\/v2\/posts\/2119737","targetHints":{"allow":["GET"]}}],"collection":[{"href":"https:\/\/analyse.optim.biz\/index.php?rest_route=\/wp\/v2\/posts"}],"about":[{"href":"https:\/\/analyse.optim.biz\/index.php?rest_route=\/wp\/v2\/types\/post"}],"author":[{"embeddable":true,"href":"https:\/\/analyse.optim.biz\/index.php?rest_route=\/wp\/v2\/users\/1"}],"replies":[{"embeddable":true,"href":"https:\/\/analyse.optim.biz\/index.php?rest_route=%2Fwp%2Fv2%2Fcomments&post=2119737"}],"version-history":[{"count":0,"href":"https:\/\/analyse.optim.biz\/index.php?rest_route=\/wp\/v2\/posts\/2119737\/revisions"}],"wp:attachment":[{"href":"https:\/\/analyse.optim.biz\/index.php?rest_route=%2Fwp%2Fv2%2Fmedia&parent=2119737"}],"wp:term":[{"taxonomy":"category","embeddable":true,"href":"https:\/\/analyse.optim.biz\/index.php?rest_route=%2Fwp%2Fv2%2Fcategories&post=2119737"},{"taxonomy":"post_tag","embeddable":true,"href":"https:\/\/analyse.optim.biz\/index.php?rest_route=%2Fwp%2Fv2%2Ftags&post=2119737"}],"curies":[{"name":"wp","href":"https:\/\/api.w.org\/{rel}","templated":true}]}}