{"id":2119733,"date":"2026-08-30T20:25:23","date_gmt":"2026-08-30T17:25:23","guid":{"rendered":"https:\/\/analyse.optim.biz\/?p=2119733"},"modified":"2026-08-30T20:25:23","modified_gmt":"2026-08-30T17:25:23","slug":"volodimir-zelenski-anunta-o-noua-runda-de-discutii-cu-echipa-lui-trump-ce-urmeaza-pentru-ucraina","status":"publish","type":"post","link":"https:\/\/analyse.optim.biz\/?p=2119733","title":{"rendered":"Volodimir Zelenski anun\u021b\u0103 o nou\u0103 rund\u0103 de discu\u021bii cu echipa lui Trump. Ce urmeaz\u0103 pentru Ucraina"},"content":{"rendered":"<p>[analyse_image type=&#8221;featured&#8221; src=&#8221;https:\/\/s.iw.ro\/gateway\/g\/ZmlsZVNvdXJjZT1odHRwJTNBJTJGJTJG\/c3RvcmFnZTA4dHJhbnNjb2Rlci5yY3Mt\/cmRzLnJvJTJGc3RvcmFnZSUyRjIwMjYl\/MkYwNyUyRjI4JTJGMjg3MjQ0MV8yODcy\/NDQxX1ZvbG9kaW1pci1aZWxlbnNraS1z\/LWEtaW50YWxuaXQtY3UtRG9uYWxkLVRy\/dW1wLWluLUJpcm91bC1PdmFsLWxhLUNh\/c2EtQWxiYV8tRm90by1Qcm9maW1lZGlh\/LmpwZyZ3PTEyMDAmaD02MzAmemM9MSZo\/YXNoPWRiZTFkMDQ2ZmM3NmNlYjhmYmQ1YjcwZTBmMGZhNThi.thumb.jpg&#8221;]<\/p>\n<div class=\"entry data-app-meta data-app-meta-article\" data-embed-base-url-canonical=\"https:\/\/www.digi24.ro\/embed\/stiri\/externe\/ue\/volodimir-zelenski-anunta-o-noua-runda-de-discutii-cu-echipa-lui-trump-ce-urmeaza-pentru-ucraina-3927865\">\n<p data-index=\"1\"><strong><a href=\"https:\/\/www.digi24.ro\/stiri\/externe\/volodimir-zelenski-a-aprobat-un-nou-plan-de-actiuni-pe-front-oficial-ucrainean-avansul-rusiei-incetineste-3926951\" target=\"_blank\" rel=\"noopener\" data-skip-linkfix=\"1\">Pre\u0219edintele ucrainean Volodimir Zelenski<\/a> a anun\u021bat duminic\u0103 sear\u0103 c\u0103 echipa sa se preg\u0103te\u0219te pentru o nou\u0103 rund\u0103 de discu\u021bii cu reprezentan\u021bii pre\u0219edintelui american Donald Trump. Zelenski spune c\u0103 Ucraina trebuie s\u0103 r\u0103m\u00e2n\u0103 activ\u0103 \u00een eforturile diplomatice \u0219i c\u0103 Washingtonul \u00eemp\u0103rt\u0103\u0219e\u0219te multe dintre evalu\u0103rile Kievului privind situa\u021bia de pe front \u0219i atacurile ruse\u0219ti.<\/strong><\/p>\n<p data-index=\"2\">\u201ePe scurt, despre ziua de azi. Au avut loc \u00eent\u00e2lniri importante. \u00cempreun\u0103 cu echipa, ne preg\u0103tim pentru o nou\u0103 rund\u0103 de discu\u021bii cu reprezentan\u021bii pre\u0219edintelui american. M\u00e2ine vor fi mai multe detalii\u201d, a declarat Volodimir Zelenski \u00een discursul s\u0103u video adresat na\u021biunii.<\/p>\n<p data-index=\"3\">Liderul de la Kiev a subliniat c\u0103 Ucraina continu\u0103 s\u0103 depun\u0103 eforturi pentru g\u0103sirea unei solu\u021bii diplomatice. \u201eFacem tot ce ne st\u0103 \u00een putin\u021b\u0103 pentru ca r\u0103zboiul s\u0103 nu r\u0103m\u00e2n\u0103 singura op\u021biune pentru evolu\u021bia evenimentelor\u201d, a spus Zelenski.<\/p>\n<p class=\"gdpr-placeholder gdpr-social-media \" data-index=\"4\"> Setarile tale privind cookie-urile nu permit afisarea continutul din aceasta sectiune. Poti actualiza setarile modulelor coookie direct din browser sau de <a class=\"ot-sdk-show-settings\" data-skip-linkfix=\"1\">aici<\/a> \u2013 e nevoie sa accepti cookie-urile social media<\/p>\n<p data-index=\"5\">Pre\u0219edintele ucrainean a afirmat c\u0103 exist\u0103 puncte de vedere comune \u00eentre Kiev \u0219i Washington \u00een ceea ce prive\u0219te situa\u021bia de pe front \u0219i atacurile Rusiei.<\/p>\n<p data-index=\"6\">\u201eEste important faptul c\u0103 America \u00eemp\u0103rt\u0103\u0219e\u0219te multe dintre punctele noastre de vedere asupra situa\u021biei \u2013 asupra situa\u021biei de pe front, asupra situa\u021biei privind atacurile. Trebuie s\u0103 fim activi \u0219i exact a\u0219a, activ, lucr\u0103m &#8211; f\u0103r\u0103 zile libere\u201d, a ad\u0103ugat Zelenski.<\/p>\n<h2 id=\"highlight-3927865-1\">Vizita reprezentan\u021bilor lui Trump, am\u00e2nat\u0103<\/h2>\n<p data-index=\"7\">Anun\u021bul vine dup\u0103 ce vizita \u00een Ucraina a reprezentan\u021bilor speciali ai pre\u0219edintelui Donald Trump, Steve Witkoff \u0219i Jared Kushner, a fost am\u00e2nat\u0103 s\u0103pt\u0103m\u00e2na trecut\u0103.<\/p>\n<p data-index=\"8\">La scurt timp dup\u0103 aceea, directorul CIA, John Ratcliffe, s-a deplasat la Moscova. Donald Trump a declarat ulterior c\u0103 din vizita acestuia \u00een capitala Rusiei \u201epoate va rezulta ceva\u201d.<\/p>\n<p data-index=\"9\">\u00cen ultimele zile au ap\u0103rut mai multe informa\u021bii despre mesajele pe care Ratcliffe le-ar fi transmis Moscovei. Potrivit Axios, una dintre ipotezele vehiculate este c\u0103 \u0219eful CIA ar fi mers cu o propunere pentru organizarea unui summit trilateral \u00eentre Donald Trump, Vladimir Putin \u0219i Volodimir Zelenski.<\/p>\n<p data-index=\"10\">P\u00e2n\u0103 \u00een prezent, nu exist\u0103 \u00eens\u0103 o confirmare oficial\u0103 c\u0103 o astfel de \u00eent\u00e2lnire ar fi fost convenit\u0103.<\/p>\n<p data-index=\"11\">Noul anun\u021b al lui Zelenski indic\u0103 faptul c\u0103, \u00een paralel cu demersurile americane privind Moscova, Kievul preg\u0103te\u0219te o nou\u0103 rund\u0103 de contacte directe cu reprezentan\u021bii administra\u021biei Trump.<\/p>\n<p data-index=\"12\"><strong>Cite\u0219te \u0219i: <a href=\"https:\/\/www.digi24.ro\/stiri\/externe\/rusia\/leonid-slutki-avertizeaza-ca-rusia-este-pregatita-sa-raspunda-simetric-la-utilizarea-unor-arme-nucleare-impotriva-sa-3926935\" target=\"_blank\" rel=\"noopener\" data-skip-linkfix=\"1\">Rusia spune care e singura situa\u021bie \u00een care ar folosi arme nucleare \u00eempotriva Occidentului: \u201eR\u0103spunsul ar veni imediat\u201d<\/a><\/strong><\/p>\n<p> Editor : <a href=\"https:\/\/www.digi24.ro\/autor\/claudia-ariton\"> C.A. <\/a><\/p>\n<\/div>\n<p>[analyse_source url=&#8221;https:\/\/www.digi24.ro\/stiri\/externe\/ue\/volodimir-zelenski-anunta-o-noua-runda-de-discutii-cu-echipa-lui-trump-ce-urmeaza-pentru-ucraina-3927865&#8243;]<\/p>\n","protected":false},"excerpt":{"rendered":"<p>[analyse_image type=&#8221;featured&#8221; src=&#8221;https:\/\/s.iw.ro\/gateway\/g\/ZmlsZVNvdXJjZT1odHRwJTNBJTJGJTJG\/c3RvcmFnZTA4dHJhbnNjb2Rlci5yY3Mt\/cmRzLnJvJTJGc3RvcmFnZSUyRjIwMjYl\/MkYwNyUyRjI4JTJGMjg3MjQ0MV8yODcy\/NDQxX1ZvbG9kaW1pci1aZWxlbnNraS1z\/LWEtaW50YWxuaXQtY3UtRG9uYWxkLVRy\/dW1wLWluLUJpcm91bC1PdmFsLWxhLUNh\/c2EtQWxiYV8tRm90by1Qcm9maW1lZGlh\/LmpwZyZ3PTEyMDAmaD02MzAmemM9MSZo\/YXNoPWRiZTFkMDQ2ZmM3NmNlYjhmYmQ1YjcwZTBmMGZhNThi.thumb.jpg&#8221;] Pre\u0219edintele ucrainean Volodimir Zelenski a anun\u021bat duminic\u0103 sear\u0103 c\u0103 echipa sa se preg\u0103te\u0219te pentru o nou\u0103 rund\u0103 de discu\u021bii cu reprezentan\u021bii pre\u0219edintelui american Donald Trump. Zelenski spune c\u0103 Ucraina trebuie s\u0103 r\u0103m\u00e2n\u0103 activ\u0103 \u00een eforturile diplomatice \u0219i c\u0103 Washingtonul \u00eemp\u0103rt\u0103\u0219e\u0219te multe dintre evalu\u0103rile Kievului privind situa\u021bia de pe front \u0219i atacurile ruse\u0219ti. [&hellip;]<\/p>\n","protected":false},"author":1,"featured_media":0,"comment_status":"open","ping_status":"","sticky":false,"template":"","format":"standard","meta":{"footnotes":""},"categories":[89],"tags":[226,11],"class_list":["post-2119733","post","type-post","status-publish","format-standard","hentry","category-romania","tag-crawlmanager","tag-digi24"],"_links":{"self":[{"href":"https:\/\/analyse.optim.biz\/index.php?rest_route=\/wp\/v2\/posts\/2119733","targetHints":{"allow":["GET"]}}],"collection":[{"href":"https:\/\/analyse.optim.biz\/index.php?rest_route=\/wp\/v2\/posts"}],"about":[{"href":"https:\/\/analyse.optim.biz\/index.php?rest_route=\/wp\/v2\/types\/post"}],"author":[{"embeddable":true,"href":"https:\/\/analyse.optim.biz\/index.php?rest_route=\/wp\/v2\/users\/1"}],"replies":[{"embeddable":true,"href":"https:\/\/analyse.optim.biz\/index.php?rest_route=%2Fwp%2Fv2%2Fcomments&post=2119733"}],"version-history":[{"count":0,"href":"https:\/\/analyse.optim.biz\/index.php?rest_route=\/wp\/v2\/posts\/2119733\/revisions"}],"wp:attachment":[{"href":"https:\/\/analyse.optim.biz\/index.php?rest_route=%2Fwp%2Fv2%2Fmedia&parent=2119733"}],"wp:term":[{"taxonomy":"category","embeddable":true,"href":"https:\/\/analyse.optim.biz\/index.php?rest_route=%2Fwp%2Fv2%2Fcategories&post=2119733"},{"taxonomy":"post_tag","embeddable":true,"href":"https:\/\/analyse.optim.biz\/index.php?rest_route=%2Fwp%2Fv2%2Ftags&post=2119733"}],"curies":[{"name":"wp","href":"https:\/\/api.w.org\/{rel}","templated":true}]}}