{"id":2119725,"date":"2026-08-30T06:53:37","date_gmt":"2026-08-30T03:53:37","guid":{"rendered":"https:\/\/analyse.optim.biz\/?p=2119725"},"modified":"2026-08-30T06:53:37","modified_gmt":"2026-08-30T03:53:37","slug":"psd-se-reuneste-la-sinaia-pentru-a-stabili-mandatul-conducerii-in-negocierile-pentru-formarea-guvernului","status":"publish","type":"post","link":"https:\/\/analyse.optim.biz\/?p=2119725","title":{"rendered":"PSD se reune\u0219te la Sinaia pentru a stabili mandatul conducerii \u00een negocierile pentru formarea Guvernului"},"content":{"rendered":"<p>[analyse_image type=&#8221;featured&#8221; src=&#8221;https:\/\/cdn.adh.reperio.news\/image-b\/bac30f93-2099-4b15-8aff-accbfcf51996\/index.jpeg?p=f%3Djpeg%26w%3D1200%26h%3D630%26r%3Dcover&#8221;]<\/p>\n<article class=\"svelte-x63bga\">\n<nav>\n<ul class=\"breadcrump svelte-1pk9a69\">\n<li class=\"svelte-1pk9a69\"><a href=\"https:\/\/adevarul.ro\/\" title=\"Adev\u0103rul\" class=\"svelte-1pk9a69\">Home<\/a><\/li>\n<li class=\"svelte-1pk9a69\"><a href=\"https:\/\/adevarul.ro\/politica\" class=\"svelte-1pk9a69\">Politic\u0103<\/a><\/li>\n<li class=\"svelte-1pk9a69\"><a href=\"https:\/\/adevarul.ro\/politica\/psd-se-reuneste-la-sinaia-pentru-a-stabili-2552927.html\" class=\"svelte-1pk9a69\">PSD se reune\u0219te la Sinaia pentru a stabili mandatul conducerii \u00een negocierile pentru formarea Guvernului<\/a><\/li>\n<\/ul>\n<\/nav>\n<p><main class=\"svelte-x63bga\"><\/p>\n<p>Conducerea PSD \u0219i parlamentarii social-democra\u021bi se \u00eent\u00e2lnesc luni, la Sinaia, \u00een contextul \u00een care negocierile pentru formarea unui nou Guvern urmeaz\u0103 s\u0103 fie reluate la Palatul Cotroceni.<\/p>\n<div class=\"container-image  svelte-1xbw4f3\"><source type=\"image\/webp\" srcset=\"https:\/\/cdn.adh.reperio.news\/image-b\/bac30f93-2099-4b15-8aff-accbfcf51996\/index.jpeg?p=a%3D1%26co%3D1.05%26w%3D1400%26h%3D750%26r%3Dcontain%26f%3Dwebp 1400w\" media=\"(min-width: 1400px)\" \/><\/p>\n<div class=\"caption svelte-1xbw4f3\"><span class=\"captionText svelte-1xbw4f3\">PSD se reune\u0219te pentru a stabili mandatul conducerii \u00een negocierile pentru formarea Guvernului.  <span class=\"source svelte-1xbw4f3\">Foto: Arhiv\u0103<\/span><\/span><\/div>\n<\/div>\n<p>Consiliul Politic Na\u021bional al PSD este programat de la ora 11:00, iar reuniunea grupurilor parlamentare ale partidului va \u00eencepe la ora 15:00, potrivit\u00a0<a href=\"https:\/\/www.agerpres.ro\/politic\/2026\/08\/30\/sedinte-la-psd-consiliul-politic-national-si-grupurile-parlamentare-se-reunesc-la-sinaia--1723668\" rel=\"nofollow\">Agerpres<\/a>.\u00a0<\/p>\n<p>Una dintre principalele teme de discu\u021bie va fi mandatul cu care conducerea PSD va participa la viitoarele negocieri pentru formarea Executivului. Social-democra\u021bii vor analiza, de asemenea, priorit\u0103\u021bile legislative pentru sesiunea parlamentar\u0103 ordinar\u0103, care \u00eencepe mar\u021bi.<\/p>\n<p>Pe agenda partidului se afl\u0103 \u0219i proiecte r\u0103mase nefinalizate dup\u0103 sesiunile extraordinare din aceast\u0103 var\u0103. Printre acestea se num\u0103r\u0103 legea salariz\u0103rii bugetarilor, unul dintre cele mai importante proiecte legislative aflate \u00een discu\u021bie.<\/p>\n<p><a href=\"https:\/\/adevarul.ro\/stiri-interne\/surse-eugen-tomac-favorit-sa-fie-desemnat-din-nou-2552625.html\">\u00cen paralel, pre\u0219edintele Nicu\u0219or Dan a anun\u021bat c\u0103 va convoca partidele la consult\u0103ri la \u00eenceputul lunii septembrie<\/a>, pentru o nou\u0103 \u00eencercare de desemnare a unui premier. \u0218eful statului a explicat c\u0103, \u00een perioada vacan\u021bei parlamentare, nu a considerat oportun\u0103 o nou\u0103 nominalizare, \u00een condi\u021biile \u00een care exista riscul ca aceasta s\u0103 nu ob\u021bin\u0103 voturile necesare \u00een Parlament.<\/p>\n<p>Pre\u0219edintele a spus c\u0103 un nou e\u0219ec al unei nominaliz\u0103ri ar fi putut afecta inclusiv imaginea Rom\u00e2niei \u00een fa\u021ba agen\u021biilor de rating.<\/p>\n<p><i>\u201eCred c\u0103 con\u0219tientiz\u0103m cu to\u021bii c\u0103 ar fi fost bine ca varianta Tomac s\u0103 treac\u0103 acum trei sau patru luni, c\u00e2nd a fost, s\u0103 nu facem toat\u0103 aceast\u0103 echilibristic\u0103 cu Parlamentul, cu sesiuni extraordinare\u201d<\/i>, a declarat Nicu\u0219or Dan.<\/p>\n<p>Potrivit \u0219efului statului, dup\u0103 primele dou\u0103 propuneri pentru func\u021bia de premier, concluzia a fost c\u0103 \u0219ansele form\u0103rii unei majorit\u0103\u021bi \u00een perioada vacan\u021bei parlamentare erau reduse.<\/p>\n<p><i>\u201eAr fi fost tare nefericit ca \u015ftirile din presa global\u0103 s\u0103 fie: al treilea Guvern n-a fost \u00eenvestit, al patrulea Guvern n-a fost \u00eenvestit \u00een Rom\u00e2nia, \u0103sta e motivul pentru care pe lunile iulie-august, \u00een afar\u0103 de discu\u0163ii permanente cu partidele politice, n-am f\u0103cut o desemnare. Acum, imediat, la 1 septembrie, o s\u0103 avem o nou\u0103 consultare, o s\u0103 vedem, formal\u0103 sau informal\u0103 \u015fi eu cred c\u0103 vom g\u0103si o majoritate pentru un Guvern care s\u0103 fie stabil\u0103\u201d<\/i>, a explicat \u015feful statului.<\/p>\n<p>Nicu\u0219or Dan a precizat c\u0103 \u00ee\u0219i dore\u0219te ca Rom\u00e2nia s\u0103 aib\u0103 un nou Executiv \u00eenainte de participarea sa la Summitul ONU de la New York.<\/p>\n<p>\u00cen privin\u021ba componen\u021bei viitorului Cabinet, pre\u0219edintele spune c\u0103 exist\u0103 \u00een continuare mai multe variante, \u00eens\u0103 una dintre ele pare \u00een acest moment mai pu\u021bin probabil\u0103.<\/p>\n<p><i>\u201e\u00cen acest moment nu v\u0103d sus\u0163inere pentru un Guvern cu mini\u015ftri tehnocra\u0163i. Deci este mult mai probabil un guvern cu mini\u015ftri politici\u201d<\/i>, a conchis el.<\/p>\n<p><\/main><\/p>\n<footer class=\"svelte-x63bga\">\n<div class=\"related-wrap related-footer svelte-78g0vl\"><span class=\"related-label svelte-78g0vl\">Cite\u0219te \u0219i<\/span><a class=\"related svelte-78g0vl\" data-gtrack=\"{&quot;event&quot;:&quot;utm_click&quot;,&quot;data&quot;:{&quot;event_category&quot;:&quot;article_related&quot;}}\" href=\"https:\/\/adevarul.ro\/politica\/o-noua-rotativa-psd-l-a-acceptat-pe-bolojan-cu-2451213.html\" title=\"Alt articol de interes pentru tine\"><img decoding=\"async\" class=\"thumb svelte-78g0vl\" src=\"https:\/\/cdn.adh.reperio.news\/image-3\/3d73eb7b-6d9b-4ce8-bc31-efc464538dcc\/index.jpeg?p=f%3Dwebp%26w%3D120%26h%3D80%26r%3Dcover%26a%3D0\" alt loading=\"lazy\" width=\"80\" height=\"54\"><span class=\"title svelte-78g0vl\">O nou\u0103 rotativ\u0103. PSD l-a acceptat pe Bolojan, cu condi\u021bia s\u0103 revin\u0103 la Palatul Victoria \u00een 2027 SURSE<\/span><\/a><a class=\"related svelte-78g0vl\" data-gtrack=\"{&quot;event&quot;:&quot;utm_click&quot;,&quot;data&quot;:{&quot;event_category&quot;:&quot;article_related&quot;}}\" href=\"https:\/\/adevarul.ro\/stiri-interne\/evenimente\/negocieri-de-ultim-moment-la-cotroceni-nicusor-2534049.html\" title=\"Alt articol de interes pentru tine\"><img decoding=\"async\" class=\"thumb svelte-78g0vl\" src=\"https:\/\/cdn.adh.reperio.news\/image-a\/a3972b14-0ed6-4da3-ab13-fcea756ac9c3\/index.jpeg?p=f%3Dwebp%26w%3D120%26h%3D80%26r%3Dcover%26a%3D0\" alt loading=\"lazy\" width=\"80\" height=\"54\"><span class=\"title svelte-78g0vl\">Pre\u0219edintele Nicu\u0219or Dan ar urma s\u0103 aib\u0103 noi runde de discu\u021bii cu liderii partidelor pentru formarea Guvernului<\/span><\/a><a class=\"related svelte-78g0vl\" data-gtrack=\"{&quot;event&quot;:&quot;utm_click&quot;,&quot;data&quot;:{&quot;event_category&quot;:&quot;article_related&quot;}}\" href=\"https:\/\/adevarul.ro\/politica\/nicusor-dan-intalnire-la-cotroceni-cu-liderii-2550991.html\" title=\"Alt articol de interes pentru tine\"><img decoding=\"async\" class=\"thumb svelte-78g0vl\" src=\"https:\/\/cdn.adh.reperio.news\/image-d\/d20b90c1-cf4f-4094-a562-ca09b4acf4ec\/index.jpeg?p=f%3Dwebp%26w%3D120%26h%3D80%26r%3Dcover%26a%3D0\" alt loading=\"lazy\" width=\"80\" height=\"54\"><span class=\"title svelte-78g0vl\">Negocieri decisive pentru salariile bugetarilor: noua lege a ajuns pe masa partidelor. Ce se \u00eent\u00e2mpl\u0103 dac\u0103 nu exist\u0103 consens<\/span><\/a><\/div>\n<div class=\"meta svelte-x63bga\">\n<div class=\"authors svelte-x63bga\"><span class=\"names svelte-x63bga\"><a href=\"https:\/\/adevarul.ro\/author\/1899\" rel=\"author\" class=\"svelte-x63bga\">Maria \u0162aga<\/a><\/span><\/p>\n<div class=\"_hydratable\" data-props=\"%7B%22showLive%22%3Atrue%7D\" data-context=\"%7B%22parentBlockColumnCount%22%3A%7B%22value%22%3A0%2C%22type%22%3A%22store%2Freadable%22%7D%2C%22parentBlockBackgroundColor%22%3A%7B%22type%22%3A%22store%2Freadable%22%7D%7D\" data-component=\"ShareButton\">\n<div class=\"shareButtons svelte-itwbrr\">\n<div class=\"liveSessions metaFont svelte-1maxmbf\"><span class=\"value svelte-1maxmbf\">1<\/span> live <\/div>\n<\/div>\n<\/div>\n<\/div>\n<div class=\"tags svelte-1l3vwp1\"><span class=\"tags-label metaFont svelte-1l3vwp1\">Cite\u0219te mai multe despre<\/span><\/p>\n<div class=\"tags-list svelte-1l3vwp1\"><a href=\"https:\/\/adevarul.ro\/tag\/psd\" title=\"Ultimele \u0219tiri despre psd\" class=\"tag-pill svelte-1l3vwp1\">psd<\/a><a href=\"https:\/\/adevarul.ro\/tag\/criza%20politica\" title=\"Ultimele \u0219tiri despre criza politica\" class=\"tag-pill svelte-1l3vwp1\">criza politica<\/a><a href=\"https:\/\/adevarul.ro\/tag\/formare%20guvern\" title=\"Ultimele \u0219tiri despre formare guvern\" class=\"tag-pill svelte-1l3vwp1\">formare guvern<\/a><\/div>\n<\/div>\n<\/div>\n<p><a class=\"moreFromCategory svelte-x63bga\" href=\"https:\/\/adevarul.ro\/politica\" title=\"Politic\u0103\">Mai multe din <strong class=\"svelte-x63bga\">Politic\u0103<\/strong> \u203a<\/a><\/footer>\n<\/article>\n<p>[analyse_source url=&#8221;https:\/\/adevarul.ro\/politica\/psd-se-reuneste-la-sinaia-pentru-a-stabili-2552927.html&#8221;]<\/p>\n","protected":false},"excerpt":{"rendered":"<p>[analyse_image type=&#8221;featured&#8221; src=&#8221;https:\/\/cdn.adh.reperio.news\/image-b\/bac30f93-2099-4b15-8aff-accbfcf51996\/index.jpeg?p=f%3Djpeg%26w%3D1200%26h%3D630%26r%3Dcover&#8221;] Home Politic\u0103 PSD se reune\u0219te la Sinaia pentru a stabili mandatul conducerii \u00een negocierile pentru formarea Guvernului Conducerea PSD \u0219i parlamentarii social-democra\u021bi se \u00eent\u00e2lnesc luni, la Sinaia, \u00een contextul \u00een care negocierile pentru formarea unui nou Guvern urmeaz\u0103 s\u0103 fie reluate la Palatul Cotroceni. PSD se reune\u0219te pentru a stabili mandatul conducerii [&hellip;]<\/p>\n","protected":false},"author":1,"featured_media":0,"comment_status":"open","ping_status":"","sticky":false,"template":"","format":"standard","meta":{"footnotes":""},"categories":[89],"tags":[19,226],"class_list":["post-2119725","post","type-post","status-publish","format-standard","hentry","category-romania","tag-adevarul","tag-crawlmanager"],"_links":{"self":[{"href":"https:\/\/analyse.optim.biz\/index.php?rest_route=\/wp\/v2\/posts\/2119725","targetHints":{"allow":["GET"]}}],"collection":[{"href":"https:\/\/analyse.optim.biz\/index.php?rest_route=\/wp\/v2\/posts"}],"about":[{"href":"https:\/\/analyse.optim.biz\/index.php?rest_route=\/wp\/v2\/types\/post"}],"author":[{"embeddable":true,"href":"https:\/\/analyse.optim.biz\/index.php?rest_route=\/wp\/v2\/users\/1"}],"replies":[{"embeddable":true,"href":"https:\/\/analyse.optim.biz\/index.php?rest_route=%2Fwp%2Fv2%2Fcomments&post=2119725"}],"version-history":[{"count":0,"href":"https:\/\/analyse.optim.biz\/index.php?rest_route=\/wp\/v2\/posts\/2119725\/revisions"}],"wp:attachment":[{"href":"https:\/\/analyse.optim.biz\/index.php?rest_route=%2Fwp%2Fv2%2Fmedia&parent=2119725"}],"wp:term":[{"taxonomy":"category","embeddable":true,"href":"https:\/\/analyse.optim.biz\/index.php?rest_route=%2Fwp%2Fv2%2Fcategories&post=2119725"},{"taxonomy":"post_tag","embeddable":true,"href":"https:\/\/analyse.optim.biz\/index.php?rest_route=%2Fwp%2Fv2%2Ftags&post=2119725"}],"curies":[{"name":"wp","href":"https:\/\/api.w.org\/{rel}","templated":true}]}}