{"id":2119717,"date":"2026-08-30T15:47:25","date_gmt":"2026-08-30T12:47:25","guid":{"rendered":"https:\/\/analyse.optim.biz\/?p=2119717"},"modified":"2026-08-30T15:47:25","modified_gmt":"2026-08-30T12:47:25","slug":"aur-vrea-modificarea-constitutiei-ce-reguli-propune-pentru-deblocarea-crizelor-guvernamentale-un","status":"publish","type":"post","link":"https:\/\/analyse.optim.biz\/?p=2119717","title":{"rendered":"AUR vrea modificarea Constitu\u021biei. Ce reguli propune pentru deblocarea crizelor guvernamentale: \u201eUn&#8230;"},"content":{"rendered":"<p>[analyse_image type=&#8221;featured&#8221; src=&#8221;https:\/\/cdn.adh.reperio.news\/image-c\/cff09793-8d7e-4cd3-aa5d-1844018902e4\/index.jpeg?p=f%3Djpeg%26w%3D1200%26h%3D630%26r%3Dcover&#8221;]<\/p>\n<article class=\"svelte-x63bga\">\n<nav>\n<ul class=\"breadcrump svelte-1pk9a69\">\n<li class=\"svelte-1pk9a69\"><a href=\"https:\/\/adevarul.ro\/\" title=\"Adev\u0103rul\" class=\"svelte-1pk9a69\">Home<\/a><\/li>\n<li class=\"svelte-1pk9a69\"><a href=\"https:\/\/adevarul.ro\/politica\" class=\"svelte-1pk9a69\">Politic\u0103<\/a><\/li>\n<li class=\"svelte-1pk9a69\"><a href=\"https:\/\/adevarul.ro\/politica\/aur-vrea-modificarea-constitutiei-ce-reguli-2553009.html\" class=\"svelte-1pk9a69\">AUR vrea modificarea Constitu\u021biei. Ce reguli propune pentru deblocarea crizelor guvernamentale: \u201eUn pre\u015fedinte nu poate \u021bine o \u021bar\u0103 blocat\u0103\u201d<\/a><\/li>\n<\/ul>\n<\/nav>\n<p><main class=\"svelte-x63bga\"><\/p>\n<p>AUR anun\u021b\u0103 c\u0103 va promova, \u00een perioada urm\u0103toare, un proiect de modificare a Constitu\u021biei, prin care s\u0103 fie introduse termene clare pentru solu\u021bionarea crizelor guvernamentale. Decizia a fost luat\u0103 \u00een cadrul Consiliului Na\u021bional de Conducere al forma\u021biunii, reunit \u00een jude\u021bul Mehedin\u021bi. Reprezentan\u021bii partidului sus\u021bin c\u0103 actuala criz\u0103 politic\u0103 a eviden\u021biat vulnerabilit\u0103\u021bi ale mecanismelor constitu\u021bionale.<\/p>\n<div class=\"container-image  svelte-1xbw4f3\"><source type=\"image\/webp\" srcset=\"https:\/\/cdn.adh.reperio.news\/image-c\/cff09793-8d7e-4cd3-aa5d-1844018902e4\/index.jpeg?p=a%3D1%26co%3D1.05%26w%3D1400%26h%3D750%26r%3Dcontain%26f%3Dwebp 1400w\" media=\"(min-width: 1400px)\" \/><\/p>\n<div class=\"caption svelte-1xbw4f3\"><span class=\"captionText svelte-1xbw4f3\">AUR anun\u021b\u0103 c\u0103 va promova un proiect de modificare a Constitu\u021biei. <span class=\"source svelte-1xbw4f3\">Foto: Inquam Photos\/Octav Ganea<\/span><\/span><\/div>\n<\/div>\n<p>Una dintre modific\u0103rile propuse de AUR vizeaz\u0103 stabilirea unui termen maxim \u00een care pre\u0219edintele s\u0103 fie obligat s\u0103 desemneze un candidat pentru func\u021bia de premier. <\/p>\n<p>Forma\u021biunea sus\u021bine c\u0103, \u00een cazul \u00een care termenul nu este respectat, mandatul \u0219efului statului ar urma s\u0103 \u00eenceteze de drept. AUR afirm\u0103 c\u0103 atribu\u021bia constitu\u021bional\u0103 a pre\u0219edintelui de a desemna premierul trebuie s\u0103 fie \u00eenso\u021bit\u0103 \u0219i de o limit\u0103 de timp pentru exercitarea acesteia.<\/p>\n<p><i>\u201eActuala criz\u0103 a scos la iveal\u0103 o vulnerabilitate major\u0103 a mecanismelor constitu\u021bionale. Nicu\u0219or Dan refuz\u0103 s\u0103 fac\u0103 o nou\u0103 nominalizare de prim-ministru pentru c\u0103 o eventual\u0103 succesiune de \u00eenvestiri e\u015fuate ar putea deschide drumul c\u0103tre alegeri anticipate. Frica real\u0103 este una politic\u0103, mai exact frica de votul rom\u00e2nilor \u015fi de posibilitatea ca AUR s\u0103 c\u00e2\u015ftige alegerile anticipate. Un pre\u015fedinte nu poate \u0163ine o \u0163ar\u0103 blocat\u0103 doar pentru c\u0103 nu \u00eei convine rezultatul pe care l-ar putea produce \u00eentoarcerea la urne. Din acest motiv, AUR va propune introducerea \u00een Constitu\u0163ie a unui termen maxim \u00een care pre\u015fedintele s\u0103 fie obligat s\u0103 desemneze un candidat pentru func\u0163ia de prim-ministru, \u00een caz contrar mandatul acestuia urm\u00e2nd a \u00eenceta de drept\u201d, <\/i>afirm\u0103 reprezentan\u0163ii AUR \u00eentr-un comunicat de pres\u0103 citat de\u00a0<a href=\"https:\/\/agerpres.ro\/2026\/08\/30\/aur-propune-modificarea-constitutiei-pentru-solutionarea-crizelor-guvernamentale--1589066\" rel=\"nofollow\">Agerpres.<\/a><\/p>\n<h2>Dizolvarea de drept a Parlamentului\u00a0<\/h2>\n<p>O alt\u0103 modificare propus\u0103 prevede dizolvarea de drept a Parlamentului dac\u0103, \u00een termen de 60 de zile de la prima solicitare, Legislativul nu acord\u0103 votul de \u00eencredere pentru formarea Guvernului, dup\u0103 respingerea a cel pu\u021bin dou\u0103 solicit\u0103ri de \u00eenvestitur\u0103. <\/p>\n<p>AUR sus\u021bine c\u0103 astfel de prevederi ar \u00eempiedica prelungirea unor blocaje politice \u0219i ar permite revenirea la urne atunci c\u00e2nd institu\u021biile nu reu\u0219esc s\u0103 formeze un nou Guvern.<\/p>\n<p>Forma\u021biunea critic\u0103 actuala situa\u021bie politic\u0103 \u0219i sus\u021bine c\u0103 Rom\u00e2nia nu poate r\u0103m\u00e2ne perioade \u00eendelungate cu un Guvern demis.<\/p>\n<p><i>\u201eConstitu\u021bia trebuie s\u0103 ofere solu\u021bii atunci c\u00e2nd institu\u021biile \u015fi reprezentan\u021bii statului nu mai sunt capabili s\u0103 le produc\u0103. Rom\u00e2nia nu poate r\u0103m\u00e2ne luni \u00eentregi cu un Guvern demis, \u00een timp ce pre\u0219edintele calculeaz\u0103 ce premier \u00eei convine, ce majoritate poate construi \u0219i cum poate evita alegerile anticipate\u201d,<\/i> se arat\u0103 \u00een comunicat.<\/p>\n<h2>AUR a adoptat \u00een unanimitate o rezolu\u021bie pentru organizarea de alegeri anticipate<\/h2>\n<p>De asemenea, AUR a adoptat \u00een unanimitate, \u00een cadrul Consiliului Na\u021bional de Conducere (CNC), rezolu\u021bia <i>\u201eAlegeri anticipate! Rom\u00e2nia are nevoie de un nou \u00eenceput\u201d. <\/i>Prin acest document, forma\u021biunea sus\u021bine c\u0103 organizarea de alegeri anticipate \u0219i revenirea la urne reprezint\u0103 singura solu\u021bie democratic\u0103 pentru dep\u0103\u0219irea actualului blocaj politic.<\/p>\n<p><\/main><\/p>\n<footer class=\"svelte-x63bga\">\n<div class=\"related-wrap related-footer svelte-78g0vl\"><span class=\"related-label svelte-78g0vl\">Cite\u0219te \u0219i<\/span><a class=\"related svelte-78g0vl\" data-gtrack=\"{&quot;event&quot;:&quot;utm_click&quot;,&quot;data&quot;:{&quot;event_category&quot;:&quot;article_related&quot;}}\" href=\"https:\/\/adevarul.ro\/politica\/aur-adopta-rezolutia-romania-este-guvernata-spre-2552917.html\" title=\"Alt articol de interes pentru tine\"><img decoding=\"async\" class=\"thumb svelte-78g0vl\" src=\"https:\/\/cdn.adh.reperio.news\/image-0\/02e36b5f-361f-45d7-9c63-e8ce67303315\/index.jpeg?p=f%3Dwebp%26w%3D120%26h%3D80%26r%3Dcover%26a%3D0\" alt loading=\"lazy\" width=\"80\" height=\"54\"><span class=\"title svelte-78g0vl\">AUR adopt\u0103 rezolu\u021bia \u201eRom\u00e2nia este guvernat\u0103 spre o pr\u0103pastie\u201d. Acuza\u021bii la adresa fostei coali\u021bii PSD-PNL-USR-UDMR<\/span><\/a><a class=\"related svelte-78g0vl\" data-gtrack=\"{&quot;event&quot;:&quot;utm_click&quot;,&quot;data&quot;:{&quot;event_category&quot;:&quot;article_related&quot;}}\" href=\"https:\/\/adevarul.ro\/blogurile-adevarul\/extrema-dreapta-nu-mai-bate-la-usa-europei-ii-2552924.html\" title=\"Alt articol de interes pentru tine\"><img decoding=\"async\" class=\"thumb svelte-78g0vl\" src=\"https:\/\/cdn.adh.reperio.news\/image-d\/dd8878ff-bc96-4863-a3c6-0f6e279e6c3e\/index.png?p=f%3Dwebp%26w%3D120%26h%3D80%26r%3Dcover%26a%3D0\" alt loading=\"lazy\" width=\"80\" height=\"54\"><span class=\"title svelte-78g0vl\">Extrema dreapt\u0103 nu mai bate la u\u0219a Europei. \u00cei scrie deja agenda<\/span><\/a><a class=\"related svelte-78g0vl\" data-gtrack=\"{&quot;event&quot;:&quot;utm_click&quot;,&quot;data&quot;:{&quot;event_category&quot;:&quot;article_related&quot;}}\" href=\"https:\/\/adevarul.ro\/politica\/psd-se-reuneste-la-sinaia-pentru-a-stabili-2552927.html\" title=\"Alt articol de interes pentru tine\"><img decoding=\"async\" class=\"thumb svelte-78g0vl\" src=\"https:\/\/cdn.adh.reperio.news\/image-b\/bac30f93-2099-4b15-8aff-accbfcf51996\/index.jpeg?p=f%3Dwebp%26w%3D120%26h%3D80%26r%3Dcover%26a%3D0\" alt loading=\"lazy\" width=\"80\" height=\"54\"><span class=\"title svelte-78g0vl\">PSD se reune\u0219te la Sinaia pentru a stabili mandatul conducerii \u00een negocierile pentru formarea Guvernului<\/span><\/a><\/div>\n<div class=\"meta svelte-x63bga\">\n<div class=\"authors svelte-x63bga\"><span class=\"names svelte-x63bga\"><a href=\"https:\/\/adevarul.ro\/author\/2086\" rel=\"author\" class=\"svelte-x63bga\">Oana Ababei<\/a><\/span><\/p>\n<div class=\"_hydratable\" data-props=\"%7B%22showLive%22%3Atrue%7D\" data-context=\"%7B%22parentBlockColumnCount%22%3A%7B%22value%22%3A0%2C%22type%22%3A%22store%2Freadable%22%7D%2C%22parentBlockBackgroundColor%22%3A%7B%22type%22%3A%22store%2Freadable%22%7D%7D\" data-component=\"ShareButton\">\n<div class=\"shareButtons svelte-itwbrr\">\n<div class=\"liveSessions metaFont svelte-1maxmbf\"><span class=\"value svelte-1maxmbf\">1<\/span> live <\/div>\n<\/div>\n<\/div>\n<\/div>\n<div class=\"tags svelte-1l3vwp1\"><span class=\"tags-label metaFont svelte-1l3vwp1\">Cite\u0219te mai multe despre<\/span><\/p>\n<div class=\"tags-list svelte-1l3vwp1\"><a href=\"https:\/\/adevarul.ro\/tag\/nicusor%20dan\" title=\"Ultimele \u0219tiri despre nicusor dan\" class=\"tag-pill svelte-1l3vwp1\">nicusor dan<\/a><a href=\"https:\/\/adevarul.ro\/tag\/aur\" title=\"Ultimele \u0219tiri despre aur\" class=\"tag-pill svelte-1l3vwp1\">aur<\/a><a href=\"https:\/\/adevarul.ro\/tag\/constitu%C5%A3ie\" title=\"Ultimele \u0219tiri despre constitu\u0163ie\" class=\"tag-pill svelte-1l3vwp1\">constitu\u0163ie<\/a><a href=\"https:\/\/adevarul.ro\/tag\/alegeri%20anticipate\" title=\"Ultimele \u0219tiri despre alegeri anticipate\" class=\"tag-pill svelte-1l3vwp1\">alegeri anticipate<\/a><a href=\"https:\/\/adevarul.ro\/tag\/blocaj%20politic\" title=\"Ultimele \u0219tiri despre blocaj politic\" class=\"tag-pill svelte-1l3vwp1\">blocaj politic<\/a><\/div>\n<\/div>\n<\/div>\n<p><a class=\"moreFromCategory svelte-x63bga\" href=\"https:\/\/adevarul.ro\/politica\" title=\"Politic\u0103\">Mai multe din <strong class=\"svelte-x63bga\">Politic\u0103<\/strong> \u203a<\/a><\/footer>\n<\/article>\n<p>[analyse_source url=&#8221;https:\/\/adevarul.ro\/politica\/aur-vrea-modificarea-constitutiei-ce-reguli-2553009.html&#8221;]<\/p>\n","protected":false},"excerpt":{"rendered":"<p>[analyse_image type=&#8221;featured&#8221; src=&#8221;https:\/\/cdn.adh.reperio.news\/image-c\/cff09793-8d7e-4cd3-aa5d-1844018902e4\/index.jpeg?p=f%3Djpeg%26w%3D1200%26h%3D630%26r%3Dcover&#8221;] Home Politic\u0103 AUR vrea modificarea Constitu\u021biei. Ce reguli propune pentru deblocarea crizelor guvernamentale: \u201eUn pre\u015fedinte nu poate \u021bine o \u021bar\u0103 blocat\u0103\u201d AUR anun\u021b\u0103 c\u0103 va promova, \u00een perioada urm\u0103toare, un proiect de modificare a Constitu\u021biei, prin care s\u0103 fie introduse termene clare pentru solu\u021bionarea crizelor guvernamentale. Decizia a fost luat\u0103 \u00een cadrul [&hellip;]<\/p>\n","protected":false},"author":1,"featured_media":0,"comment_status":"open","ping_status":"","sticky":false,"template":"","format":"standard","meta":{"footnotes":""},"categories":[89],"tags":[19,226],"class_list":["post-2119717","post","type-post","status-publish","format-standard","hentry","category-romania","tag-adevarul","tag-crawlmanager"],"_links":{"self":[{"href":"https:\/\/analyse.optim.biz\/index.php?rest_route=\/wp\/v2\/posts\/2119717","targetHints":{"allow":["GET"]}}],"collection":[{"href":"https:\/\/analyse.optim.biz\/index.php?rest_route=\/wp\/v2\/posts"}],"about":[{"href":"https:\/\/analyse.optim.biz\/index.php?rest_route=\/wp\/v2\/types\/post"}],"author":[{"embeddable":true,"href":"https:\/\/analyse.optim.biz\/index.php?rest_route=\/wp\/v2\/users\/1"}],"replies":[{"embeddable":true,"href":"https:\/\/analyse.optim.biz\/index.php?rest_route=%2Fwp%2Fv2%2Fcomments&post=2119717"}],"version-history":[{"count":0,"href":"https:\/\/analyse.optim.biz\/index.php?rest_route=\/wp\/v2\/posts\/2119717\/revisions"}],"wp:attachment":[{"href":"https:\/\/analyse.optim.biz\/index.php?rest_route=%2Fwp%2Fv2%2Fmedia&parent=2119717"}],"wp:term":[{"taxonomy":"category","embeddable":true,"href":"https:\/\/analyse.optim.biz\/index.php?rest_route=%2Fwp%2Fv2%2Fcategories&post=2119717"},{"taxonomy":"post_tag","embeddable":true,"href":"https:\/\/analyse.optim.biz\/index.php?rest_route=%2Fwp%2Fv2%2Ftags&post=2119717"}],"curies":[{"name":"wp","href":"https:\/\/api.w.org\/{rel}","templated":true}]}}