{"id":2119707,"date":"2026-08-30T05:23:46","date_gmt":"2026-08-30T02:23:46","guid":{"rendered":"https:\/\/analyse.optim.biz\/?p=2119707"},"modified":"2026-08-30T05:23:46","modified_gmt":"2026-08-30T02:23:46","slug":"aur-adopta-rezolutia-romania-este-guvernata-spre-o-prapastie-acuzatii-la-adresa-fostei-coalitii","status":"publish","type":"post","link":"https:\/\/analyse.optim.biz\/?p=2119707","title":{"rendered":"AUR adopt\u0103 rezolu\u021bia \u201eRom\u00e2nia este guvernat\u0103 spre o pr\u0103pastie\u201d. Acuza\u021bii la adresa fostei coali\u021bii&#8230;"},"content":{"rendered":"<p>[analyse_image type=&#8221;featured&#8221; src=&#8221;https:\/\/cdn.adh.reperio.news\/image-0\/02e36b5f-361f-45d7-9c63-e8ce67303315\/index.jpeg?p=f%3Djpeg%26w%3D1200%26h%3D630%26r%3Dcover&#8221;]<\/p>\n<article class=\"svelte-x63bga\">\n<nav>\n<ul class=\"breadcrump svelte-1pk9a69\">\n<li class=\"svelte-1pk9a69\"><a href=\"https:\/\/adevarul.ro\/\" title=\"Adev\u0103rul\" class=\"svelte-1pk9a69\">Home<\/a><\/li>\n<li class=\"svelte-1pk9a69\"><a href=\"https:\/\/adevarul.ro\/politica\" class=\"svelte-1pk9a69\">Politic\u0103<\/a><\/li>\n<li class=\"svelte-1pk9a69\"><a href=\"https:\/\/adevarul.ro\/politica\/aur-adopta-rezolutia-romania-este-guvernata-spre-2552917.html\" class=\"svelte-1pk9a69\">AUR adopt\u0103 rezolu\u021bia \u201eRom\u00e2nia este guvernat\u0103 spre o pr\u0103pastie\u201d. Acuza\u021bii la adresa fostei coali\u021bii PSD-PNL-USR-UDMR<\/a><\/li>\n<\/ul>\n<\/nav>\n<p><main class=\"svelte-x63bga\"><\/p>\n<p>Alian\u021ba pentru Unirea Rom\u00e2nilor (AUR) a adoptat, \u00een unanimitate, rezolu\u021bia intitulat\u0103 <i>\u201eRom\u00e2nia este guvernat\u0103 spre o pr\u0103pastie<\/i>\u201d, \u00een cadrul \u0219edin\u021bei Consiliului Na\u021bional de Conducere desf\u0103\u0219urate pe 29 august, \u00een jude\u021bul Mehedin\u021bi. Forma\u021biunea sus\u021bine c\u0103 politicile coali\u021biei PSD-PNL-USR-UDMR \u0219i ale reprezentan\u021bilor minorit\u0103\u021bilor na\u021bionale afecteaz\u0103 economia \u0219i nivelul de trai.<\/p>\n<div class=\"container-image  svelte-1xbw4f3\"><source type=\"image\/webp\" srcset=\"https:\/\/cdn.adh.reperio.news\/image-0\/02e36b5f-361f-45d7-9c63-e8ce67303315\/index.jpeg?p=a%3D1%26co%3D1.05%26w%3D1400%26h%3D750%26r%3Dcontain%26f%3Dwebp 1400w\" media=\"(min-width: 1400px)\" \/><\/p>\n<div class=\"caption svelte-1xbw4f3\"><span class=\"captionText svelte-1xbw4f3\">George Simion, pre\u0219edintele AUR.  <span class=\"source svelte-1xbw4f3\">Foto: George Simion. FOTO Mediafax Foto \/ Andreea Alexandru<\/span><\/span><\/div>\n<\/div>\n<p>Potrivit AUR, efectele deciziilor adoptate de actuala coali\u021bie se reflect\u0103 \u00een cre\u0219terea taxelor, scumpirea energiei \u0219i stagnarea economiei, noteaz\u0103<a href=\"https:\/\/www.agerpres.ro\/comunicate\/2026\/08\/29\/comunicat-de-presa-alianta-pentru-unirea-romanilor--1723643\" rel=\"nofollow\"> Agerpres.\u00a0<\/a><\/p>\n<p>Partidul sus\u021bine c\u0103 PSD, PNL, USR, UDMR \u0219i minorit\u0103\u021bile na\u021bionale au votat \u00eempreun\u0103 o serie de m\u0103suri pe care AUR le consider\u0103 nefavorabile economiei. Printre acestea, forma\u021biunea enumer\u0103 majorarea cotelor de TVA la 21%, respectiv 11%, reducerea plafonului pentru regimul micro\u00eentreprinderilor la 100.000 de euro \u0219i cre\u0219terea impozitului pe dividende la 16%.<\/p>\n<p>AUR critic\u0103 \u0219i politicile din domeniul energiei, sus\u021bin\u00e2nd c\u0103 acestea au contribuit la majorarea pre\u021bului energiei electrice. Forma\u021biunea reclam\u0103, de asemenea, blocarea unor proiecte hidroenergetice \u0219i a construc\u021biei unor noi centrale pe gaze.<\/p>\n<p>\u00cen rezolu\u021bia adoptat\u0103, partidul men\u021bioneaz\u0103 \u0219i cre\u0219terea cu 10% a normei didactice a profesorilor, precum \u0219i \u00eemprumutul SAFE, \u00een valoare de aproape 17 miliarde de euro, despre care sus\u021bine c\u0103 va fi rambursat \u00eentr-o perioad\u0103 de 35 de ani.<\/p>\n<p>AUR mai critic\u0103 decizia privind integrarea hidrogenului \u00een produsele comercializate de furnizorii de carburan\u021bi.<\/p>\n<p>Forma\u021biunea sus\u021bine c\u0103 m\u0103surile adoptate \u00een vara acestui an demonstreaz\u0103 efectele negative ale politicilor guvernamentale asupra economiei \u0219i afirm\u0103 c\u0103 Rom\u00e2nia s-ar afla \u00eentr-o perioad\u0103 prelungit\u0103 de stagnare.<\/p>\n<p>Potrivit AUR, \u00een ultimele 10 trimestre, economia Rom\u00e2niei ar fi \u00eenregistrat doar trei trimestre de cre\u0219tere, \u00een timp ce celelalte ar fi fost caracterizate de sc\u0103dere sau stagnare.<\/p>\n<p>\u00cen documentul adoptat, partidul sus\u021bine c\u0103 reprezint\u0103 \u201esingura opozi\u021bie coerent\u0103 \u0219i solid\u0103\u201d din Parlament, prin cei 91 de parlamentari ai s\u0103i.<\/p>\n<p>AUR acuz\u0103 partidele aflate la guvernare c\u0103, \u00een loc s\u0103 apropie Rom\u00e2nia de Europa, \u201e<i>o \u00eendep\u0103rteaz\u0103 economic de Europa<\/i>\u201d \u0219i sus\u021bine c\u0103 toate forma\u021biunile din coali\u021bie poart\u0103 responsabilitatea pentru deciziile contestate de partid.<\/p>\n<p>Rezolu\u021bia a fost adoptat\u0103 \u00een unanimitate de Consiliul Na\u021bional de Conducere al AUR.<\/p>\n<p><\/main><\/p>\n<footer class=\"svelte-x63bga\">\n<div class=\"related-wrap related-footer svelte-78g0vl\"><span class=\"related-label svelte-78g0vl\">Cite\u0219te \u0219i<\/span><a class=\"related svelte-78g0vl\" data-gtrack=\"{&quot;event&quot;:&quot;utm_click&quot;,&quot;data&quot;:{&quot;event_category&quot;:&quot;article_related&quot;}}\" href=\"https:\/\/adevarul.ro\/stil-de-viata\/bucatarie\/retetele-inventate-in-comunism-cand-din-lipsuri-2552081.html\" title=\"Alt articol de interes pentru tine\"><img decoding=\"async\" class=\"thumb svelte-78g0vl\" src=\"https:\/\/cdn.adh.reperio.news\/image-e\/e9a5da72-1fc4-4b96-a239-94bb3a752892\/index.jpeg?p=f%3Dwebp%26w%3D120%26h%3D80%26r%3Dcover%26a%3D0\" alt loading=\"lazy\" width=\"80\" height=\"54\"><span class=\"title svelte-78g0vl\">Re\u021betele inventate \u00een comunism, c\u00e2nd din lipsuri s-a n\u0103scut \u201ebuc\u0103t\u0103ria de supravie\u021buire\u201d<\/span><\/a><a class=\"related svelte-78g0vl\" data-gtrack=\"{&quot;event&quot;:&quot;utm_click&quot;,&quot;data&quot;:{&quot;event_category&quot;:&quot;article_related&quot;}}\" href=\"https:\/\/adevarul.ro\/blogurile-adevarul\/inamicul-numarul-unu-cum-a-ajuns-distrugerea-lui-2552708.html\" title=\"Alt articol de interes pentru tine\"><img decoding=\"async\" class=\"thumb svelte-78g0vl\" src=\"https:\/\/cdn.adh.reperio.news\/image-9\/96ca6bfe-5ba4-4c46-bb5f-c8316bc26e9a\/index.jpeg?p=f%3Dwebp%26w%3D120%26h%3D80%26r%3Dcover%26a%3D0\" alt loading=\"lazy\" width=\"80\" height=\"54\"><span class=\"title svelte-78g0vl\">Inamicul num\u0103rul unu: cum a ajuns distrugerea lui Ilie Bolojan singura politic\u0103 pe care PSD \u0219i AUR o execut\u0103 \u00eempreun\u0103<\/span><\/a><a class=\"related svelte-78g0vl\" data-gtrack=\"{&quot;event&quot;:&quot;utm_click&quot;,&quot;data&quot;:{&quot;event_category&quot;:&quot;article_related&quot;}}\" href=\"https:\/\/adevarul.ro\/politica\/petrisor-peiu-explica-fotografia-cu-george-simion-2552900.html\" title=\"Alt articol de interes pentru tine\"><img decoding=\"async\" class=\"thumb svelte-78g0vl\" src=\"https:\/\/cdn.adh.reperio.news\/image-d\/dc7e8e1c-1192-4d14-bb92-6ece9fe8d522\/index.jpeg?p=f%3Dwebp%26w%3D120%26h%3D80%26r%3Dcover%26a%3D0\" alt loading=\"lazy\" width=\"80\" height=\"54\"><span class=\"title svelte-78g0vl\">Petri\u0219or Peiu explic\u0103 fotografia cu George Simion \u0219i consilierul preziden\u021bial Marius Lazurca: \u201eNu sunt negocieri ascunse\u201d<\/span><\/a><\/div>\n<div class=\"meta svelte-x63bga\">\n<div class=\"authors svelte-x63bga\"><span class=\"names svelte-x63bga\"><a href=\"https:\/\/adevarul.ro\/author\/1899\" rel=\"author\" class=\"svelte-x63bga\">Maria \u0162aga<\/a><\/span><\/p>\n<div class=\"_hydratable\" data-props=\"%7B%22showLive%22%3Atrue%7D\" data-context=\"%7B%22parentBlockColumnCount%22%3A%7B%22value%22%3A0%2C%22type%22%3A%22store%2Freadable%22%7D%2C%22parentBlockBackgroundColor%22%3A%7B%22type%22%3A%22store%2Freadable%22%7D%7D\" data-component=\"ShareButton\">\n<div class=\"shareButtons svelte-itwbrr\">\n<div class=\"liveSessions metaFont svelte-1maxmbf\"><span class=\"value svelte-1maxmbf\">1<\/span> live <\/div>\n<\/div>\n<\/div>\n<\/div>\n<div class=\"tags svelte-1l3vwp1\"><span class=\"tags-label metaFont svelte-1l3vwp1\">Cite\u0219te mai multe despre<\/span><\/p>\n<div class=\"tags-list svelte-1l3vwp1\"><a href=\"https:\/\/adevarul.ro\/tag\/aur\" title=\"Ultimele \u0219tiri despre aur\" class=\"tag-pill svelte-1l3vwp1\">aur<\/a><a href=\"https:\/\/adevarul.ro\/tag\/criza%20politica%202026\" title=\"Ultimele \u0219tiri despre criza politica 2026\" class=\"tag-pill svelte-1l3vwp1\">criza politica 2026<\/a><a href=\"https:\/\/adevarul.ro\/tag\/partidul%20aur\" title=\"Ultimele \u0219tiri despre partidul aur\" class=\"tag-pill svelte-1l3vwp1\">partidul aur<\/a><\/div>\n<\/div>\n<\/div>\n<p><a class=\"moreFromCategory svelte-x63bga\" href=\"https:\/\/adevarul.ro\/politica\" title=\"Politic\u0103\">Mai multe din <strong class=\"svelte-x63bga\">Politic\u0103<\/strong> \u203a<\/a><\/footer>\n<\/article>\n<p>[analyse_source url=&#8221;https:\/\/adevarul.ro\/politica\/aur-adopta-rezolutia-romania-este-guvernata-spre-2552917.html&#8221;]<\/p>\n","protected":false},"excerpt":{"rendered":"<p>[analyse_image type=&#8221;featured&#8221; src=&#8221;https:\/\/cdn.adh.reperio.news\/image-0\/02e36b5f-361f-45d7-9c63-e8ce67303315\/index.jpeg?p=f%3Djpeg%26w%3D1200%26h%3D630%26r%3Dcover&#8221;] Home Politic\u0103 AUR adopt\u0103 rezolu\u021bia \u201eRom\u00e2nia este guvernat\u0103 spre o pr\u0103pastie\u201d. Acuza\u021bii la adresa fostei coali\u021bii PSD-PNL-USR-UDMR Alian\u021ba pentru Unirea Rom\u00e2nilor (AUR) a adoptat, \u00een unanimitate, rezolu\u021bia intitulat\u0103 \u201eRom\u00e2nia este guvernat\u0103 spre o pr\u0103pastie\u201d, \u00een cadrul \u0219edin\u021bei Consiliului Na\u021bional de Conducere desf\u0103\u0219urate pe 29 august, \u00een jude\u021bul Mehedin\u021bi. Forma\u021biunea sus\u021bine c\u0103 politicile [&hellip;]<\/p>\n","protected":false},"author":1,"featured_media":0,"comment_status":"open","ping_status":"","sticky":false,"template":"","format":"standard","meta":{"footnotes":""},"categories":[89],"tags":[19,226],"class_list":["post-2119707","post","type-post","status-publish","format-standard","hentry","category-romania","tag-adevarul","tag-crawlmanager"],"_links":{"self":[{"href":"https:\/\/analyse.optim.biz\/index.php?rest_route=\/wp\/v2\/posts\/2119707","targetHints":{"allow":["GET"]}}],"collection":[{"href":"https:\/\/analyse.optim.biz\/index.php?rest_route=\/wp\/v2\/posts"}],"about":[{"href":"https:\/\/analyse.optim.biz\/index.php?rest_route=\/wp\/v2\/types\/post"}],"author":[{"embeddable":true,"href":"https:\/\/analyse.optim.biz\/index.php?rest_route=\/wp\/v2\/users\/1"}],"replies":[{"embeddable":true,"href":"https:\/\/analyse.optim.biz\/index.php?rest_route=%2Fwp%2Fv2%2Fcomments&post=2119707"}],"version-history":[{"count":0,"href":"https:\/\/analyse.optim.biz\/index.php?rest_route=\/wp\/v2\/posts\/2119707\/revisions"}],"wp:attachment":[{"href":"https:\/\/analyse.optim.biz\/index.php?rest_route=%2Fwp%2Fv2%2Fmedia&parent=2119707"}],"wp:term":[{"taxonomy":"category","embeddable":true,"href":"https:\/\/analyse.optim.biz\/index.php?rest_route=%2Fwp%2Fv2%2Fcategories&post=2119707"},{"taxonomy":"post_tag","embeddable":true,"href":"https:\/\/analyse.optim.biz\/index.php?rest_route=%2Fwp%2Fv2%2Ftags&post=2119707"}],"curies":[{"name":"wp","href":"https:\/\/api.w.org\/{rel}","templated":true}]}}