{"id":2119701,"date":"2026-08-30T17:23:33","date_gmt":"2026-08-30T14:23:33","guid":{"rendered":"https:\/\/analyse.optim.biz\/?p=2119701"},"modified":"2026-08-30T17:23:33","modified_gmt":"2026-08-30T14:23:33","slug":"ramane-un-partener-apropiat-reactie-prudenta-a-ue-dupa-ce-islanda-a-respins-reluarea-negocierilor-de","status":"publish","type":"post","link":"https:\/\/analyse.optim.biz\/?p=2119701","title":{"rendered":"\u201eR\u0103m\u00e2ne un partener apropiat\u201d. Reac\u021bie prudent\u0103 a UE dup\u0103 ce Islanda a respins reluarea negocierilor de&#8230;"},"content":{"rendered":"<p>[analyse_image type=&#8221;featured&#8221; src=&#8221;https:\/\/s.iw.ro\/gateway\/g\/ZmlsZVNvdXJjZT1odHRwJTNBJTJGJTJG\/c3RvcmFnZTA4dHJhbnNjb2Rlci5yY3Mt\/cmRzLnJvJTJGc3RvcmFnZSUyRjIwMjYl\/MkYwMiUyRjI4JTJGMjYwOTgwNV8yNjA5\/ODA1X3Byb2ZpbWVkaWEtMTA3Nzk1NDMz\/Mi5qcGcmdz0xMjAwJmg9NjMwJnpjPTEm\/aGFzaD1kYjAyNjNmY2U5Yzc3NmQ3YzgwYTk1YmU2MDUwYjQxZg==.thumb.jpg&#8221;]<\/p>\n<div class=\"entry data-app-meta data-app-meta-article\" data-embed-base-url-canonical=\"https:\/\/www.digi24.ro\/embed\/stiri\/externe\/ue\/ramane-un-partener-apropiat-reactie-prudenta-a-ue-dupa-ce-islanda-a-respins-reluarea-negocierilor-de-aderare-3927697\">\n<p data-index=\"1\"><strong><a href=\"https:\/\/www.digi24.ro\/stiri\/externe\/mapamond\/islanda-la-rascruce-rezultat-preliminar-strans-al-referendumului-pentru-reluarea-negocierilor-de-aderare-la-uniunea-europeana-3927163\" target=\"_blank\" rel=\"noopener\" data-skip-linkfix=\"1\">Islanda a respins la limit\u0103 reluarea negocierilor<\/a> pentru aderarea la Uniunea European\u0103. 52,8% dintre aleg\u0103tori au votat \u00eempotriv\u0103, fa\u021b\u0103 de 47,2% care au sus\u021binut reluarea procesului. Bruxellesul a avut o reac\u021bie prudent\u0103 \u0219i a transmis c\u0103 respect\u0103 pe deplin alegerea islandezilor, subliniind c\u0103 \u021bara r\u0103m\u00e2ne un partener apropiat \u0219i de \u00eencredere al UE. Rezultatul ar putea avea \u00eens\u0103 consecin\u021be asupra eforturilor de extindere ale Uniunii, anun\u021b\u0103 <a href=\"https:\/\/www.euronews.com\/my-europe\/2026\/08\/30\/a-close-partner-eu-offers-muted-reaction-after-iceland-rebuffs-accession-talks\" target=\"_blank\" rel=\"noopener\" data-skip-linkfix=\"1\">Euronews<\/a>.<\/strong><\/p>\n<p data-index=\"2\">Votul a fost str\u00e2ns: 52,8% dintre aleg\u0103tori au spus \u201enu\u201d, \u00een timp ce 47,2% au votat \u201eda\u201d pentru reluarea negocierilor.<\/p>\n<p data-index=\"3\">\u201eComisia European\u0103 ia act de rezultatul referendumului din Islanda\u201d, a declarat un purt\u0103tor de cuv\u00e2nt al Comisiei Europene. \u201eComisia respect\u0103 alegerea poporului islandez. Islanda r\u0103m\u00e2ne un partener apropiat al Uniunii Europene.\u201d<\/p>\n<p data-index=\"4\">La r\u00e2ndul s\u0103u, pre\u0219edintele Consiliului European, Ant\u00f3nio Costa, a avut un schimb de mesaje cu premierul Islandei, Kristr\u00fan Frostad\u00f3ttir.<\/p>\n<p data-index=\"5\">Potrivit purt\u0103torului de cuv\u00e2nt al lui Costa, \u201eambii lideri \u0219i-au exprimat dorin\u021ba de a continua s\u0103 consolideze rela\u021bia dintre UE \u0219i Islanda\u201d.<\/p>\n<p data-index=\"6\">\u201ePre\u0219edintele Costa a subliniat c\u0103 UE respect\u0103 pe deplin alegerea democratic\u0103 a poporului islandez \u00een cadrul referendumului de ast\u0103zi. Islanda r\u0103m\u00e2ne unul dintre cei mai apropia\u021bi \u0219i de \u00eencredere parteneri ai UE\u201d, a transmis purt\u0103torul de cuv\u00e2nt.<\/p>\n<h2 id=\"highlight-3927697-1\">\u201e47% din popula\u021bie a manifestat interes fa\u021b\u0103 de acest subiect\u201d<\/h2>\n<p data-index=\"7\">\u00cenaintea referendumului, premierul Kristr\u00fan Frostad\u00f3ttir declarase c\u0103, \u00een cazul unei respingeri a propunerii, va renun\u021ba la chestiunea ader\u0103rii la UE pentru restul mandatului s\u0103u.<\/p>\n<p data-index=\"8\">Dup\u0103 anun\u021barea rezultatului, ea a subliniat importan\u021ba respect\u0103rii op\u021biunii exprimate de aleg\u0103tori.<\/p>\n<p data-index=\"9\">\u201e47% din popula\u021bie a manifestat interes fa\u021b\u0103 de acest subiect\u201d, a declarat Frostad\u00f3ttir duminic\u0103. \u201eCred c\u0103 este important ca, \u00een lunile \u0219i s\u0103pt\u0103m\u00e2nile urm\u0103toare, s\u0103 respect\u0103m acest punct de vedere.\u201d<\/p>\n<p data-index=\"10\">La Bruxelles, Islanda era considerat\u0103 un candidat cu \u0219anse foarte mari de succes, care ar fi putut demonstra c\u0103 temerile privind extinderea UE sunt nejustificate.<\/p>\n<p data-index=\"11\">\u021aara beneficiaz\u0103 deja de un grad ridicat de integrare cu Uniunea European\u0103 \u0219i de acces extins la pia\u021ba unic\u0103, ceea ce ar fi f\u0103cut ca procesul de aderare s\u0103 fie, \u00een multe privin\u021be, mai simplu dec\u00e2t \u00een cazul altor state candidate.<\/p>\n<p data-index=\"12\">\u00cen perioada premerg\u0103toare referendumului, Comisia European\u0103 a adoptat o atitudine discret\u0103, dar \u0219i-a exprimat disponibilitatea de a g\u0103si \u00eempreun\u0103 cu Islanda solu\u021bii \u201ecreative\u201d pentru cele dou\u0103 domenii care s-ar fi putut dovedi cele mai controversate: pescuitul \u0219i agricultura.<\/p>\n<p data-index=\"13\">De\u0219i Islanda are acces extins la pia\u021ba unic\u0103 european\u0103, \u021bara nu particip\u0103 la Politica comun\u0103 \u00een domeniul pescuitului \u0219i la Politica agricol\u0103 comun\u0103.<\/p>\n<p data-index=\"14\">Cele dou\u0103 domenii au r\u0103mas \u00een afara negocierilor de aderare purtate anterior \u00eentre Reykjav\u00edk \u0219i Bruxelles, proces suspendat \u00een 2013.<\/p>\n<h2 id=\"highlight-3927697-2\">Ce \u00eenseamn\u0103 rezultatul pentru extinderea UE<\/h2>\n<p data-index=\"15\">R\u0103m\u00e2ne de v\u0103zut c\u00e2t de puternic va fi impactul referendumului din Islanda asupra strategiei de extindere a Uniunii Europene.<\/p>\n<p data-index=\"16\">Dup\u0103 ani de stagnare, extinderea a revenit \u00een prim-planul agendei politice europene, \u00een special dup\u0103 invazia Rusiei \u00een Ucraina. Ucraina \u0219i Republica Moldova au devenit \u00eentre timp state candidate, \u00een timp ce mai multe \u021b\u0103ri din Balcanii de Vest \u00eencearc\u0103 s\u0103 avanseze \u00een procesul de aderare.<\/p>\n<p data-index=\"17\">Muntenegru este \u00een prezent \u00een fruntea procesului, av\u00e2nd \u00eenchise provizoriu 18 dintre cele 33 de capitole de negociere. Podgorica sper\u0103 s\u0103 devin\u0103 al 28-lea stat membru al Uniunii Europene \u00een 2028, obiectiv sintetizat \u00een sloganul \u201e28 p\u00e2n\u0103 \u00een 2028\u201d.<\/p>\n<p data-index=\"18\">De\u0219i Bruxellesul evit\u0103 s\u0103 promit\u0103 termene fixe pentru aderare, oficialii europeni recunosc importan\u021ba men\u021binerii promisiunii privind extinderea, \u00eenainte ca statele candidate s\u0103-\u0219i piard\u0103 r\u0103bdarea.<\/p>\n<p data-index=\"19\">\u00cen acest context, asocierea unor \u021b\u0103ri precum Muntenegru \u0219i Islanda \u00een cadrul unei strategii mai largi de extindere fusese considerat\u0103 o posibil\u0103 solu\u021bie pentru men\u021binerea ritmului procesului.<\/p>\n<p data-index=\"20\">Comisia European\u0103 preg\u0103te\u0219te, de asemenea, reforme menite s\u0103 ofere beneficii concrete statelor candidate \u00eenainte ca acestea s\u0103 devin\u0103 membre cu drepturi depline, inclusiv prin accesul la anumite programe \u0219i politici ale Uniunii.<\/p>\n<p data-index=\"21\">Votul din Islanda arat\u0103 \u00eens\u0103 c\u0103, \u00een ciuda rela\u021biilor str\u00e2nse cu UE, sprijinul pentru aderare nu poate fi considerat garantat.<\/p>\n<p data-index=\"22\"><strong>Cite\u0219te \u0219i: <a href=\"https:\/\/www.digi24.ro\/stiri\/externe\/prima-reactie-a-premierului-islandei-dupa-respingerea-aderarii-la-uniunea-europeana-nu-e-un-esec-3927621\" target=\"_blank\" rel=\"noopener\" data-skip-linkfix=\"1\">Prima reac\u021bie a premierului Islandei dup\u0103 respingerea ader\u0103rii la Uniunea European\u0103: \u201eNu e un e\u0219ec\u201d<\/a><\/strong><\/p>\n<p> Editor : <a href=\"https:\/\/www.digi24.ro\/autor\/claudia-ariton\"> C.A. <\/a><\/p>\n<\/div>\n<p>[analyse_source url=&#8221;https:\/\/www.digi24.ro\/stiri\/externe\/ue\/ramane-un-partener-apropiat-reactie-prudenta-a-ue-dupa-ce-islanda-a-respins-reluarea-negocierilor-de-aderare-3927697&#8243;]<\/p>\n","protected":false},"excerpt":{"rendered":"<p>[analyse_image type=&#8221;featured&#8221; src=&#8221;https:\/\/s.iw.ro\/gateway\/g\/ZmlsZVNvdXJjZT1odHRwJTNBJTJGJTJG\/c3RvcmFnZTA4dHJhbnNjb2Rlci5yY3Mt\/cmRzLnJvJTJGc3RvcmFnZSUyRjIwMjYl\/MkYwMiUyRjI4JTJGMjYwOTgwNV8yNjA5\/ODA1X3Byb2ZpbWVkaWEtMTA3Nzk1NDMz\/Mi5qcGcmdz0xMjAwJmg9NjMwJnpjPTEm\/aGFzaD1kYjAyNjNmY2U5Yzc3NmQ3YzgwYTk1YmU2MDUwYjQxZg==.thumb.jpg&#8221;] Islanda a respins la limit\u0103 reluarea negocierilor pentru aderarea la Uniunea European\u0103. 52,8% dintre aleg\u0103tori au votat \u00eempotriv\u0103, fa\u021b\u0103 de 47,2% care au sus\u021binut reluarea procesului. Bruxellesul a avut o reac\u021bie prudent\u0103 \u0219i a transmis c\u0103 respect\u0103 pe deplin alegerea islandezilor, subliniind c\u0103 \u021bara r\u0103m\u00e2ne un partener apropiat \u0219i de \u00eencredere al [&hellip;]<\/p>\n","protected":false},"author":1,"featured_media":0,"comment_status":"open","ping_status":"","sticky":false,"template":"","format":"standard","meta":{"footnotes":""},"categories":[89],"tags":[],"class_list":["post-2119701","post","type-post","status-publish","format-standard","hentry","category-romania"],"_links":{"self":[{"href":"https:\/\/analyse.optim.biz\/index.php?rest_route=\/wp\/v2\/posts\/2119701","targetHints":{"allow":["GET"]}}],"collection":[{"href":"https:\/\/analyse.optim.biz\/index.php?rest_route=\/wp\/v2\/posts"}],"about":[{"href":"https:\/\/analyse.optim.biz\/index.php?rest_route=\/wp\/v2\/types\/post"}],"author":[{"embeddable":true,"href":"https:\/\/analyse.optim.biz\/index.php?rest_route=\/wp\/v2\/users\/1"}],"replies":[{"embeddable":true,"href":"https:\/\/analyse.optim.biz\/index.php?rest_route=%2Fwp%2Fv2%2Fcomments&post=2119701"}],"version-history":[{"count":0,"href":"https:\/\/analyse.optim.biz\/index.php?rest_route=\/wp\/v2\/posts\/2119701\/revisions"}],"wp:attachment":[{"href":"https:\/\/analyse.optim.biz\/index.php?rest_route=%2Fwp%2Fv2%2Fmedia&parent=2119701"}],"wp:term":[{"taxonomy":"category","embeddable":true,"href":"https:\/\/analyse.optim.biz\/index.php?rest_route=%2Fwp%2Fv2%2Fcategories&post=2119701"},{"taxonomy":"post_tag","embeddable":true,"href":"https:\/\/analyse.optim.biz\/index.php?rest_route=%2Fwp%2Fv2%2Ftags&post=2119701"}],"curies":[{"name":"wp","href":"https:\/\/api.w.org\/{rel}","templated":true}]}}