{"id":2119700,"date":"2026-08-29T18:39:30","date_gmt":"2026-08-29T15:39:30","guid":{"rendered":"https:\/\/analyse.optim.biz\/?p=2119700"},"modified":"2026-08-29T18:39:30","modified_gmt":"2026-08-29T15:39:30","slug":"conflict-intre-primaria-berceni-si-constructorul-a0-lucrarile-la-pasaj-au-fost-suspendate","status":"publish","type":"post","link":"https:\/\/analyse.optim.biz\/?p=2119700","title":{"rendered":"Conflict \u00eentre Prim\u0103ria Berceni \u0219i constructorul A0. Lucr\u0103rile la pasaj au fost suspendate"},"content":{"rendered":"<p>[analyse_image type=&#8221;featured&#8221; src=&#8221;https:\/\/cdn.adh.reperio.news\/image-8\/81073943-dce8-4c98-bd28-3aad72fed56b\/index.jpeg?p=f%3Djpeg%26w%3D1200%26h%3D630%26r%3Dcover%26c%3D0.228%252C0%252C0.755%252C0.934&#8243;]<\/p>\n<article class=\"svelte-x63bga\">\n<nav>\n<ul class=\"breadcrump svelte-1pk9a69\">\n<li class=\"svelte-1pk9a69\"><a href=\"https:\/\/adevarul.ro\/\" title=\"Adev\u0103rul\" class=\"svelte-1pk9a69\">Home<\/a><\/li>\n<li class=\"svelte-1pk9a69\"><a href=\"https:\/\/adevarul.ro\/politica\" class=\"svelte-1pk9a69\">Politic\u0103<\/a><\/li>\n<li class=\"svelte-1pk9a69\"><a href=\"https:\/\/adevarul.ro\/politica\/conflict-intre-primaria-berceni-si-constructorul-2552906.html\" class=\"svelte-1pk9a69\">Conflict \u00eentre Prim\u0103ria Berceni \u0219i constructorul A0. Lucr\u0103rile la pasaj au fost suspendate<\/a><\/li>\n<\/ul>\n<\/nav>\n<p><main class=\"svelte-x63bga\"><\/p>\n<p>Primarul comunei Berceni, George Ene, anun\u021b\u0103 c\u0103 a oprit lucr\u0103rile de repara\u021bii la pasajul peste autostrada A0, \u00eencepute de constructorul Alsim Alarko f\u0103r\u0103 acordul Prim\u0103riei Berceni. Edilul sus\u021bine c\u0103 interven\u021bia ar fi afectat traficul \u0219i c\u0103 locuitorii comunei risc\u0103 s\u0103 piard\u0103 ore \u00eentregi \u00een trafic.<\/p>\n<div class=\"container-image  svelte-1xbw4f3\"><source type=\"image\/webp\" srcset=\"https:\/\/cdn.adh.reperio.news\/image-8\/81073943-dce8-4c98-bd28-3aad72fed56b\/index.jpeg?p=a%3D1%26co%3D1.05%26w%3D1400%26h%3D750%26r%3Dcontain%26c%3D0.228%252C0%252C0.755%252C0.934%26f%3Dwebp 1400w\" media=\"(min-width: 1400px)\" \/><\/p>\n<div class=\"caption svelte-1xbw4f3\"><span class=\"captionText svelte-1xbw4f3\">Primarul din Berceni a oprit repara\u021biile la pasajul peste A0 <span class=\"source svelte-1xbw4f3\">Foto: Captur\u0103 video Facebook<\/span><\/span><\/div>\n<\/div>\n<p><i>\u201eAst\u0103zi am plecat spre mare pentru weekend. Am fost sunat de colegii din prim\u0103rie \u0219i informat c\u0103 traficul a fost oprit pe o band\u0103 la pasajul peste autostrada A0\u201d<\/i>, a transmis George Ene \u00eentr-o postare pe Facebook.<\/p>\n<p>Primarul spune c\u0103 a revenit din drum \u0219i s-a deplasat la pasaj \u00eempreun\u0103 cu viceprimarul \u0219i mai mul\u021bi consilieri locali.<\/p>\n<p><i>\u201eAm f\u0103cut cale \u00eentoars\u0103 \u0219i, \u00eempreun\u0103 cu viceprimarul \u0219i c\u00e2\u021biva consilieri locali, am oprit lucr\u0103rile de repara\u021bii la pasajul peste autostrada A0, pe care constructorul Alarko le-a \u00eenceput F\u0102R\u0102 s\u0103 ne anun\u021be \u0219i F\u0102R\u0102 ACORDUL Prim\u0103riei Berceni!\u201d<\/i>, a scris edilul.<\/p>\n<p>Interven\u021bia primarului a avut loc s\u00e2mb\u0103t\u0103 diminea\u021b\u0103, c\u00e2nd acesta a mutat balizele de semnalizare instalate de constructorul Alsim Alarko. Lucr\u0103rile de repara\u021bii erau cerute \u00een baza garan\u021biei de Compania Na\u021bional\u0103 de Administrare a Infrastructurii Rutiere (CNAIR).<\/p>\n<p>Edilul a sus\u021binut c\u0103 nu va accepta ca locuitorii comunei s\u0103 suporte consecin\u021bele unei lucr\u0103ri pe care o consider\u0103 executat\u0103 gre\u0219it.<\/p>\n<p><i>\u201eEste inacceptabil ca, mai ales odat\u0103 cu \u00eenceperea \u0219colii, noi, oamenii din Berceni, s\u0103 pierdem ore \u00eentregi \u00een trafic din cauza unei lucr\u0103ri executate gre\u0219it, pentru repararea c\u0103reia nu s-a g\u0103sit o alternativ\u0103 eficient\u0103 pentru Berceni\u201d<\/i>, a spus primarul George Ene \u00eentr-o \u00eenregistrarea postat\u0103 pe contul s\u0103u.<\/p>\n<div class=\"raw-block\"><iframe loading=\"lazy\" src=\"https:\/\/www.facebook.com\/plugins\/video.php?height=476&amp;href=https%3A%2F%2Fwww.facebook.com%2Freel%2F2658004881296117%2F&amp;show_text=false&amp;width=390&amp;t=0\" width=\"267\" height=\"476\" frameborder allowfullscreen=\"true\" allow=\"autoplay; clipboard-write; encrypted-media; picture-in-picture; web-share\" class=\"facebook-iframe\"><\/iframe><\/div>\n<p>Disputa dintre Prim\u0103ria Berceni, CNAIR \u0219i constructor are la baz\u0103 dezacordul privind devierea traficului pe perioada lucr\u0103rilor. CNAIR \u0219i constructorul au propus ca traficul s\u0103 fie deviat pe Centura Bucure\u0219ti, a\u0219a cum se \u00eent\u00e2mpla \u00eenainte de inaugurarea pasajului peste A0. <\/p>\n<p>Prim\u0103ria a respins varianta, invoc\u00e2nd timpii mari de a\u0219teptare pentru naveti\u0219ti, \u0219i a condi\u021bionat acordul de amenajarea unei alte rute, prin asfaltarea unui drum agricol de pe traseul DJ 401 &#8211; Str. Sf\u00e2nta Ana &#8211; Str. Lanului &#8211; DNCB.<\/p>\n<p>La r\u00e2ndul s\u0103u, CNAIR consider\u0103 solicitarea inacceptabil\u0103, sus\u021bin\u00e2nd c\u0103 transformarea terenului agricol \u00eentr-un drum capabil s\u0103 suporte trafic greu ar necesita decopert\u0103ri masive, stabilizarea funda\u021biei, dou\u0103 straturi de asfalt \u0219i pode\u021be. <\/p>\n<p>\u00centre timp, pasajul inaugurat \u00een urm\u0103 cu doi ani <a href=\"https:\/\/adevarul.ro\/stiri-interne\/probleme-la-pasajul-peste-autostrada-a0-langa-2512368.html?utm_source=chatgpt.com\">continu\u0103 s\u0103 se degradeze<\/a>. CNAIR a confirmat, \u00eentr-un r\u0103spuns pentru <a href=\"https:\/\/buletin.de\/bucuresti\/video-primarul-din-berceni-a-iesit-in-strada-si-a-oprit-lucrarile-de-reparatii-la-pasajul-de-peste-a0-luni-ma-gasiti-spanzurat-si-pe-mine-si-pe-baieti-de-pod\/\" rel=\"nofollow\">Buletin de Bucure\u0219ti<\/a>, tasarea materialului de umplutur\u0103 \u0219i \u00eenclinarea accentuat\u0103 a parapetelor, preciz\u00e2nd c\u0103, la momentul expertizei, structura de rezisten\u021b\u0103 nu era considerat\u0103 \u00een pericol imediat.<\/p>\n<p>Lucr\u0103rile ar urma s\u0103 fie executate exclusiv pe cheltuiala Alsim Alarko, \u00een baza garan\u021biei de 60 de luni, \u0219i presupun turnarea unor noi grinzi de beton \u0219i refacerea straturilor de asfalt cu geocompozit antifisur\u0103.<\/p>\n<p><\/main><\/p>\n<footer class=\"svelte-x63bga\">\n<div class=\"related-wrap related-footer svelte-78g0vl\"><span class=\"related-label svelte-78g0vl\">Cite\u0219te \u0219i<\/span><a class=\"related svelte-78g0vl\" data-gtrack=\"{&quot;event&quot;:&quot;utm_click&quot;,&quot;data&quot;:{&quot;event_category&quot;:&quot;article_related&quot;}}\" href=\"https:\/\/adevarul.ro\/stiri-interne\/evenimente\/42-de-kilometri-de-autostrada-sunt-gata-dar-raman-2546227.html\" title=\"Alt articol de interes pentru tine\"><img decoding=\"async\" class=\"thumb svelte-78g0vl\" src=\"https:\/\/cdn.adh.reperio.news\/image-6\/681a26f8-7a0f-4875-8ead-39eed1d75cf6\/index.jpeg?p=f%3Dwebp%26w%3D120%26h%3D80%26r%3Dcover%26a%3D0\" alt loading=\"lazy\" width=\"80\" height=\"54\"><span class=\"title svelte-78g0vl\">42 de kilometri de autostrad\u0103 sunt gata, dar r\u0103m\u00e2n \u00eenchi\u0219i. Expert: \u201eNu exist\u0103 niciun motiv tehnic\u201d<\/span><\/a><a class=\"related svelte-78g0vl\" data-gtrack=\"{&quot;event&quot;:&quot;utm_click&quot;,&quot;data&quot;:{&quot;event_category&quot;:&quot;article_related&quot;}}\" href=\"https:\/\/adevarul.ro\/stiri-interne\/mitul-chinezilor-rapizi-si-harnici-spulberat-in-2551583.html\" title=\"Alt articol de interes pentru tine\"><img decoding=\"async\" class=\"thumb svelte-78g0vl\" src=\"https:\/\/cdn.adh.reperio.news\/image-a\/ae20f554-2b70-4cab-b293-bfc75f2f1ade\/index.png?p=f%3Dwebp%26w%3D120%26h%3D80%26r%3Dcover%26a%3D0\" alt loading=\"lazy\" width=\"80\" height=\"54\"><span class=\"title svelte-78g0vl\">Mitul chinezilor rapizi \u0219i harnici, spulberat \u00een Rom\u00e2nia. \u00cent\u00e2rzieri majore pentru gigantul CCECC la lotul 3 al Autostr\u0103zii A0 Nord<\/span><\/a><a class=\"related svelte-78g0vl\" data-gtrack=\"{&quot;event&quot;:&quot;utm_click&quot;,&quot;data&quot;:{&quot;event_category&quot;:&quot;article_related&quot;}}\" href=\"https:\/\/adevarul.ro\/politica\/noi-imagini-de-pe-autostrada-moldovei-mesajul-2552827.html\" title=\"Alt articol de interes pentru tine\"><img decoding=\"async\" class=\"thumb svelte-78g0vl\" src=\"https:\/\/cdn.adh.reperio.news\/image-8\/8fb62b74-77ad-4677-9855-68d79c2453cb\/index.jpeg?p=f%3Dwebp%26w%3D120%26h%3D80%26r%3Dcover%26a%3D0\" alt loading=\"lazy\" width=\"80\" height=\"54\"><span class=\"title svelte-78g0vl\">Noi imagini de pe Autostrada Moldovei. Mesajul transmis de Sorin Grindeanu<\/span><\/a><\/div>\n<div class=\"meta svelte-x63bga\">\n<div class=\"authors svelte-x63bga\"><span class=\"names svelte-x63bga\"><a href=\"https:\/\/adevarul.ro\/author\/46\" rel=\"author\" class=\"svelte-x63bga\">Teodora Marinescu<\/a><\/span><\/p>\n<div class=\"_hydratable\" data-props=\"%7B%22showLive%22%3Atrue%7D\" data-context=\"%7B%22parentBlockColumnCount%22%3A%7B%22value%22%3A0%2C%22type%22%3A%22store%2Freadable%22%7D%2C%22parentBlockBackgroundColor%22%3A%7B%22type%22%3A%22store%2Freadable%22%7D%7D\" data-component=\"ShareButton\">\n<div class=\"shareButtons svelte-itwbrr\">\n<div class=\"liveSessions metaFont svelte-1maxmbf\"><span class=\"value svelte-1maxmbf\">1<\/span> live <\/div>\n<\/div>\n<\/div>\n<\/div>\n<div class=\"tags svelte-1l3vwp1\"><span class=\"tags-label metaFont svelte-1l3vwp1\">Cite\u0219te mai multe despre<\/span><\/p>\n<div class=\"tags-list svelte-1l3vwp1\"><a href=\"https:\/\/adevarul.ro\/tag\/primar\" title=\"Ultimele \u0219tiri despre primar\" class=\"tag-pill svelte-1l3vwp1\">primar<\/a><a href=\"https:\/\/adevarul.ro\/tag\/berceni\" title=\"Ultimele \u0219tiri despre berceni\" class=\"tag-pill svelte-1l3vwp1\">berceni<\/a><a href=\"https:\/\/adevarul.ro\/tag\/a0\" title=\"Ultimele \u0219tiri despre a0\" class=\"tag-pill svelte-1l3vwp1\">a0<\/a><\/div>\n<\/div>\n<\/div>\n<p><a class=\"moreFromCategory svelte-x63bga\" href=\"https:\/\/adevarul.ro\/politica\" title=\"Politic\u0103\">Mai multe din <strong class=\"svelte-x63bga\">Politic\u0103<\/strong> \u203a<\/a><\/footer>\n<\/article>\n<p>[analyse_source url=&#8221;https:\/\/adevarul.ro\/politica\/conflict-intre-primaria-berceni-si-constructorul-2552906.html&#8221;]<\/p>\n","protected":false},"excerpt":{"rendered":"<p>[analyse_image type=&#8221;featured&#8221; src=&#8221;https:\/\/cdn.adh.reperio.news\/image-8\/81073943-dce8-4c98-bd28-3aad72fed56b\/index.jpeg?p=f%3Djpeg%26w%3D1200%26h%3D630%26r%3Dcover%26c%3D0.228%252C0%252C0.755%252C0.934&#8243;] Home Politic\u0103 Conflict \u00eentre Prim\u0103ria Berceni \u0219i constructorul A0. Lucr\u0103rile la pasaj au fost suspendate Primarul comunei Berceni, George Ene, anun\u021b\u0103 c\u0103 a oprit lucr\u0103rile de repara\u021bii la pasajul peste autostrada A0, \u00eencepute de constructorul Alsim Alarko f\u0103r\u0103 acordul Prim\u0103riei Berceni. Edilul sus\u021bine c\u0103 interven\u021bia ar fi afectat traficul \u0219i c\u0103 locuitorii [&hellip;]<\/p>\n","protected":false},"author":1,"featured_media":0,"comment_status":"open","ping_status":"","sticky":false,"template":"","format":"standard","meta":{"footnotes":""},"categories":[89],"tags":[19],"class_list":["post-2119700","post","type-post","status-publish","format-standard","hentry","category-romania","tag-adevarul"],"_links":{"self":[{"href":"https:\/\/analyse.optim.biz\/index.php?rest_route=\/wp\/v2\/posts\/2119700","targetHints":{"allow":["GET"]}}],"collection":[{"href":"https:\/\/analyse.optim.biz\/index.php?rest_route=\/wp\/v2\/posts"}],"about":[{"href":"https:\/\/analyse.optim.biz\/index.php?rest_route=\/wp\/v2\/types\/post"}],"author":[{"embeddable":true,"href":"https:\/\/analyse.optim.biz\/index.php?rest_route=\/wp\/v2\/users\/1"}],"replies":[{"embeddable":true,"href":"https:\/\/analyse.optim.biz\/index.php?rest_route=%2Fwp%2Fv2%2Fcomments&post=2119700"}],"version-history":[{"count":0,"href":"https:\/\/analyse.optim.biz\/index.php?rest_route=\/wp\/v2\/posts\/2119700\/revisions"}],"wp:attachment":[{"href":"https:\/\/analyse.optim.biz\/index.php?rest_route=%2Fwp%2Fv2%2Fmedia&parent=2119700"}],"wp:term":[{"taxonomy":"category","embeddable":true,"href":"https:\/\/analyse.optim.biz\/index.php?rest_route=%2Fwp%2Fv2%2Fcategories&post=2119700"},{"taxonomy":"post_tag","embeddable":true,"href":"https:\/\/analyse.optim.biz\/index.php?rest_route=%2Fwp%2Fv2%2Ftags&post=2119700"}],"curies":[{"name":"wp","href":"https:\/\/api.w.org\/{rel}","templated":true}]}}