{"id":2119697,"date":"2026-08-30T17:20:38","date_gmt":"2026-08-30T14:20:38","guid":{"rendered":"https:\/\/analyse.optim.biz\/?p=2119697"},"modified":"2026-08-30T17:20:38","modified_gmt":"2026-08-30T14:20:38","slug":"mae-anunta-ca-nu-exista-romani-si-nici-solicitari-de-asistenta-consulara-primite-in-cazul-feribotului","status":"publish","type":"post","link":"https:\/\/analyse.optim.biz\/?p=2119697","title":{"rendered":"MAE anun\u0163\u0103 c\u0103 nu exist\u0103 rom\u00e2ni \u015fi nici solicit\u0103ri de asisten\u0163\u0103 consular\u0103 primite \u00een cazul feribotului&#8230;"},"content":{"rendered":"<p>[analyse_image type=&#8221;featured&#8221; src=&#8221;https:\/\/s.iw.ro\/gateway\/g\/ZmlsZVNvdXJjZT1odHRwJTNBJTJGJTJG\/c3RvcmFnZTA4dHJhbnNjb2Rlci5yY3Mt\/cmRzLnJvJTJGc3RvcmFnZSUyRjIwMjYl\/MkYwOCUyRjMwJTJGMjkzMDM3OF8yOTMw\/Mzc4X2ludGVydmVudGllLWZlcmlib3Qt\/Y2lwcnUtcHJvZmltZWRpYS0xMTI5MzA3\/MTc5LnBuZyZ3PTEyMDAmaD02MzAmemM9\/MSZoYXNoPWNjYjI5NjhlZTIzOTM4MDM4OWU3YTFiZjk5ZmU3N2Vk.thumb.jpg&#8221;]<\/p>\n<div class=\"entry data-app-meta data-app-meta-article\" data-embed-base-url-canonical=\"https:\/\/www.digi24.ro\/embed\/stiri\/actualitate\/mae-anunta-ca-nu-exista-cetateni-romani-si-nici-solicitari-de-asistenta-consulara-primite-in-cazul-feribotului-scufundat-in-nordul-cipr-3927707\">\n<p data-index=\"1\"><strong>Ministerul Afacerilor Externe anun\u0163\u0103 c\u0103 nu exist\u0103 cet\u0103\u0163eni rom\u00e2ni \u015fi nici solicit\u0103ri de asisten\u0163\u0103 consular\u0103 primite, p\u00e2n\u0103 \u00een acest moment, dup\u0103 <a href=\"https:\/\/www.digi24.ro\/stiri\/externe\/un-feribot-cu-aproximativ-270-de-persoane-la-bord-s-a-scufundat-in-largul-ciprului-de-nord-3927397\" target=\"_blank\" rel=\"noopener\" data-skip-linkfix=\"1\">scufundarea feribotului<\/a> \u00een partea de nord a Ciprului.<\/strong><\/p>\n<p data-index=\"2\">\u201eDin verific\u0103ri, nu exist\u0103 cet\u0103\u0163eni rom\u00e2ni \u015fi nu avem solicit\u0103ri de asisten\u0163\u0103 consular\u0103 primite p\u00e2n\u0103 \u00een acest moment\u201d, a transmis purt\u0103torul de cuv\u00e2nt a MAE, Andrei \u0162\u0103rnea, pentru News.ro.<\/p>\n<p data-index=\"3\">Cel pu\u0163in \u015fapte persoane au murit a murit duminic\u0103 dup\u0103 ce un feribot cu circa 270 de persoane la bord a naufragiat \u00een largul coastelor din partea de nord a Ciprului, a anun\u0163at administra\u0163ia autoproclamatei \u201eRepublici Turce a Ciprului de Nord\u201d (RTCN), relateaz\u0103 AFP \u015fi Reuters.<\/p>\n<p data-index=\"4\">\u015eapte persoane au decedat, iar 23 sunt date disp\u0103rute,\u00a0\u00a0a declarat Tufan Erh\u00fcrman, liderul RTCN, conform CNN T\u00fcrk. Nava s-a r\u0103sturnat \u015fi s-a scufundat la o ad\u00e2ncime de 514 metri, a precizat el.<\/p>\n<p data-index=\"5\">P\u00e2n\u0103 \u00een prezent, 244 de persoane au fost recuperate din ap\u0103, inclusiv cele decedate. Poli\u0163ia conduce ancheta.<\/p>\n<p> Editor : <a href=\"https:\/\/www.digi24.ro\/autor\/liviu-cojan\"> Liviu Cojan <\/a><\/p>\n<\/div>\n<p>[analyse_source url=&#8221;https:\/\/www.digi24.ro\/stiri\/actualitate\/mae-anunta-ca-nu-exista-cetateni-romani-si-nici-solicitari-de-asistenta-consulara-primite-in-cazul-feribotului-scufundat-in-nordul-cipr-3927707&#8243;]<\/p>\n","protected":false},"excerpt":{"rendered":"<p>[analyse_image type=&#8221;featured&#8221; src=&#8221;https:\/\/s.iw.ro\/gateway\/g\/ZmlsZVNvdXJjZT1odHRwJTNBJTJGJTJG\/c3RvcmFnZTA4dHJhbnNjb2Rlci5yY3Mt\/cmRzLnJvJTJGc3RvcmFnZSUyRjIwMjYl\/MkYwOCUyRjMwJTJGMjkzMDM3OF8yOTMw\/Mzc4X2ludGVydmVudGllLWZlcmlib3Qt\/Y2lwcnUtcHJvZmltZWRpYS0xMTI5MzA3\/MTc5LnBuZyZ3PTEyMDAmaD02MzAmemM9\/MSZoYXNoPWNjYjI5NjhlZTIzOTM4MDM4OWU3YTFiZjk5ZmU3N2Vk.thumb.jpg&#8221;] Ministerul Afacerilor Externe anun\u0163\u0103 c\u0103 nu exist\u0103 cet\u0103\u0163eni rom\u00e2ni \u015fi nici solicit\u0103ri de asisten\u0163\u0103 consular\u0103 primite, p\u00e2n\u0103 \u00een acest moment, dup\u0103 scufundarea feribotului \u00een partea de nord a Ciprului. \u201eDin verific\u0103ri, nu exist\u0103 cet\u0103\u0163eni rom\u00e2ni \u015fi nu avem solicit\u0103ri de asisten\u0163\u0103 consular\u0103 primite p\u00e2n\u0103 \u00een acest moment\u201d, a transmis purt\u0103torul de cuv\u00e2nt [&hellip;]<\/p>\n","protected":false},"author":1,"featured_media":0,"comment_status":"open","ping_status":"","sticky":false,"template":"","format":"standard","meta":{"footnotes":""},"categories":[89],"tags":[226,11],"class_list":["post-2119697","post","type-post","status-publish","format-standard","hentry","category-romania","tag-crawlmanager","tag-digi24"],"_links":{"self":[{"href":"https:\/\/analyse.optim.biz\/index.php?rest_route=\/wp\/v2\/posts\/2119697","targetHints":{"allow":["GET"]}}],"collection":[{"href":"https:\/\/analyse.optim.biz\/index.php?rest_route=\/wp\/v2\/posts"}],"about":[{"href":"https:\/\/analyse.optim.biz\/index.php?rest_route=\/wp\/v2\/types\/post"}],"author":[{"embeddable":true,"href":"https:\/\/analyse.optim.biz\/index.php?rest_route=\/wp\/v2\/users\/1"}],"replies":[{"embeddable":true,"href":"https:\/\/analyse.optim.biz\/index.php?rest_route=%2Fwp%2Fv2%2Fcomments&post=2119697"}],"version-history":[{"count":0,"href":"https:\/\/analyse.optim.biz\/index.php?rest_route=\/wp\/v2\/posts\/2119697\/revisions"}],"wp:attachment":[{"href":"https:\/\/analyse.optim.biz\/index.php?rest_route=%2Fwp%2Fv2%2Fmedia&parent=2119697"}],"wp:term":[{"taxonomy":"category","embeddable":true,"href":"https:\/\/analyse.optim.biz\/index.php?rest_route=%2Fwp%2Fv2%2Fcategories&post=2119697"},{"taxonomy":"post_tag","embeddable":true,"href":"https:\/\/analyse.optim.biz\/index.php?rest_route=%2Fwp%2Fv2%2Ftags&post=2119697"}],"curies":[{"name":"wp","href":"https:\/\/api.w.org\/{rel}","templated":true}]}}