{"id":2119696,"date":"2026-08-29T17:52:03","date_gmt":"2026-08-29T14:52:03","guid":{"rendered":"https:\/\/analyse.optim.biz\/?p=2119696"},"modified":"2026-08-29T17:52:03","modified_gmt":"2026-08-29T14:52:03","slug":"petrisor-peiu-explica-fotografia-cu-george-simion-si-consilierul-prezidential-marius-lazurca-nu-sunt","status":"publish","type":"post","link":"https:\/\/analyse.optim.biz\/?p=2119696","title":{"rendered":"Petri\u0219or Peiu explic\u0103 fotografia cu George Simion \u0219i consilierul preziden\u021bial Marius Lazurca: \u201eNu sunt&#8230;"},"content":{"rendered":"<p>[analyse_image type=&#8221;featured&#8221; src=&#8221;https:\/\/cdn.adh.reperio.news\/image-d\/dc7e8e1c-1192-4d14-bb92-6ece9fe8d522\/index.jpeg?p=f%3Djpeg%26w%3D1200%26h%3D630%26r%3Dcover&#8221;]<\/p>\n<article class=\"svelte-x63bga\">\n<nav>\n<ul class=\"breadcrump svelte-1pk9a69\">\n<li class=\"svelte-1pk9a69\"><a href=\"https:\/\/adevarul.ro\/\" title=\"Adev\u0103rul\" class=\"svelte-1pk9a69\">Home<\/a><\/li>\n<li class=\"svelte-1pk9a69\"><a href=\"https:\/\/adevarul.ro\/politica\" class=\"svelte-1pk9a69\">Politic\u0103<\/a><\/li>\n<li class=\"svelte-1pk9a69\"><a href=\"https:\/\/adevarul.ro\/politica\/petrisor-peiu-explica-fotografia-cu-george-simion-2552900.html\" class=\"svelte-1pk9a69\">Petri\u0219or Peiu explic\u0103 fotografia cu George Simion \u0219i consilierul preziden\u021bial Marius Lazurca: \u201eNu sunt negocieri ascunse\u201d<\/a><\/li>\n<\/ul>\n<\/nav>\n<p><main class=\"svelte-x63bga\"><\/p>\n<p>Senatorul AUR Petri\u0219or Peiu a afirmat c\u0103 forma\u021biunea sa politic\u0103 va continua demersurile privind demiterea pre\u0219edintelui Nicu\u0219or Dan, dup\u0103 ce liderul partidului, George Simion, a fost surprins la aceea\u0219i mas\u0103 cu consilierul preziden\u021bial Marius Lazurca.<\/p>\n<div class=\"container-image  svelte-1xbw4f3\"><source type=\"image\/webp\" srcset=\"https:\/\/cdn.adh.reperio.news\/image-d\/dc7e8e1c-1192-4d14-bb92-6ece9fe8d522\/index.jpeg?p=a%3D1%26co%3D1.05%26w%3D1400%26h%3D750%26r%3Dcontain%26f%3Dwebp 1400w\" media=\"(min-width: 1400px)\" \/><\/p>\n<div class=\"caption svelte-1xbw4f3\"><span class=\"captionText svelte-1xbw4f3\">Senatorul AUR, Petri\u0219or Peiu <span class=\"source svelte-1xbw4f3\">Foto: Mediafax<\/span><\/span><\/div>\n<\/div>\n<p><i>\u201eMergem \u00eenainte cu suspendarea, cu procesul de str\u00e2ngere a semn\u0103turilor, nu s-a schimbat nimic. Dup\u0103 p\u0103rerea noastr\u0103, modul \u00een care opereaz\u0103 Nicu\u0219or Dan e o sfidare. O s\u0103 fie o comunicare public\u0103 foarte precis\u0103. Partidele care sunt nemul\u021bumite de modul \u00een care ND a gestionat s\u0103 vin\u0103 s\u0103 sus\u021bin\u0103 ini\u021biativa&#8221;<\/i>, a declarat Petri\u0219or Peiu la Antena 3.<\/p>\n<p>El a comentat \u0219i fotografia \u00een care pre\u0219edintele AUR, George <a href=\"https:\/\/adevarul.ro\/politica\/consilierul-prezidential-marius-lazurca-si-george-2552025.html\">Simion, a fost surprins al\u0103turi de consilierul preziden\u021bial pentru securitate na\u021bional\u0103, Marius Lazurca.<\/a><\/p>\n<p><i>\u201eDac\u0103 Simion merge \u00een calitate de lider de partid \u0219i se \u00eent\u00e2lne\u0219te cu cineva, nu \u00eenseamn\u0103 c\u0103 face negocieri ascunse. \u0218i eu m\u0103 \u00eent\u00e2lnesc cu mul\u021bi oameni, asta nu \u00eenseamn\u0103 c\u0103 negociem formarea unui guvern&#8221;<\/i>, a mai spus Petri\u0219or Peiu.<\/p>\n<p>Afirma\u021biile vin dup\u0103 ce George Simion a fost fotografiat cu Marius Lazurca. Al\u0103turi de cei doi se mai aflau fostul consilier preziden\u021bial Iulian Chifu \u0219i generalul Mircia Chelaru, \u00een prezent senator ales pe listele AUR, respectiv profesorul Silviu Rogobete. <\/p>\n<p>Administra\u021bia Preziden\u021bial\u0103 a confirmat ulterior c\u0103 fotografia a fost f\u0103cut\u0103 pe 15 august, la recep\u021bia organizat\u0103 la Constan\u021ba dup\u0103 ceremonia oficial\u0103 de Ziua Marinei Rom\u00e2ne, subliniind c\u0103 la eveniment au participat sute de invita\u021bi.<\/p>\n<p>La \u00eenceputul acestei luni, <a href=\"https:\/\/adevarul.ro\/politica\/cine-este-omul-din-spatele-site-ului-pentru-2548400.html\">AUR a lansat platforma online suspeND.ro, dedicat\u0103 demersului de suspendare a pre\u0219edintelui Nicu\u0219or Dan<\/a>. Potrivit forma\u021biunii, site-ul va afi\u0219a stadiul procedurii parlamentare, num\u0103rul de semn\u0103turi necesare pentru declan\u0219area suspend\u0103rii, pozi\u021bia fiec\u0103rui parlamentar \u0219i va permite cet\u0103\u021benilor s\u0103 \u00ee\u0219i exprime sus\u021binerea pentru ini\u021biativ\u0103.<\/p>\n<p><i>\u201eAlian\u021ba pentru Unirea Rom\u00e2nilor (AUR) a lansat platforma suspeND.ro care prezint\u0103 stadiul demersului de suspendare a pre\u0219edintelui Nicu\u0219or Dan, num\u0103rul de semn\u0103turi necesare pentru declan\u0219area procedurii, pozi\u021bia fiec\u0103rui parlamentar fa\u021b\u0103 de suspendarea pre\u0219edintelui, precum \u0219i posibilitatea rom\u00e2nilor de a-\u0219i exprima sus\u021binerea pentru continuarea demersului&#8221;<\/i>, arat\u0103 AUR \u00eentr-un comunicat.<\/p>\n<p><\/main><\/p>\n<footer class=\"svelte-x63bga\">\n<div class=\"related-wrap related-footer svelte-78g0vl\"><span class=\"related-label svelte-78g0vl\">Cite\u0219te \u0219i<\/span><a class=\"related svelte-78g0vl\" data-gtrack=\"{&quot;event&quot;:&quot;utm_click&quot;,&quot;data&quot;:{&quot;event_category&quot;:&quot;article_related&quot;}}\" href=\"https:\/\/adevarul.ro\/politica\/diplomati-americani-de-top-cer-ca-sua-sa-i-retraga-2550262.html\" title=\"Alt articol de interes pentru tine\"><img decoding=\"async\" class=\"thumb svelte-78g0vl\" src=\"https:\/\/cdn.adh.reperio.news\/image-d\/d10958a5-f1d5-457b-b446-8621766358b3\/index.jpeg?p=f%3Dwebp%26w%3D120%26h%3D80%26r%3Dcover%26a%3D0\" alt loading=\"lazy\" width=\"80\" height=\"54\"><span class=\"title svelte-78g0vl\">Diploma\u021bi americani de top cer ca SUA s\u0103-i retrag\u0103 viza lui George Simion. \u201eRetorica sa a repetat frecvent discursuri favorabile Kremlinului\u201d<\/span><\/a><a class=\"related svelte-78g0vl\" data-gtrack=\"{&quot;event&quot;:&quot;utm_click&quot;,&quot;data&quot;:{&quot;event_category&quot;:&quot;article_related&quot;}}\" href=\"https:\/\/adevarul.ro\/politica\/tensiuni-in-aur-petrisor-peiu-mesaj-in-2552167.html\" title=\"Alt articol de interes pentru tine\"><img decoding=\"async\" class=\"thumb svelte-78g0vl\" src=\"https:\/\/cdn.adh.reperio.news\/image-c\/cbdb0a50-c867-494f-8e69-c272328b71b6\/index.jpeg?p=f%3Dwebp%26w%3D120%26h%3D80%26r%3Dcover%26a%3D0\" alt loading=\"lazy\" width=\"80\" height=\"54\"><span class=\"title svelte-78g0vl\">Tensiuni \u00een AUR. Petri\u0219or Peiu renun\u021b\u0103 la o func\u021bie, dup\u0103 ce a transmis un mesaj \u00een contradictoriu cu colegii s\u0103i: \u201eAici intervine onoarea\u201d<\/span><\/a><a class=\"related svelte-78g0vl\" data-gtrack=\"{&quot;event&quot;:&quot;utm_click&quot;,&quot;data&quot;:{&quot;event_category&quot;:&quot;article_related&quot;}}\" href=\"https:\/\/adevarul.ro\/politica\/cum-incearca-simion-sa-rupa-din-electoratul-lui-2552652.html\" title=\"Alt articol de interes pentru tine\"><img decoding=\"async\" class=\"thumb svelte-78g0vl\" src=\"https:\/\/cdn.adh.reperio.news\/image-0\/0e3de2fc-96d1-4348-8d50-f597347977f7\/index.jpeg?p=f%3Dwebp%26w%3D120%26h%3D80%26r%3Dcover%26a%3D0\" alt loading=\"lazy\" width=\"80\" height=\"54\"><span class=\"title svelte-78g0vl\">Cum \u00eencearc\u0103 Simion s\u0103 rup\u0103 din electoratul lui Nicu\u0219or Dan dup\u0103 scandalul Pahon\u021bu: \u201e\u00censcrie\u021bi-v\u0103 \u00een AUR sau m\u0103car semna\u021bi pentru demitere\u201d<\/span><\/a><\/div>\n<div class=\"meta svelte-x63bga\">\n<div class=\"authors svelte-x63bga\"><span class=\"names svelte-x63bga\"><a href=\"https:\/\/adevarul.ro\/author\/46\" rel=\"author\" class=\"svelte-x63bga\">Teodora Marinescu<\/a><\/span><\/p>\n<div class=\"_hydratable\" data-props=\"%7B%22showLive%22%3Atrue%7D\" data-context=\"%7B%22parentBlockColumnCount%22%3A%7B%22value%22%3A0%2C%22type%22%3A%22store%2Freadable%22%7D%2C%22parentBlockBackgroundColor%22%3A%7B%22type%22%3A%22store%2Freadable%22%7D%7D\" data-component=\"ShareButton\">\n<div class=\"shareButtons svelte-itwbrr\">\n<div class=\"liveSessions metaFont svelte-1maxmbf\"><span class=\"value svelte-1maxmbf\">1<\/span> live <\/div>\n<\/div>\n<\/div>\n<\/div>\n<div class=\"tags svelte-1l3vwp1\"><span class=\"tags-label metaFont svelte-1l3vwp1\">Cite\u0219te mai multe despre<\/span><\/p>\n<div class=\"tags-list svelte-1l3vwp1\"><a href=\"https:\/\/adevarul.ro\/tag\/nicusor%20dan\" title=\"Ultimele \u0219tiri despre nicusor dan\" class=\"tag-pill svelte-1l3vwp1\">nicusor dan<\/a><a href=\"https:\/\/adevarul.ro\/tag\/aur\" title=\"Ultimele \u0219tiri despre aur\" class=\"tag-pill svelte-1l3vwp1\">aur<\/a><a href=\"https:\/\/adevarul.ro\/tag\/george%20simion\" title=\"Ultimele \u0219tiri despre george simion\" class=\"tag-pill svelte-1l3vwp1\">george simion<\/a><a href=\"https:\/\/adevarul.ro\/tag\/criza%20politica%202026\" title=\"Ultimele \u0219tiri despre criza politica 2026\" class=\"tag-pill svelte-1l3vwp1\">criza politica 2026<\/a><a href=\"https:\/\/adevarul.ro\/tag\/petrisor%20peiu\" title=\"Ultimele \u0219tiri despre petrisor peiu\" class=\"tag-pill svelte-1l3vwp1\">petrisor peiu<\/a><a href=\"https:\/\/adevarul.ro\/tag\/marius%20lazurca\" title=\"Ultimele \u0219tiri despre marius lazurca\" class=\"tag-pill svelte-1l3vwp1\">marius lazurca<\/a><\/div>\n<\/div>\n<\/div>\n<p><a class=\"moreFromCategory svelte-x63bga\" href=\"https:\/\/adevarul.ro\/politica\" title=\"Politic\u0103\">Mai multe din <strong class=\"svelte-x63bga\">Politic\u0103<\/strong> \u203a<\/a><\/footer>\n<\/article>\n<p>[analyse_source url=&#8221;https:\/\/adevarul.ro\/politica\/petrisor-peiu-explica-fotografia-cu-george-simion-2552900.html&#8221;]<\/p>\n","protected":false},"excerpt":{"rendered":"<p>[analyse_image type=&#8221;featured&#8221; src=&#8221;https:\/\/cdn.adh.reperio.news\/image-d\/dc7e8e1c-1192-4d14-bb92-6ece9fe8d522\/index.jpeg?p=f%3Djpeg%26w%3D1200%26h%3D630%26r%3Dcover&#8221;] Home Politic\u0103 Petri\u0219or Peiu explic\u0103 fotografia cu George Simion \u0219i consilierul preziden\u021bial Marius Lazurca: \u201eNu sunt negocieri ascunse\u201d Senatorul AUR Petri\u0219or Peiu a afirmat c\u0103 forma\u021biunea sa politic\u0103 va continua demersurile privind demiterea pre\u0219edintelui Nicu\u0219or Dan, dup\u0103 ce liderul partidului, George Simion, a fost surprins la aceea\u0219i mas\u0103 cu consilierul preziden\u021bial Marius [&hellip;]<\/p>\n","protected":false},"author":1,"featured_media":0,"comment_status":"open","ping_status":"","sticky":false,"template":"","format":"standard","meta":{"footnotes":""},"categories":[89],"tags":[19,226],"class_list":["post-2119696","post","type-post","status-publish","format-standard","hentry","category-romania","tag-adevarul","tag-crawlmanager"],"_links":{"self":[{"href":"https:\/\/analyse.optim.biz\/index.php?rest_route=\/wp\/v2\/posts\/2119696","targetHints":{"allow":["GET"]}}],"collection":[{"href":"https:\/\/analyse.optim.biz\/index.php?rest_route=\/wp\/v2\/posts"}],"about":[{"href":"https:\/\/analyse.optim.biz\/index.php?rest_route=\/wp\/v2\/types\/post"}],"author":[{"embeddable":true,"href":"https:\/\/analyse.optim.biz\/index.php?rest_route=\/wp\/v2\/users\/1"}],"replies":[{"embeddable":true,"href":"https:\/\/analyse.optim.biz\/index.php?rest_route=%2Fwp%2Fv2%2Fcomments&post=2119696"}],"version-history":[{"count":0,"href":"https:\/\/analyse.optim.biz\/index.php?rest_route=\/wp\/v2\/posts\/2119696\/revisions"}],"wp:attachment":[{"href":"https:\/\/analyse.optim.biz\/index.php?rest_route=%2Fwp%2Fv2%2Fmedia&parent=2119696"}],"wp:term":[{"taxonomy":"category","embeddable":true,"href":"https:\/\/analyse.optim.biz\/index.php?rest_route=%2Fwp%2Fv2%2Fcategories&post=2119696"},{"taxonomy":"post_tag","embeddable":true,"href":"https:\/\/analyse.optim.biz\/index.php?rest_route=%2Fwp%2Fv2%2Ftags&post=2119696"}],"curies":[{"name":"wp","href":"https:\/\/api.w.org\/{rel}","templated":true}]}}