{"id":2119694,"date":"2026-08-30T16:30:34","date_gmt":"2026-08-30T13:30:34","guid":{"rendered":"https:\/\/analyse.optim.biz\/?p=2119694"},"modified":"2026-08-30T16:30:34","modified_gmt":"2026-08-30T13:30:34","slug":"bolojan-ii-felicita-pe-sportivii-romani-care-au-castigat-aur-la-campionatul-mondial-de-canotaj-ne-ati","status":"publish","type":"post","link":"https:\/\/analyse.optim.biz\/?p=2119694","title":{"rendered":"Bolojan \u00eei felicit\u0103 pe sportivii rom\u00e2ni care au c\u00e2\u015ftigat AUR la Campionatul Mondial de canotaj: \u201eNe-a\u021bi&#8230;"},"content":{"rendered":"<p>[analyse_image type=&#8221;featured&#8221; src=&#8221;https:\/\/s.iw.ro\/gateway\/g\/ZmlsZVNvdXJjZT1odHRwJTNBJTJGJTJG\/c3RvcmFnZTA4dHJhbnNjb2Rlci5yY3Mt\/cmRzLnJvJTJGc3RvcmFnZSUyRjIwMjYl\/MkYwNSUyRjI3JTJGMjc0OTM5MV8yNzQ5\/MzkxX0lEMjU4MDcxLUlOUVVBTS1QSE9U\/T1MtR0VPUkdFLUNBTElOLXNjYWxlZC0x\/LTEuanBnJnc9MTIwMCZoPTYzMCZ6Yz0x\/Jmhhc2g9MWUyNGEzMzI2MWY1YWYxZjlhYmFlZDZmOWEwNDRmMTk=.thumb.jpg&#8221;]<\/p>\n<div class=\"entry data-app-meta data-app-meta-article\" data-embed-base-url-canonical=\"https:\/\/www.digi24.ro\/embed\/stiri\/bolojan-ii-felicita-pe-sportivii-romani-care-au-castigat-aur-la-campionatul-mondial-de-canotaj-ne-ati-facut-o-mare-bucurie-3927685\">\n<p data-index=\"1\"><strong>Premierul interimar Ilie Bolojan \u00eei felicit\u0103, duminic\u0103, pe sportivii rom\u00e2ni care au c\u00e2\u015ftigat AUR la Campionatele Mondiale de canotaj de la Amsterdam, el ar\u0103t\u00e2nd c\u0103 ast\u0103zi a fost una dintre acele zile speciale \u00een care am sim\u0163it din nou cu to\u0163ii emo\u0163ia unei performan\u0163e excep\u0163ionale.<\/strong><\/p>\n<p data-index=\"2\">\u201eAst\u0103zi a fost una dintre acele zile speciale \u00een care am sim\u0163it din nou cu to\u0163ii emo\u0163ia unei performan\u0163e excep\u0163ionale. La Campionatele Mondiale de canotaj de la Amsterdam, fetele din echipajul de 8+1 al Rom\u00e2niei au devenit campioane mondiale, stabilind un nou record. Rom\u00e2nia a c\u00e2\u015ftigat aurul \u015fi \u00een proba de 8+1 mixt, \u00een ultima curs\u0103 a competi\u0163iei\u201d, scrie premierul interimar pe Facebook.<\/p>\n<p class=\"gdpr-placeholder gdpr-social-media gdpr-iframe-fix\" data-index=\"3\"> Setarile tale privind cookie-urile nu permit afisarea continutul din aceasta sectiune. Poti actualiza setarile modulelor coookie direct din browser sau de <a class=\"ot-sdk-show-settings\" data-skip-linkfix=\"1\">aici<\/a> \u2013 e nevoie sa accepti cookie-urile social media<\/p>\n<p data-index=\"4\">Ilie Bolojan arat\u0103 c\u0103, \u201e\u00een spatele acestor c\u00e2teva minute extraordinare sunt ani de munc\u0103, disciplin\u0103, sacrificii \u015fi \u00eencredere unele \u00een celelalte, o echip\u0103 adev\u0103rat\u0103, \u00een care fiecare trage pentru toate celelalte\u201d.<\/p>\n<p data-index=\"5\">\u201eFelicit\u0103ri sportivilor, antrenorilor \u015fi tuturor celor care au fost al\u0103turi de voi! A\u0163i dus Rom\u00e2nia pe primul loc \u00een lume. \u015ei ne-a\u0163i f\u0103cut o mare bucurie\u201d, mai transmite Bolojan \u00een mesaj. <\/p>\n<p>Sportivii rom\u00e2ni au c\u00e2\u015ftigat, duminic\u0103, al treilea aur pentru Rom\u00e2nia la Campionatele Mondiale de canotaj de la Amsterdam. Barca de 8+1 mixt, \u00een componen\u0163a Cristina Drug\u0103, Amalia Chelaru, Adriana Adam, Florin Lehaci, Cosmin Iulian Ple\u015fescu, Ciprian Tudos\u0103, \u015etefan Berariu, Simona Radi\u015f \u015fi Victoria Petreanu, a \u00eencheiat pe primul loc ultim curs\u0103 a competi\u0163iei.<\/p>\n<p data-index=\"6\">Este <a href=\"https:\/\/www.digi24.ro\/stiri\/sport\/alte-sporturi\/o-noua-medalie-de-aur-pentru-romania-la-campionatul-mondial-de-canotaj-echipajul-feminin-de-8-plus-1-a-stabilit-si-un-record-mondial-3927413\" target=\"_blank\" rel=\"noopener\" data-skip-linkfix=\"1\">a treia medalie de aur<\/a> la edi\u0163ia din acest an pentru Simona Radi\u015f \u015fi Adriana Adam, care au scris astfel istorie.<\/p>\n<p data-index=\"7\">Ele au c\u00e2\u015ftigat aurul \u015fi la dublu v\u00e2sle, dar \u015fi la 8+1 feminin, al\u0103turi de Cristina Drug\u0103, Geanina Juncanariu, Ancu\u0163a Bodnar, Maria Lehaci, Magdalena Rusu, Amalia Chelaru \u015fi Victoria Petreanu.<\/p>\n<p> Editor : <a href=\"https:\/\/www.digi24.ro\/autor\/claudia-bancas\"> C.L.B. <\/a><\/p>\n<\/div>\n<p>[analyse_source url=&#8221;https:\/\/www.digi24.ro\/stiri\/bolojan-ii-felicita-pe-sportivii-romani-care-au-castigat-aur-la-campionatul-mondial-de-canotaj-ne-ati-facut-o-mare-bucurie-3927685&#8243;]<\/p>\n","protected":false},"excerpt":{"rendered":"<p>[analyse_image type=&#8221;featured&#8221; src=&#8221;https:\/\/s.iw.ro\/gateway\/g\/ZmlsZVNvdXJjZT1odHRwJTNBJTJGJTJG\/c3RvcmFnZTA4dHJhbnNjb2Rlci5yY3Mt\/cmRzLnJvJTJGc3RvcmFnZSUyRjIwMjYl\/MkYwNSUyRjI3JTJGMjc0OTM5MV8yNzQ5\/MzkxX0lEMjU4MDcxLUlOUVVBTS1QSE9U\/T1MtR0VPUkdFLUNBTElOLXNjYWxlZC0x\/LTEuanBnJnc9MTIwMCZoPTYzMCZ6Yz0x\/Jmhhc2g9MWUyNGEzMzI2MWY1YWYxZjlhYmFlZDZmOWEwNDRmMTk=.thumb.jpg&#8221;] Premierul interimar Ilie Bolojan \u00eei felicit\u0103, duminic\u0103, pe sportivii rom\u00e2ni care au c\u00e2\u015ftigat AUR la Campionatele Mondiale de canotaj de la Amsterdam, el ar\u0103t\u00e2nd c\u0103 ast\u0103zi a fost una dintre acele zile speciale \u00een care am sim\u0163it din nou cu to\u0163ii emo\u0163ia unei performan\u0163e excep\u0163ionale. \u201eAst\u0103zi a fost una dintre acele zile [&hellip;]<\/p>\n","protected":false},"author":1,"featured_media":0,"comment_status":"open","ping_status":"","sticky":false,"template":"","format":"standard","meta":{"footnotes":""},"categories":[89],"tags":[226,11],"class_list":["post-2119694","post","type-post","status-publish","format-standard","hentry","category-romania","tag-crawlmanager","tag-digi24"],"_links":{"self":[{"href":"https:\/\/analyse.optim.biz\/index.php?rest_route=\/wp\/v2\/posts\/2119694","targetHints":{"allow":["GET"]}}],"collection":[{"href":"https:\/\/analyse.optim.biz\/index.php?rest_route=\/wp\/v2\/posts"}],"about":[{"href":"https:\/\/analyse.optim.biz\/index.php?rest_route=\/wp\/v2\/types\/post"}],"author":[{"embeddable":true,"href":"https:\/\/analyse.optim.biz\/index.php?rest_route=\/wp\/v2\/users\/1"}],"replies":[{"embeddable":true,"href":"https:\/\/analyse.optim.biz\/index.php?rest_route=%2Fwp%2Fv2%2Fcomments&post=2119694"}],"version-history":[{"count":0,"href":"https:\/\/analyse.optim.biz\/index.php?rest_route=\/wp\/v2\/posts\/2119694\/revisions"}],"wp:attachment":[{"href":"https:\/\/analyse.optim.biz\/index.php?rest_route=%2Fwp%2Fv2%2Fmedia&parent=2119694"}],"wp:term":[{"taxonomy":"category","embeddable":true,"href":"https:\/\/analyse.optim.biz\/index.php?rest_route=%2Fwp%2Fv2%2Fcategories&post=2119694"},{"taxonomy":"post_tag","embeddable":true,"href":"https:\/\/analyse.optim.biz\/index.php?rest_route=%2Fwp%2Fv2%2Ftags&post=2119694"}],"curies":[{"name":"wp","href":"https:\/\/api.w.org\/{rel}","templated":true}]}}