{"id":2119693,"date":"2026-08-29T17:34:18","date_gmt":"2026-08-29T14:34:18","guid":{"rendered":"https:\/\/analyse.optim.biz\/?p=2119693"},"modified":"2026-08-29T17:34:18","modified_gmt":"2026-08-29T14:34:18","slug":"cseke-attila-anunta-inaugurarea-institutului-inimii-din-targu-mures-investitiile-continua","status":"publish","type":"post","link":"https:\/\/analyse.optim.biz\/?p=2119693","title":{"rendered":"Cseke Attila anun\u021b\u0103 inaugurarea Institutului Inimii din T\u00e2rgu Mure\u0219: \u201eInvesti\u021biile continu\u0103\u201d"},"content":{"rendered":"<p>[analyse_image type=&#8221;featured&#8221; src=&#8221;https:\/\/cdn.adh.reperio.news\/image-c\/c9d59ae9-1aac-4525-b4f0-96617abdf820\/index.jpeg?p=f%3Djpeg%26w%3D1200%26h%3D630%26r%3Dcover&#8221;]<\/p>\n<article class=\"svelte-x63bga\">\n<nav>\n<ul class=\"breadcrump svelte-1pk9a69\">\n<li class=\"svelte-1pk9a69\"><a href=\"https:\/\/adevarul.ro\/\" title=\"Adev\u0103rul\" class=\"svelte-1pk9a69\">Home<\/a><\/li>\n<li class=\"svelte-1pk9a69\"><a href=\"https:\/\/adevarul.ro\/politica\" class=\"svelte-1pk9a69\">Politic\u0103<\/a><\/li>\n<li class=\"svelte-1pk9a69\"><a href=\"https:\/\/adevarul.ro\/politica\/cseke-attila-anunta-inaugurarea-institutului-2552897.html\" class=\"svelte-1pk9a69\">Cseke Attila anun\u021b\u0103 inaugurarea Institutului Inimii din T\u00e2rgu Mure\u0219: \u201eInvesti\u021biile continu\u0103\u201d<\/a><\/li>\n<\/ul>\n<\/nav>\n<p><main class=\"svelte-x63bga\"><\/p>\n<p>Cseke Attila, ministrul interimar al S\u0103n\u0103t\u0103\u021bii, a declarat s\u00e2mb\u0103t\u0103, la Cluj-Napoca, c\u0103 proiectele din sistemul sanitar finan\u021bate prin Planul Na\u021bional de Redresare \u0219i Rezilien\u021b\u0103 (PNRR) vor fi continuate prin Programul Opera\u021bional S\u0103n\u0103tate. Oficialul a anun\u021bat totodat\u0103 c\u0103 noua cl\u0103dire a Institutului Inimii din T\u00e2rgu Mure\u0219 va fi inaugurat\u0103 luni.<\/p>\n<div class=\"container-image  svelte-1xbw4f3\"><source type=\"image\/webp\" srcset=\"https:\/\/cdn.adh.reperio.news\/image-e\/e1062b86-f83c-47f7-b473-24b06f490a3a\/index.jpeg?p=a%3D1%26co%3D1.05%26w%3D1400%26h%3D750%26r%3Dcontain%26f%3Dwebp 1400w\" media=\"(min-width: 1400px)\" \/><\/p>\n<div class=\"caption svelte-1xbw4f3\"><span class=\"captionText svelte-1xbw4f3\">Cseke Attila, ministrul interimar al S\u0103n\u0103t\u0103\u021bi <span class=\"source svelte-1xbw4f3\">Foto: FOTO FB Ministerul S\u0103n\u0103t\u0103\u021bii<\/span><\/span><\/div>\n<\/div>\n<p><i>\u201ePNRR a fost o oportunitate uria\u015f\u0103 pentru Rom\u00e2nia, urmeaz\u0103 \u015fi Programul Opera\u0163ional S\u0103n\u0103tate, care va fi o continuitate a acestei oportunit\u0103\u0163i<\/i>\u201d, a afirmat ministrul, citatat de <a href=\"https:\/\/www.agerpres.ro\/sanatate\/2026\/08\/29\/cseke-attila-pnrr-va-continua-cu-programul-operational-sanatate-luni-inauguram-institutul-inimii-la-targu-mures--1723535\" rel=\"nofollow\">Agerpres.<\/a><\/p>\n<p>Cseke Attila a subliniat c\u0103 proiectele din s\u0103n\u0103tate demonstreaz\u0103 c\u0103 investi\u021biile majore pot fi realizate \u0219i finalizate \u00een Rom\u00e2nia, cu ajutorul fondurilor na\u021bionale \u0219i europene.<\/p>\n<p>\u201e<i>Se poate \u015fi \u00een Rom\u00e2nia, se poate s\u0103 avem un proiect \u00eentocmit, se poate s\u0103 g\u0103sim finan\u0163are pentru acel proiect, se poate ca acel proiect s\u0103 se construiasc\u0103 \u015fi se poate ca lucrurile s\u0103 se finalizeze. \u015ei se poate s\u0103 folosim bani publici, bani na\u0163ionali \u015fi bani europeni pentru pacien\u0163i \u015fi pentru sprijinul comunit\u0103\u0163ilor locale\u201d, <\/i>a declarat ministrul interimar al S\u0103n\u0103t\u0103\u021bii. <\/p>\n<p>Referindu-se la urm\u0103toarele investi\u021bii din sistemul medical, ministrul a anun\u021bat inaugurarea unei noi unit\u0103\u021bi de referin\u021b\u0103 pentru tratarea bolilor cardiovasculare.<\/p>\n<p><i>\u201eLuni vom inaugura noua cl\u0103dire a Institutului Inimii din T\u00e2rgu Mure\u015f, o investi\u0163ie la fel de important\u0103, cu o valoare important\u0103, care va deservi pe acel segment nu numai zona Mure\u015fului, ci \u00eentreaga Transilvanie \u015fi Rom\u00e2nia<\/i>\u201d, a precizat Cseke Attila.<\/p>\n<p>Declara\u021biile au fost f\u0103cute la<a href=\"https:\/\/adevarul.ro\/stiri-locale\/cluj-napoca\/ilie-bolojan-dezvaluire-personala-la-inaugurarea-2552809.html\"> inaugurarea Centrului Regional de Patologie Vasculo-Cerebral\u0103 \u0219i Neurochirurgie din Cluj-Napoca<\/a>, la <a href=\"https:\/\/adevarul.ro\/politica\/bolojan-ironizat-de-rogobete-dupa-inaugurarea-de-2552865.html\">eveniment <\/a>particip\u00e2nd \u0219i premierul interimar Ilie Bolojan, pre\u0219edintele Senatului, Mircea Abrudean, precum \u0219i al\u021bi oficiali locali \u0219i na\u021bionali.<\/p>\n<p>Proiectul centrului medical din Cluj a debutat \u00een 2019, iar lucr\u0103rile de construc\u021bie au \u00eenceput \u00een august 2022, dup\u0103 ob\u021binerea finan\u021b\u0103rii prin PNRR. Investi\u021bia dep\u0103\u0219e\u0219te 230 de milioane de lei.<\/p>\n<p>Noua unitate are o capacitate de 105 paturi, dintre care 79 destinate neurochirurgiei \u0219i 26 terapiei intensive. Centrul dispune de \u0219apte s\u0103li de opera\u021bie, inclusiv o sal\u0103 hibrid\u0103, iar activitatea medical\u0103 va fi asigurat\u0103 de peste 500 de medici, asisten\u021bi \u0219i cadre medicale auxiliare.<\/p>\n<p><\/main><\/p>\n<footer class=\"svelte-x63bga\">\n<div class=\"related-wrap related-footer svelte-78g0vl\"><span class=\"related-label svelte-78g0vl\">Cite\u0219te \u0219i<\/span><a class=\"related svelte-78g0vl\" data-gtrack=\"{&quot;event&quot;:&quot;utm_click&quot;,&quot;data&quot;:{&quot;event_category&quot;:&quot;article_related&quot;}}\" href=\"https:\/\/adevarul.ro\/stiri-interne\/sanatate\/cseke-attila-a-analizat-stadiul-celor-opt-spitale-2549099.html\" title=\"Alt articol de interes pentru tine\"><img decoding=\"async\" class=\"thumb svelte-78g0vl\" src=\"https:\/\/cdn.adh.reperio.news\/image-e\/e1062b86-f83c-47f7-b473-24b06f490a3a\/index.jpeg?p=f%3Dwebp%26w%3D120%26h%3D80%26r%3Dcover%26a%3D0\" alt loading=\"lazy\" width=\"80\" height=\"54\"><span class=\"title svelte-78g0vl\">Cseke Attila a analizat stadiul celor opt spitale finan\u021bate prin PNRR: \u201eMai multe obiective sunt deja finalizate\u201d<\/span><\/a><a class=\"related svelte-78g0vl\" data-gtrack=\"{&quot;event&quot;:&quot;utm_click&quot;,&quot;data&quot;:{&quot;event_category&quot;:&quot;article_related&quot;}}\" href=\"https:\/\/adevarul.ro\/stiri-locale\/cluj-napoca\/ilie-bolojan-dezvaluire-personala-la-inaugurarea-2552809.html\" title=\"Alt articol de interes pentru tine\"><img decoding=\"async\" class=\"thumb svelte-78g0vl\" src=\"https:\/\/cdn.adh.reperio.news\/image-5\/5e8e7929-67c3-425d-98ed-0c6112a1356b\/index.jpeg?p=f%3Dwebp%26w%3D120%26h%3D80%26r%3Dcover%26a%3D0\" alt loading=\"lazy\" width=\"80\" height=\"54\"><span class=\"title svelte-78g0vl\">Ilie Bolojan, dezv\u0103luire personal\u0103 la inaugurarea Centrului de Neurochirurgie din Cluj: \u201eMi-a salvat c\u00e2\u021biva prieteni\u201d<\/span><\/a><a class=\"related svelte-78g0vl\" data-gtrack=\"{&quot;event&quot;:&quot;utm_click&quot;,&quot;data&quot;:{&quot;event_category&quot;:&quot;article_related&quot;}}\" href=\"https:\/\/adevarul.ro\/politica\/bolojan-ironizat-de-rogobete-dupa-inaugurarea-de-2552865.html\" title=\"Alt articol de interes pentru tine\"><img decoding=\"async\" class=\"thumb svelte-78g0vl\" src=\"https:\/\/cdn.adh.reperio.news\/image-6\/6d03c5c8-0757-4e14-b334-8791b68c0ae8\/index.jpeg?p=f%3Dwebp%26w%3D120%26h%3D80%26r%3Dcover%26a%3D0\" alt loading=\"lazy\" width=\"80\" height=\"54\"><span class=\"title svelte-78g0vl\">Bolojan, ironizat de Rogobete dup\u0103 inaugurarea de la Cluj: \u201eDe data aceasta, a t\u0103iat doar panglica\u201d<\/span><\/a><\/div>\n<div class=\"meta svelte-x63bga\">\n<div class=\"authors svelte-x63bga\"><span class=\"names svelte-x63bga\"><a href=\"https:\/\/adevarul.ro\/author\/1228\" rel=\"author\" class=\"svelte-x63bga\">Cristina Stancu<\/a><\/span><\/p>\n<div class=\"_hydratable\" data-props=\"%7B%22showLive%22%3Atrue%7D\" data-context=\"%7B%22parentBlockColumnCount%22%3A%7B%22value%22%3A0%2C%22type%22%3A%22store%2Freadable%22%7D%2C%22parentBlockBackgroundColor%22%3A%7B%22type%22%3A%22store%2Freadable%22%7D%7D\" data-component=\"ShareButton\">\n<div class=\"shareButtons svelte-itwbrr\">\n<div class=\"liveSessions metaFont svelte-1maxmbf\"><span class=\"value svelte-1maxmbf\">1<\/span> live <\/div>\n<\/div>\n<\/div>\n<\/div>\n<div class=\"tags svelte-1l3vwp1\"><span class=\"tags-label metaFont svelte-1l3vwp1\">Cite\u0219te mai multe despre<\/span><\/p>\n<div class=\"tags-list svelte-1l3vwp1\"><a href=\"https:\/\/adevarul.ro\/tag\/spitale\" title=\"Ultimele \u0219tiri despre spitale\" class=\"tag-pill svelte-1l3vwp1\">spitale<\/a><a href=\"https:\/\/adevarul.ro\/tag\/pnrr\" title=\"Ultimele \u0219tiri despre pnrr\" class=\"tag-pill svelte-1l3vwp1\">pnrr<\/a><a href=\"https:\/\/adevarul.ro\/tag\/cseke%20attila\" title=\"Ultimele \u0219tiri despre cseke attila\" class=\"tag-pill svelte-1l3vwp1\">cseke attila<\/a><a href=\"https:\/\/adevarul.ro\/tag\/investitii%20sanatate\" title=\"Ultimele \u0219tiri despre investitii sanatate\" class=\"tag-pill svelte-1l3vwp1\">investitii sanatate<\/a><\/div>\n<\/div>\n<\/div>\n<p><a class=\"moreFromCategory svelte-x63bga\" href=\"https:\/\/adevarul.ro\/politica\" title=\"Politic\u0103\">Mai multe din <strong class=\"svelte-x63bga\">Politic\u0103<\/strong> \u203a<\/a><\/footer>\n<\/article>\n<p>[analyse_source url=&#8221;https:\/\/adevarul.ro\/politica\/cseke-attila-anunta-inaugurarea-institutului-2552897.html&#8221;]<\/p>\n","protected":false},"excerpt":{"rendered":"<p>[analyse_image type=&#8221;featured&#8221; src=&#8221;https:\/\/cdn.adh.reperio.news\/image-c\/c9d59ae9-1aac-4525-b4f0-96617abdf820\/index.jpeg?p=f%3Djpeg%26w%3D1200%26h%3D630%26r%3Dcover&#8221;] Home Politic\u0103 Cseke Attila anun\u021b\u0103 inaugurarea Institutului Inimii din T\u00e2rgu Mure\u0219: \u201eInvesti\u021biile continu\u0103\u201d Cseke Attila, ministrul interimar al S\u0103n\u0103t\u0103\u021bii, a declarat s\u00e2mb\u0103t\u0103, la Cluj-Napoca, c\u0103 proiectele din sistemul sanitar finan\u021bate prin Planul Na\u021bional de Redresare \u0219i Rezilien\u021b\u0103 (PNRR) vor fi continuate prin Programul Opera\u021bional S\u0103n\u0103tate. Oficialul a anun\u021bat totodat\u0103 c\u0103 noua cl\u0103dire [&hellip;]<\/p>\n","protected":false},"author":1,"featured_media":0,"comment_status":"open","ping_status":"","sticky":false,"template":"","format":"standard","meta":{"footnotes":""},"categories":[89],"tags":[19,226],"class_list":["post-2119693","post","type-post","status-publish","format-standard","hentry","category-romania","tag-adevarul","tag-crawlmanager"],"_links":{"self":[{"href":"https:\/\/analyse.optim.biz\/index.php?rest_route=\/wp\/v2\/posts\/2119693","targetHints":{"allow":["GET"]}}],"collection":[{"href":"https:\/\/analyse.optim.biz\/index.php?rest_route=\/wp\/v2\/posts"}],"about":[{"href":"https:\/\/analyse.optim.biz\/index.php?rest_route=\/wp\/v2\/types\/post"}],"author":[{"embeddable":true,"href":"https:\/\/analyse.optim.biz\/index.php?rest_route=\/wp\/v2\/users\/1"}],"replies":[{"embeddable":true,"href":"https:\/\/analyse.optim.biz\/index.php?rest_route=%2Fwp%2Fv2%2Fcomments&post=2119693"}],"version-history":[{"count":0,"href":"https:\/\/analyse.optim.biz\/index.php?rest_route=\/wp\/v2\/posts\/2119693\/revisions"}],"wp:attachment":[{"href":"https:\/\/analyse.optim.biz\/index.php?rest_route=%2Fwp%2Fv2%2Fmedia&parent=2119693"}],"wp:term":[{"taxonomy":"category","embeddable":true,"href":"https:\/\/analyse.optim.biz\/index.php?rest_route=%2Fwp%2Fv2%2Fcategories&post=2119693"},{"taxonomy":"post_tag","embeddable":true,"href":"https:\/\/analyse.optim.biz\/index.php?rest_route=%2Fwp%2Fv2%2Ftags&post=2119693"}],"curies":[{"name":"wp","href":"https:\/\/api.w.org\/{rel}","templated":true}]}}