{"id":2119692,"date":"2026-08-30T16:30:22","date_gmt":"2026-08-30T13:30:22","guid":{"rendered":"https:\/\/analyse.optim.biz\/?p=2119692"},"modified":"2026-08-30T16:30:22","modified_gmt":"2026-08-30T13:30:22","slug":"federatia-olandeza-cere-organizarea-unui-summit-privind-viitorul-fifa-la-amsterdam-fara-infantino","status":"publish","type":"post","link":"https:\/\/analyse.optim.biz\/?p=2119692","title":{"rendered":"Federa\u0163ia olandez\u0103 cere organizarea unui summit privind viitorul FIFA la Amsterdam, f\u0103r\u0103 Infantino"},"content":{"rendered":"<p>[analyse_image type=&#8221;featured&#8221; src=&#8221;https:\/\/s.iw.ro\/gateway\/g\/ZmlsZVNvdXJjZT1odHRwJTNBJTJGJTJG\/c3RvcmFnZTA4dHJhbnNjb2Rlci5yY3Mt\/cmRzLnJvJTJGc3RvcmFnZSUyRjIwMjQl\/MkYwNCUyRjI2JTJGMTk2MTg1M18xOTYx\/ODUzX3Byb2ZpbWVkaWEtMDM1MTE1OTkx\/Mi5qcGcmdz0xMjAwJmg9NjMwJnpjPTEm\/aGFzaD05Yzk4NTIxMTYzOWExZWJmZDQ1NDEwZmFjMDBjMTQ1ZA==.thumb.jpg&#8221;]<\/p>\n<div class=\"entry data-app-meta data-app-meta-article\" data-embed-base-url-canonical=\"https:\/\/www.digi24.ro\/embed\/stiri\/sport\/fotbal\/federatia-olandeza-cere-organizarea-unui-summit-privind-viitorul-fifa-la-amsterdam-fara-infantino-3927679\">\n<p data-index=\"1\"><strong>Federa\u0163ia Olandez\u0103 de Fotbal (KNVB) a cerut duminic\u0103 organizarea unui summit interna\u0163ional la Amsterdam, f\u0103r\u0103 Gianni Infantino, pentru a discuta o reform\u0103 profund\u0103 a guvernan\u0163ei FIFA, relateaz\u0103 AFP, citat\u0103 de News.ro.<\/strong><\/p>\n<p data-index=\"2\">\u00centr-un comunicat, KNVB afirm\u0103 c\u0103 forul mondial are nevoie de \u201eo nou\u0103 conducere \u00eencep\u00e2nd cu 2027\u201d, subliniind totodat\u0103 c\u0103 o simpl\u0103 schimbare a pre\u015fedintelui nu va fi suficient\u0103. Federa\u0163ia, care l-a sus\u0163inut pe Infantino la ultima sa realegere din 2023, afirm\u0103 c\u0103 \u015fi-a bazat atunci sprijinul pe angajamente privind buna guvernan\u0163\u0103, drepturile omului, sustenabilitatea \u015fi cooperarea interna\u0163ional\u0103. \u201eAm ajuns acum \u00eentr-un punct \u00een care ne-am pierdut \u00eencrederea\u201d, scrie aceasta, denun\u0163\u00e2nd o concentrare excesiv\u0103 a puterii \u00een jurul pre\u015fedintelui \u015fi o separare insuficient\u0103 \u00eentre acesta \u015fi administra\u0163ia FIFA.<\/p>\n<p data-index=\"3\">KNVB consider\u0103 c\u0103 procesul legat de proiectul \u201eFIFA Forward Enterprise\u201d, retras \u00eentre timp, a reprezentat un \u201emoment de cotitur\u0103\u201d \u00een rela\u0163ia sa cu Infantino. Federa\u0163ia solicit\u0103 acum o dezbatere mai ampl\u0103 asupra structurii propriu-zise a FIFA \u00eenainte de a aborda chestiunea viitorului s\u0103u conduc\u0103tor. \u201eTrebuie s\u0103 stabilim mai \u00eent\u00e2i de ce fel de FIFA are nevoie fotbalul interna\u0163ional\u201d, subliniaz\u0103 aceasta.<\/p>\n<h2 id=\"highlight-3927679-1\">Olandezii pledeaz\u0103 pentru o organiza\u0163ie \u201eputernic\u0103 \u015fi credibil\u0103\u201d<\/h2>\n<p data-index=\"4\">Federa\u0163ia pledeaz\u0103 pentru o organiza\u0163ie \u201eputernic\u0103 \u015fi credibil\u0103\u201d, dotat\u0103 cu o guvernan\u0163\u0103 consolidat\u0103, o transparen\u0163\u0103 sporit\u0103 \u015fi un control independent. Aceasta dore\u015fte ca drepturile omului, sustenabilitatea \u015fi lupta \u00eempotriva rasismului \u015fi a discrimin\u0103rii s\u0103 devin\u0103 elemente centrale ale deciziilor FIFA, iar organiza\u0163ia s\u0103 reinvesteasc\u0103 o parte mai important\u0103 din veniturile sale \u00een dezvoltarea fotbalului mondial.<\/p>\n<p data-index=\"5\">Pentru a lansa aceast\u0103 reflec\u0163ie, KNVB propune s\u0103 g\u0103zduiasc\u0103 la Amsterdam un summit care s\u0103 reuneasc\u0103 federa\u0163iile na\u0163ionale \u015fi confedera\u0163iile de pe toate continentele. \u201e\u00cen calitate de membru fondator al FIFA, avem o responsabilitate deosebit\u0103\u201d, afirm\u0103 aceasta, declar\u00e2nd c\u0103 dore\u015fte s\u0103 ac\u0163ioneze \u201eca un actor cu drepturi depline \u00een cadrul comunit\u0103\u0163ii interna\u0163ionale a fotbalului\u201d. Federa\u0163ia olandez\u0103 \u00ee\u015fi rezum\u0103 demersul \u00een dou\u0103 etape: \u201e\u00een primul r\u00e2nd, s\u0103 definim FIFA pe care o dorim, apoi s\u0103 identific\u0103m conducerea capabil\u0103 s\u0103 o pun\u0103 \u00een practic\u0103\u201d.<\/p>\n<p> Editor : <a href=\"https:\/\/www.digi24.ro\/autor\/liviu-cojan\"> Liviu Cojan <\/a><\/p>\n<\/div>\n<p>[analyse_source url=&#8221;https:\/\/www.digi24.ro\/stiri\/sport\/fotbal\/federatia-olandeza-cere-organizarea-unui-summit-privind-viitorul-fifa-la-amsterdam-fara-infantino-3927679&#8243;]<\/p>\n","protected":false},"excerpt":{"rendered":"<p>[analyse_image type=&#8221;featured&#8221; src=&#8221;https:\/\/s.iw.ro\/gateway\/g\/ZmlsZVNvdXJjZT1odHRwJTNBJTJGJTJG\/c3RvcmFnZTA4dHJhbnNjb2Rlci5yY3Mt\/cmRzLnJvJTJGc3RvcmFnZSUyRjIwMjQl\/MkYwNCUyRjI2JTJGMTk2MTg1M18xOTYx\/ODUzX3Byb2ZpbWVkaWEtMDM1MTE1OTkx\/Mi5qcGcmdz0xMjAwJmg9NjMwJnpjPTEm\/aGFzaD05Yzk4NTIxMTYzOWExZWJmZDQ1NDEwZmFjMDBjMTQ1ZA==.thumb.jpg&#8221;] Federa\u0163ia Olandez\u0103 de Fotbal (KNVB) a cerut duminic\u0103 organizarea unui summit interna\u0163ional la Amsterdam, f\u0103r\u0103 Gianni Infantino, pentru a discuta o reform\u0103 profund\u0103 a guvernan\u0163ei FIFA, relateaz\u0103 AFP, citat\u0103 de News.ro. \u00centr-un comunicat, KNVB afirm\u0103 c\u0103 forul mondial are nevoie de \u201eo nou\u0103 conducere \u00eencep\u00e2nd cu 2027\u201d, subliniind totodat\u0103 c\u0103 o simpl\u0103 [&hellip;]<\/p>\n","protected":false},"author":1,"featured_media":0,"comment_status":"open","ping_status":"","sticky":false,"template":"","format":"standard","meta":{"footnotes":""},"categories":[89],"tags":[226,11],"class_list":["post-2119692","post","type-post","status-publish","format-standard","hentry","category-romania","tag-crawlmanager","tag-digi24"],"_links":{"self":[{"href":"https:\/\/analyse.optim.biz\/index.php?rest_route=\/wp\/v2\/posts\/2119692","targetHints":{"allow":["GET"]}}],"collection":[{"href":"https:\/\/analyse.optim.biz\/index.php?rest_route=\/wp\/v2\/posts"}],"about":[{"href":"https:\/\/analyse.optim.biz\/index.php?rest_route=\/wp\/v2\/types\/post"}],"author":[{"embeddable":true,"href":"https:\/\/analyse.optim.biz\/index.php?rest_route=\/wp\/v2\/users\/1"}],"replies":[{"embeddable":true,"href":"https:\/\/analyse.optim.biz\/index.php?rest_route=%2Fwp%2Fv2%2Fcomments&post=2119692"}],"version-history":[{"count":0,"href":"https:\/\/analyse.optim.biz\/index.php?rest_route=\/wp\/v2\/posts\/2119692\/revisions"}],"wp:attachment":[{"href":"https:\/\/analyse.optim.biz\/index.php?rest_route=%2Fwp%2Fv2%2Fmedia&parent=2119692"}],"wp:term":[{"taxonomy":"category","embeddable":true,"href":"https:\/\/analyse.optim.biz\/index.php?rest_route=%2Fwp%2Fv2%2Fcategories&post=2119692"},{"taxonomy":"post_tag","embeddable":true,"href":"https:\/\/analyse.optim.biz\/index.php?rest_route=%2Fwp%2Fv2%2Ftags&post=2119692"}],"curies":[{"name":"wp","href":"https:\/\/api.w.org\/{rel}","templated":true}]}}