{"id":2119691,"date":"2026-08-29T15:11:17","date_gmt":"2026-08-29T12:11:17","guid":{"rendered":"https:\/\/analyse.optim.biz\/?p=2119691"},"modified":"2026-08-29T15:11:17","modified_gmt":"2026-08-29T12:11:17","slug":"romania-isi-doreste-o-prezenta-militara-permanenta-a-sua-discutii-la-mapn-cu-o-delegatie-a-congresului-sua","status":"publish","type":"post","link":"https:\/\/analyse.optim.biz\/?p=2119691","title":{"rendered":"Rom\u00e2nia \u00ee\u0219i dore\u0219te o prezen\u021b\u0103 militar\u0103 permanent\u0103 a SUA. Discu\u021bii la MApN cu o delega\u021bie a Congresului SUA"},"content":{"rendered":"<p>[analyse_image type=&#8221;featured&#8221; src=&#8221;https:\/\/cdn.adh.reperio.news\/image-9\/9328e9f9-17ed-4b9f-90d8-b9fa357f69b7\/index.jpeg?p=f%3Djpeg%26w%3D1200%26h%3D630%26r%3Dcover%26c%3D0.056%252C0%252C0.839%252C1&#8243;]<\/p>\n<article class=\"svelte-x63bga\">\n<nav>\n<ul class=\"breadcrump svelte-1pk9a69\">\n<li class=\"svelte-1pk9a69\"><a href=\"https:\/\/adevarul.ro\/\" title=\"Adev\u0103rul\" class=\"svelte-1pk9a69\">Home<\/a><\/li>\n<li class=\"svelte-1pk9a69\"><a href=\"https:\/\/adevarul.ro\/politica\" class=\"svelte-1pk9a69\">Politic\u0103<\/a><\/li>\n<li class=\"svelte-1pk9a69\"><a href=\"https:\/\/adevarul.ro\/politica\/romania-isi-doreste-o-prezenta-militara-permanenta-2552875.html\" class=\"svelte-1pk9a69\">Rom\u00e2nia \u00ee\u0219i dore\u0219te o prezen\u021b\u0103 militar\u0103 permanent\u0103 a SUA. Discu\u021bii la MApN cu o delega\u021bie a Congresului SUA<\/a><\/li>\n<\/ul>\n<\/nav>\n<p><main class=\"svelte-x63bga\"><\/p>\n<p>Rom\u00e2nia \u00ee\u0219i dore\u0219te consolidarea \u00een continuare a prezen\u021bei militare americane pe teritoriul s\u0103u, inclusiv printr-o prezen\u021b\u0103 permanent\u0103, a transmis secretarul de stat Sorin Moldovan \u00een cadrul unei \u00eent\u00e2lniri cu o delega\u021bie a Congresului SUA, condus\u0103 de Mike Rogers, pre\u0219edintele Comisiei pentru For\u021be Armate din Camera Reprezentan\u021bilor.<\/p>\n<div class=\"container-image  svelte-1xbw4f3\"><source type=\"image\/webp\" srcset=\"https:\/\/cdn.adh.reperio.news\/image-9\/9328e9f9-17ed-4b9f-90d8-b9fa357f69b7\/index.jpeg?p=a%3D1%26co%3D1.05%26w%3D1400%26h%3D750%26r%3Dcontain%26c%3D0.056%252C0%252C0.839%252C1%26f%3Dwebp 1400w\" media=\"(min-width: 1400px)\" \/><\/p>\n<div class=\"caption svelte-1xbw4f3\"><span class=\"captionText svelte-1xbw4f3\">Rom\u00e2nia \u00ee\u0219i dore\u0219te o prezen\u021b\u0103 militar\u0103 permanent\u0103 a SUA <span class=\"source svelte-1xbw4f3\">Foto: Facebook \/ 101st Airbord Division<\/span><\/span><\/div>\n<\/div>\n<p>Secretarul de stat \u0219i \u0219ef al Departamentului pentru politica de ap\u0103rare, planificare \u0219i rela\u021bii interna\u021bionale, Sorin Moldovan, \u0219i loc\u021biitorul \u0219efului Statului Major al Ap\u0103r\u0103rii, general-locotenent Drago\u0219 Iacob, au primit, s\u00e2mb\u0103t\u0103, la sediul Ministerului Ap\u0103r\u0103rii Na\u021bionale, delega\u021bia Congresului Statelor Unite ale Americii, a transmis MApN printr-un <a href=\"https:\/\/www.mapn.ro\/cpresa\/19382_dialog-romano-american-la-mapn-privind-securitatea-regionala-%C8%99i-cooperarea-in-domeniul-apararii\" rel=\"nofollow\">comunicat.<\/a><\/p>\n<p>Discu\u021biile au vizat evolu\u021biile de securitate din regiune, importan\u021ba strategic\u0103 a M\u0103rii Negre, consolidarea Parteneriatului Strategic Rom\u00e2nia\u2013SUA \u0219i perspectivele dezvolt\u0103rii cooper\u0103rii bilaterale \u00een domeniul ap\u0103r\u0103rii.<\/p>\n<p>Sorin Moldovan a eviden\u021biat importan\u021ba <a href=\"https:\/\/adevarul.ro\/stiri-interne\/evenimente\/elicoptere-de-lupta-americane-black-hawk-si-apache-2533709.html\">angajamentului Statelor Unite pentru securitatea Flancului Estic al NATO<\/a> \u0219i a regiunii M\u0103rii Negre, subliniind rolul rela\u021biei transatlantice \u00een actualul context de securitate.<\/p>\n<p><i>\u201eRom\u00e2nia r\u0103m\u00e2ne un aliat de \u00eencredere al Statelor Unite \u0219i un contributor activ la securitatea Flancului Estic al NATO. Ne dorim consolidarea \u00een continuare a posturii militare americane \u00een Rom\u00e2nia, inclusiv printr-o prezen\u021b\u0103 permanent\u0103, care ar reprezenta un element important pentru descurajare, ap\u0103rare \u0219i stabilitatea regiunii M\u0103rii Negre\u201d<\/i>, a declarat secretarul de stat Sorin Moldovan.<\/p>\n<p>\u00cen cadrul \u00eentrevederii, oficialul rom\u00e2n a precizat c\u0103 Rom\u00e2nia a r\u0103spuns solicit\u0103rii Departamentului de R\u0103zboi al SUA \u0219i a transmis documentul privind revizuirea posturii militare americane \u00een Europa.<\/p>\n<p>Potrivit MApN, Rom\u00e2nia \u0219i-a reafirmat astfel pozi\u021bia privind importan\u021ba men\u021binerii \u0219i consolid\u0103rii prezen\u021bei Statelor Unite \u00een regiune.<\/p>\n<p>Un alt subiect abordat a fost extinderea cooper\u0103rii \u00een domeniile instruirii, dezvolt\u0103rii capabilit\u0103\u021bilor \u0219i educa\u021biei militare. Discu\u021biile s-au concentrat pe cre\u0219terea interoperabilit\u0103\u021bii \u0219i valorificarea oportunit\u0103\u021bilor de preg\u0103tire comun\u0103 \u00eentre for\u021bele armate ale celor dou\u0103 state.<\/p>\n<p>Oficialii au discutat \u0219i despre leg\u0103tura dintre securitate, stabilitate \u0219i cooperarea industrial\u0103. \u00cen acest context, a fost eviden\u021biat\u0103 importan\u021ba aprofund\u0103rii cooper\u0103rii economice \u0219i a cre\u0219terii investi\u021biilor americane \u00een Rom\u00e2nia, ca parte a dezvolt\u0103rii Parteneriatului Strategic.<\/p>\n<p>La finalul \u00eentrevederii, cele dou\u0103 p\u0103r\u021bi au reconfirmat interesul pentru continuarea dialogului politic \u0219i militar \u0219i pentru aprofundarea cooper\u0103rii rom\u00e2no-americane \u00een domenii de interes strategic comun.<\/p>\n<p><\/main><\/p>\n<footer class=\"svelte-x63bga\">\n<div class=\"related-wrap related-footer svelte-78g0vl\"><span class=\"related-label svelte-78g0vl\">Cite\u0219te \u0219i<\/span><a class=\"related svelte-78g0vl\" data-gtrack=\"{&quot;event&quot;:&quot;utm_click&quot;,&quot;data&quot;:{&quot;event_category&quot;:&quot;article_related&quot;}}\" href=\"https:\/\/adevarul.ro\/stiri-interne\/romania-face-eforturi-pentru-a-pastra-trupele-sua-2551772.html\" title=\"Alt articol de interes pentru tine\"><img decoding=\"async\" class=\"thumb svelte-78g0vl\" src=\"https:\/\/cdn.adh.reperio.news\/image-b\/bc8d89d4-a2ed-4db9-bacd-4eee35262c55\/index.jpeg?p=f%3Dwebp%26w%3D120%26h%3D80%26r%3Dcover%26a%3D0\" alt loading=\"lazy\" width=\"80\" height=\"54\"><span class=\"title svelte-78g0vl\">Rom\u00e2nia face eforturi pentru a p\u0103stra trupele SUA. Ce ar \u00eensemna o retragere american\u0103 de pe flancul estic<\/span><\/a><a class=\"related svelte-78g0vl\" data-gtrack=\"{&quot;event&quot;:&quot;utm_click&quot;,&quot;data&quot;:{&quot;event_category&quot;:&quot;article_related&quot;}}\" href=\"https:\/\/adevarul.ro\/politica\/catalin-predoiu-dupa-intalnirea-cu-delegatia-2552850.html\" title=\"Alt articol de interes pentru tine\"><img decoding=\"async\" class=\"thumb svelte-78g0vl\" src=\"https:\/\/cdn.adh.reperio.news\/image-8\/87175722-0891-48ab-9844-874834381b3d\/index.jpeg?p=f%3Dwebp%26w%3D120%26h%3D80%26r%3Dcover%26a%3D0\" alt loading=\"lazy\" width=\"80\" height=\"54\"><span class=\"title svelte-78g0vl\">Predoiu: \u201eGuvernul trebuie s\u0103 fac\u0103 mai mult \u00een rela\u021bia cu SUA\u201d. Nazare anun\u021b\u0103 proiecte concrete<\/span><\/a><a class=\"related svelte-78g0vl\" data-gtrack=\"{&quot;event&quot;:&quot;utm_click&quot;,&quot;data&quot;:{&quot;event_category&quot;:&quot;article_related&quot;}}\" href=\"https:\/\/adevarul.ro\/politica\/oana-toiu-intalnire-cu-un-oficial-de-rang-inalt-2552858.html\" title=\"Alt articol de interes pentru tine\"><img decoding=\"async\" class=\"thumb svelte-78g0vl\" src=\"https:\/\/cdn.adh.reperio.news\/image-0\/0d5bb3ed-603e-408f-8c64-ad1cc9fc7f23\/index.jpeg?p=f%3Dwebp%26w%3D120%26h%3D80%26r%3Dcover%26a%3D0\" alt loading=\"lazy\" width=\"80\" height=\"54\"><span class=\"title svelte-78g0vl\">Oana \u021aoiu, \u00eent\u00e2lnire cu un oficial de rang \u00eenalt al Congresului SUA: prezen\u021ba militar\u0103 de pe Flancul Estic trebuie \u00eent\u0103rit\u0103<\/span><\/a><\/div>\n<div class=\"meta svelte-x63bga\">\n<div class=\"authors svelte-x63bga\"><span class=\"names svelte-x63bga\"><a href=\"https:\/\/adevarul.ro\/author\/46\" rel=\"author\" class=\"svelte-x63bga\">Teodora Marinescu<\/a><\/span><\/p>\n<div class=\"_hydratable\" data-props=\"%7B%22showLive%22%3Atrue%7D\" data-context=\"%7B%22parentBlockColumnCount%22%3A%7B%22value%22%3A0%2C%22type%22%3A%22store%2Freadable%22%7D%2C%22parentBlockBackgroundColor%22%3A%7B%22type%22%3A%22store%2Freadable%22%7D%7D\" data-component=\"ShareButton\">\n<div class=\"shareButtons svelte-itwbrr\">\n<div class=\"liveSessions metaFont svelte-1maxmbf\"><span class=\"value svelte-1maxmbf\">1<\/span> live <\/div>\n<\/div>\n<\/div>\n<\/div>\n<div class=\"tags svelte-1l3vwp1\"><span class=\"tags-label metaFont svelte-1l3vwp1\">Cite\u0219te mai multe despre<\/span><\/p>\n<div class=\"tags-list svelte-1l3vwp1\"><a href=\"https:\/\/adevarul.ro\/tag\/marea%20neagra\" title=\"Ultimele \u0219tiri despre marea neagra\" class=\"tag-pill svelte-1l3vwp1\">marea neagra<\/a><a href=\"https:\/\/adevarul.ro\/tag\/ministerul%20apararii%20nationale\" title=\"Ultimele \u0219tiri despre ministerul apararii nationale\" class=\"tag-pill svelte-1l3vwp1\">ministerul apararii nationale<\/a><a href=\"https:\/\/adevarul.ro\/tag\/congresul%20sua\" title=\"Ultimele \u0219tiri despre congresul sua\" class=\"tag-pill svelte-1l3vwp1\">congresul sua<\/a><a href=\"https:\/\/adevarul.ro\/tag\/flancul%20estic\" title=\"Ultimele \u0219tiri despre flancul estic\" class=\"tag-pill svelte-1l3vwp1\">flancul estic<\/a><a href=\"https:\/\/adevarul.ro\/tag\/parteneriat%20strategic%20sua%20romania\" title=\"Ultimele \u0219tiri despre parteneriat strategic sua romania\" class=\"tag-pill svelte-1l3vwp1\">parteneriat strategic sua romania<\/a><\/div>\n<\/div>\n<\/div>\n<p><a class=\"moreFromCategory svelte-x63bga\" href=\"https:\/\/adevarul.ro\/politica\" title=\"Politic\u0103\">Mai multe din <strong class=\"svelte-x63bga\">Politic\u0103<\/strong> \u203a<\/a><\/footer>\n<\/article>\n<p>[analyse_source url=&#8221;https:\/\/adevarul.ro\/politica\/romania-isi-doreste-o-prezenta-militara-permanenta-2552875.html&#8221;]<\/p>\n","protected":false},"excerpt":{"rendered":"<p>[analyse_image type=&#8221;featured&#8221; src=&#8221;https:\/\/cdn.adh.reperio.news\/image-9\/9328e9f9-17ed-4b9f-90d8-b9fa357f69b7\/index.jpeg?p=f%3Djpeg%26w%3D1200%26h%3D630%26r%3Dcover%26c%3D0.056%252C0%252C0.839%252C1&#8243;] Home Politic\u0103 Rom\u00e2nia \u00ee\u0219i dore\u0219te o prezen\u021b\u0103 militar\u0103 permanent\u0103 a SUA. Discu\u021bii la MApN cu o delega\u021bie a Congresului SUA Rom\u00e2nia \u00ee\u0219i dore\u0219te consolidarea \u00een continuare a prezen\u021bei militare americane pe teritoriul s\u0103u, inclusiv printr-o prezen\u021b\u0103 permanent\u0103, a transmis secretarul de stat Sorin Moldovan \u00een cadrul unei \u00eent\u00e2lniri cu o delega\u021bie a [&hellip;]<\/p>\n","protected":false},"author":1,"featured_media":0,"comment_status":"open","ping_status":"","sticky":false,"template":"","format":"standard","meta":{"footnotes":""},"categories":[89],"tags":[19,226],"class_list":["post-2119691","post","type-post","status-publish","format-standard","hentry","category-romania","tag-adevarul","tag-crawlmanager"],"_links":{"self":[{"href":"https:\/\/analyse.optim.biz\/index.php?rest_route=\/wp\/v2\/posts\/2119691","targetHints":{"allow":["GET"]}}],"collection":[{"href":"https:\/\/analyse.optim.biz\/index.php?rest_route=\/wp\/v2\/posts"}],"about":[{"href":"https:\/\/analyse.optim.biz\/index.php?rest_route=\/wp\/v2\/types\/post"}],"author":[{"embeddable":true,"href":"https:\/\/analyse.optim.biz\/index.php?rest_route=\/wp\/v2\/users\/1"}],"replies":[{"embeddable":true,"href":"https:\/\/analyse.optim.biz\/index.php?rest_route=%2Fwp%2Fv2%2Fcomments&post=2119691"}],"version-history":[{"count":0,"href":"https:\/\/analyse.optim.biz\/index.php?rest_route=\/wp\/v2\/posts\/2119691\/revisions"}],"wp:attachment":[{"href":"https:\/\/analyse.optim.biz\/index.php?rest_route=%2Fwp%2Fv2%2Fmedia&parent=2119691"}],"wp:term":[{"taxonomy":"category","embeddable":true,"href":"https:\/\/analyse.optim.biz\/index.php?rest_route=%2Fwp%2Fv2%2Fcategories&post=2119691"},{"taxonomy":"post_tag","embeddable":true,"href":"https:\/\/analyse.optim.biz\/index.php?rest_route=%2Fwp%2Fv2%2Ftags&post=2119691"}],"curies":[{"name":"wp","href":"https:\/\/api.w.org\/{rel}","templated":true}]}}