{"id":2119688,"date":"2026-08-30T15:43:14","date_gmt":"2026-08-30T12:43:14","guid":{"rendered":"https:\/\/analyse.optim.biz\/?p=2119688"},"modified":"2026-08-30T15:43:14","modified_gmt":"2026-08-30T12:43:14","slug":"prima-reactie-a-premierului-islandei-dupa-respingerea-aderarii-la-uniunea-europeana-nu-e-un-esec","status":"publish","type":"post","link":"https:\/\/analyse.optim.biz\/?p=2119688","title":{"rendered":"Prima reac\u021bie a premierului Islandei dup\u0103 respingerea ader\u0103rii la Uniunea European\u0103: \u201eNu e un e\u0219ec\u201d"},"content":{"rendered":"<p>[analyse_image type=&#8221;featured&#8221; src=&#8221;https:\/\/s.iw.ro\/gateway\/g\/ZmlsZVNvdXJjZT1odHRwJTNBJTJGJTJG\/c3RvcmFnZTA4dHJhbnNjb2Rlci5yY3Mt\/cmRzLnJvJTJGc3RvcmFnZSUyRjIwMjYl\/MkYwMiUyRjI1JTJGMjYwNzE0N18yNjA3\/MTQ3X0tyaXN0cnVuLUZyb3N0YWRvdHRp\/ci1pc2xhbmRhLXByb2ZpbWVkaWEtMTA3\/ODE5MDcyOC5qcGcmdz0xMjAwJmg9NjMw\/JnpjPTEmaGFzaD02MjJkZTJmNmEyMjgxMTgyZjc0Y2FjOWVlMzEyM2FmNg==.thumb.jpg&#8221;]<\/p>\n<div class=\"entry data-app-meta data-app-meta-article\" data-embed-base-url-canonical=\"https:\/\/www.digi24.ro\/embed\/stiri\/externe\/prima-reactie-a-premierului-islandei-dupa-respingerea-aderarii-la-uniunea-europeana-nu-e-un-esec-3927621\">\n<p data-index=\"1\"><strong>Prim-ministrul islandez Kristrun Frostadottir consider\u0103 c\u0103 respingerea de c\u0103tre concet\u0103\u0163enii s\u0103i a relu\u0103rii negocierilor de aderare cu Uniunea European\u0103 nu este \u201eun e\u015fec\u201d, ci \u201eo victorie pentru democra\u0163ie\u201d, relateaz\u0103 AFP.<\/strong><\/p>\n<p data-index=\"2\">\u201eVreau s\u0103 fiu absolut clar\u0103: acest guvern <a href=\"https:\/\/www.digi24.ro\/stiri\/externe\/mapamond\/islanda-la-rascruce-rezultat-preliminar-strans-al-referendumului-pentru-reluarea-negocierilor-de-aderare-la-uniunea-europeana-3927163\" target=\"_blank\" rel=\"noopener\" data-skip-linkfix=\"1\">nu va relua negocierile<\/a> de aderare \u00een cursul acestei legislaturi\u201d, care se \u00eentinde p\u00e2n\u0103 \u00een 2028, a asigurat lidera social-democrat\u0103, ea \u00eens\u0103\u015fi favorabil\u0103 votului \u201eda\u201d.<\/p>\n<p data-index=\"3\">Ea a organizat o conferin\u0163\u0103 de pres\u0103 a doua zi dup\u0103 referendumul ini\u0163iat de guvernul s\u0103u, la care s-a \u00eenregistrat o prezen\u0163\u0103 puternic\u0103 la urne.<\/p>\n<p data-index=\"4\">Islandezii au respins propunerea de reluare a negocierilor de aderare la Uniunea European\u0103, d\u00e2nd o lovitur\u0103 guvernului \u015fi al\u0103tur\u00e2ndu-se celor care vedeau \u00een aceasta un risc pentru suveranitatea apelor de pescuit ale \u0163\u0103rii.<\/p>\n<p>Dup\u0103 num\u0103rarea tuturor buletinelor de vot, 52,8% dintre aleg\u0103tori s-au pronun\u0163at \u00eempotriva propunerii guvernului de a \u00eencepe negocierile cu Bruxelles, \u00een timp ce op\u0163iunea \u201eda\u201d a ob\u0163inut 47,2% din voturi, au relatat postul public de televiziune RUV \u015fi alte mass-media islandeze.<\/p>\n<p>Guvernul \u00ee\u015fi prezentase proiectul de aderare ca pe un moment decisiv, \u201eacum sau niciodat\u0103\u201d, iar prim-ministrul Kristrun Frostadottir declarase aleg\u0103torilor \u00een luna august c\u0103 un \u201enu\u201d ar pune cap\u0103t tuturor preconcep\u0163iilor legate de UE.<\/p>\n<p data-index=\"5\"><strong>Cite\u0219te \u0219i:<\/strong><a href=\"https:\/\/www.digi24.ro\/stiri\/externe\/mapamond\/categoric-nu-sau-poate-da-ce-a-inclinat-balanta-in-referendumul-din-islanda-pentru-reluarea-negocierilor-de-aderare-la-ue-3927341\" target=\"_blank\" rel=\"noopener\" data-skip-linkfix=\"1\">ANALIZ\u0102 \u201eCategoric nu\u201d sau \u201epoate da\u201d: ce a \u00eenclinat balan\u021ba \u00een referendumul din Islanda privind reluarea negocierilor de aderare la UE<\/a><\/p>\n<p> Editor : <a href=\"https:\/\/www.digi24.ro\/autor\/claudia-bancas\"> C.L.B. <\/a><\/p>\n<\/div>\n<p>[analyse_source url=&#8221;https:\/\/www.digi24.ro\/stiri\/externe\/prima-reactie-a-premierului-islandei-dupa-respingerea-aderarii-la-uniunea-europeana-nu-e-un-esec-3927621&#8243;]<\/p>\n","protected":false},"excerpt":{"rendered":"<p>[analyse_image type=&#8221;featured&#8221; src=&#8221;https:\/\/s.iw.ro\/gateway\/g\/ZmlsZVNvdXJjZT1odHRwJTNBJTJGJTJG\/c3RvcmFnZTA4dHJhbnNjb2Rlci5yY3Mt\/cmRzLnJvJTJGc3RvcmFnZSUyRjIwMjYl\/MkYwMiUyRjI1JTJGMjYwNzE0N18yNjA3\/MTQ3X0tyaXN0cnVuLUZyb3N0YWRvdHRp\/ci1pc2xhbmRhLXByb2ZpbWVkaWEtMTA3\/ODE5MDcyOC5qcGcmdz0xMjAwJmg9NjMw\/JnpjPTEmaGFzaD02MjJkZTJmNmEyMjgxMTgyZjc0Y2FjOWVlMzEyM2FmNg==.thumb.jpg&#8221;] Prim-ministrul islandez Kristrun Frostadottir consider\u0103 c\u0103 respingerea de c\u0103tre concet\u0103\u0163enii s\u0103i a relu\u0103rii negocierilor de aderare cu Uniunea European\u0103 nu este \u201eun e\u015fec\u201d, ci \u201eo victorie pentru democra\u0163ie\u201d, relateaz\u0103 AFP. \u201eVreau s\u0103 fiu absolut clar\u0103: acest guvern nu va relua negocierile de aderare \u00een cursul acestei legislaturi\u201d, care se \u00eentinde p\u00e2n\u0103 \u00een [&hellip;]<\/p>\n","protected":false},"author":1,"featured_media":0,"comment_status":"open","ping_status":"","sticky":false,"template":"","format":"standard","meta":{"footnotes":""},"categories":[89],"tags":[226,11],"class_list":["post-2119688","post","type-post","status-publish","format-standard","hentry","category-romania","tag-crawlmanager","tag-digi24"],"_links":{"self":[{"href":"https:\/\/analyse.optim.biz\/index.php?rest_route=\/wp\/v2\/posts\/2119688","targetHints":{"allow":["GET"]}}],"collection":[{"href":"https:\/\/analyse.optim.biz\/index.php?rest_route=\/wp\/v2\/posts"}],"about":[{"href":"https:\/\/analyse.optim.biz\/index.php?rest_route=\/wp\/v2\/types\/post"}],"author":[{"embeddable":true,"href":"https:\/\/analyse.optim.biz\/index.php?rest_route=\/wp\/v2\/users\/1"}],"replies":[{"embeddable":true,"href":"https:\/\/analyse.optim.biz\/index.php?rest_route=%2Fwp%2Fv2%2Fcomments&post=2119688"}],"version-history":[{"count":0,"href":"https:\/\/analyse.optim.biz\/index.php?rest_route=\/wp\/v2\/posts\/2119688\/revisions"}],"wp:attachment":[{"href":"https:\/\/analyse.optim.biz\/index.php?rest_route=%2Fwp%2Fv2%2Fmedia&parent=2119688"}],"wp:term":[{"taxonomy":"category","embeddable":true,"href":"https:\/\/analyse.optim.biz\/index.php?rest_route=%2Fwp%2Fv2%2Fcategories&post=2119688"},{"taxonomy":"post_tag","embeddable":true,"href":"https:\/\/analyse.optim.biz\/index.php?rest_route=%2Fwp%2Fv2%2Ftags&post=2119688"}],"curies":[{"name":"wp","href":"https:\/\/api.w.org\/{rel}","templated":true}]}}